{"id":3543,"date":"2017-09-13T11:03:45","date_gmt":"2017-09-13T08:03:45","guid":{"rendered":"http:\/\/rcg.com.tr\/?p=3543"},"modified":"2017-09-13T11:03:45","modified_gmt":"2017-09-13T08:03:45","slug":"2017-yili-ikinci-gecici-vergi-doneminde-uygulanacak-yeniden-degerleme-oranina-iliskin-sirkuler-yayinlandi-12-07-2017","status":"publish","type":"post","link":"https:\/\/www.rcg.com.tr\/?p=3543","title":{"rendered":"2017 Y\u0131l\u0131 \u0130kinci Ge\u00e7ici Vergi D\u00f6neminde Uygulanacak Yeniden De\u011ferleme Oran\u0131na \u0130li\u015fkin Sirk\u00fcler Yay\u0131nland\u0131. &#8211; 12.07.2017"},"content":{"rendered":"<p><strong>2017 Y\u0131l\u0131 \u0130kinci Ge\u00e7ici Vergi D\u00f6neminde Uygulanacak Yeniden De\u011ferleme Oran\u0131na \u0130li\u015fkin Sirk\u00fcler Yay\u0131nland\u0131. &#8211; 12.07.2017<\/strong><\/p>\n<div class=\"group-kunye field-group-div\">\n<div class=\"field field-name-field-f-tarih field-type-datetime field-label-inline clearfix\">\n<div class=\"field-label\">Tarih:<\/div>\n<div class=\"field-items\">\n<div class=\"field-item even\"><span class=\"date-display-single\">11\/07\/2017<\/span><\/div>\n<\/div>\n<\/div>\n<div class=\"field field-name-field-f-sayi field-type-text field-label-inline clearfix\">\n<div class=\"field-label\">Say\u0131:<\/div>\n<div class=\"field-items\">\n<div class=\"field-item even\">KVK-45 \/ 2017-3 \/ Yat\u0131r\u0131m \u0130ndirimi &#8211; 32<\/div>\n<\/div>\n<\/div>\n<\/div>\n<div class=\"field field-name-body field-type-text-with-summary field-label-hidden\">\n<div class=\"field-items\">\n<div class=\"field-item even\">\n<p align=\"center\"><b>\u00a0<\/b><b>T.C.<\/b><\/p>\n<p align=\"center\"><b>MAL\u0130YE BAKANLI\u011eI<\/b><\/p>\n<p align=\"center\"><b>Gelir \u0130daresi Ba\u015fkanl\u0131\u011f\u0131<\/b><\/p>\n<p align=\"center\"><b>5520 say\u0131l\u0131 Kurumlar Vergisi Kanunu Sirk\u00fcleri \/ 45<\/b><\/p>\n<p align=\"center\">\n<p align=\"center\">\n<div align=\"center\"><\/div>\n<table border=\"0\" cellspacing=\"0\" cellpadding=\"0\">\n<tbody>\n<tr>\n<td valign=\"top\" width=\"196\"><b>Konusu\u00a0\u00a0\u00a0\u00a0\u00a0\u00a0\u00a0<\/b><\/td>\n<td valign=\"top\" width=\"17\"><b>:<\/b><\/td>\n<td valign=\"top\" width=\"387\">Ge\u00e7ici Vergi D\u00f6nemlerinde Yeniden De\u011ferleme Oran\u0131<\/td>\n<\/tr>\n<tr>\n<td valign=\"top\" width=\"196\"><b>Tarihi\u00a0\u00a0\u00a0\u00a0<\/b><\/td>\n<td valign=\"top\" width=\"17\"><b>:<\/b><\/td>\n<td valign=\"top\" width=\"387\">11\/07\/2017<\/td>\n<\/tr>\n<tr>\n<td valign=\"top\" width=\"196\"><b>Say\u0131s\u0131\u00a0\u00a0\u00a0<\/b><\/td>\n<td valign=\"top\" width=\"17\"><b>:<\/b><\/td>\n<td valign=\"top\" width=\"387\">KVK-45 \/ 2017-3 \/ Yat\u0131r\u0131m \u0130ndirimi &#8211; 32<\/td>\n<\/tr>\n<tr>\n<td valign=\"top\" width=\"196\"><b>\u0130lgili oldu\u011fu maddeler\u00a0\u00a0\u00a0\u00a0\u00a0\u00a0\u00a0\u00a0\u00a0\u00a0\u00a0<\/b><\/td>\n<td valign=\"top\" width=\"17\"><b>:<\/b><\/td>\n<td valign=\"top\" width=\"387\">Vergi Usul Kanunu M\u00fckerrer Madde 298<\/p>\n<p>Kurumlar Vergisi Kanunu Madde 32\/A<\/p>\n<p>Gelir Vergisi Kanunu Ge\u00e7ici Madde 69<\/td>\n<\/tr>\n<tr>\n<td valign=\"top\" width=\"196\"><b>\u0130lgili oldu\u011fu kazan\u00e7 t\u00fcrleri\u00a0\u00a0\u00a0<\/b><\/td>\n<td valign=\"top\" width=\"17\"><b>:<\/b><\/td>\n<td valign=\"top\" width=\"387\">Ticari Kazan\u00e7, Zirai Kazan\u00e7<\/td>\n<\/tr>\n<\/tbody>\n<\/table>\n<p>&nbsp;<\/p>\n<p>213 say\u0131l\u0131 Vergi Usul Kanununun m\u00fckerrer 298 inci maddesinin (B) f\u0131kras\u0131na istinaden y\u0131ll\u0131k olarak hesaplanan ve Bakanl\u0131\u011f\u0131m\u0131zca ilan edilen yeniden de\u011ferleme oran\u0131na, vergi kanunlar\u0131ndan kaynaklanan nedenlerden dolay\u0131 ge\u00e7ici vergi d\u00f6nemlerinde de ihtiya\u00e7 duyulmaktad\u0131r.<\/p>\n<p>2017 y\u0131l\u0131 ikinci ge\u00e7ici vergi d\u00f6neminde uygulanacak yeniden de\u011ferleme oran\u0131\u00a0<b>% 9,70 (y\u00fczde dokuz virg\u00fcl yetmi\u015f)\u00a0<\/b>olarak tespit edilmi\u015ftir.<\/p>\n<p>Duyurulur.<\/p>\n<p align=\"center\"><b>\u00a0<\/b><\/p>\n<p>&nbsp;<\/p>\n<p align=\"right\">Adnan ERT\u00dcRK<\/p>\n<p align=\"right\">Gelir \u0130daresi Ba\u015fkan\u0131<\/p>\n<p>&nbsp;<\/p>\n<\/div>\n<\/div>\n<\/div>\n","protected":false},"excerpt":{"rendered":"<p>2017 Y\u0131l\u0131 \u0130kinci Ge\u00e7ici Vergi D\u00f6neminde Uygulanacak Yeniden De\u011ferleme Oran\u0131na \u0130li\u015fkin Sirk\u00fcler Yay\u0131nland\u0131. &#8211; 12.07.2017 Tarih: 11\/07\/2017 Say\u0131: KVK-45 \/ 2017-3 \/ Yat\u0131r\u0131m \u0130ndirimi &#8211; 32 \u00a0T.C. MAL\u0130YE BAKANLI\u011eI Gelir \u0130daresi Ba\u015fkanl\u0131\u011f\u0131 5520 say\u0131l\u0131 Kurumlar Vergisi Kanunu Sirk\u00fcleri \/ 45 Konusu\u00a0\u00a0\u00a0\u00a0\u00a0\u00a0\u00a0 : Ge\u00e7ici Vergi D\u00f6nemlerinde Yeniden De\u011ferleme Oran\u0131 Tarihi\u00a0\u00a0\u00a0\u00a0 : 11\/07\/2017 Say\u0131s\u0131\u00a0\u00a0\u00a0 : KVK-45 \/ [&hellip;]<\/p>\n","protected":false},"author":5,"featured_media":0,"comment_status":"closed","ping_status":"closed","sticky":false,"template":"","format":"standard","meta":{"footnotes":""},"categories":[1],"tags":[],"class_list":{"0":"post-3543","1":"post","2":"type-post","3":"status-publish","4":"format-standard","6":"category-genel"},"_links":{"self":[{"href":"https:\/\/www.rcg.com.tr\/index.php?rest_route=\/wp\/v2\/posts\/3543"}],"collection":[{"href":"https:\/\/www.rcg.com.tr\/index.php?rest_route=\/wp\/v2\/posts"}],"about":[{"href":"https:\/\/www.rcg.com.tr\/index.php?rest_route=\/wp\/v2\/types\/post"}],"author":[{"embeddable":true,"href":"https:\/\/www.rcg.com.tr\/index.php?rest_route=\/wp\/v2\/users\/5"}],"replies":[{"embeddable":true,"href":"https:\/\/www.rcg.com.tr\/index.php?rest_route=%2Fwp%2Fv2%2Fcomments&post=3543"}],"version-history":[{"count":1,"href":"https:\/\/www.rcg.com.tr\/index.php?rest_route=\/wp\/v2\/posts\/3543\/revisions"}],"predecessor-version":[{"id":3544,"href":"https:\/\/www.rcg.com.tr\/index.php?rest_route=\/wp\/v2\/posts\/3543\/revisions\/3544"}],"wp:attachment":[{"href":"https:\/\/www.rcg.com.tr\/index.php?rest_route=%2Fwp%2Fv2%2Fmedia&parent=3543"}],"wp:term":[{"taxonomy":"category","embeddable":true,"href":"https:\/\/www.rcg.com.tr\/index.php?rest_route=%2Fwp%2Fv2%2Fcategories&post=3543"},{"taxonomy":"post_tag","embeddable":true,"href":"https:\/\/www.rcg.com.tr\/index.php?rest_route=%2Fwp%2Fv2%2Ftags&post=3543"}],"curies":[{"name":"wp","href":"https:\/\/api.w.org\/{rel}","templated":true}]}}