{"id":3541,"date":"2017-09-13T11:03:19","date_gmt":"2017-09-13T08:03:19","guid":{"rendered":"http:\/\/rcg.com.tr\/?p=3541"},"modified":"2017-09-13T11:03:19","modified_gmt":"2017-09-13T08:03:19","slug":"ticari-defterlere-iliskin-tebligde-degisiklik-yapilmasina-dair-teblig-30-06-2017","status":"publish","type":"post","link":"https:\/\/www.rcg.com.tr\/?p=3541","title":{"rendered":"Ticari Defterlere \u0130li\u015fkin Tebli\u011fde De\u011fi\u015fiklik Yap\u0131lmas\u0131na Dair Tebli\u011f &#8211; 30.06.2017"},"content":{"rendered":"<p><strong>Ticari Defterlere \u0130li\u015fkin Tebli\u011fde De\u011fi\u015fiklik Yap\u0131lmas\u0131na Dair Tebli\u011f &#8211; 30.06.2017<\/strong><\/p>\n<table border=\"0\" width=\"586\" cellspacing=\"0\" cellpadding=\"0\">\n<tbody>\n<tr>\n<td>30 Haziran 2017 CUMA<\/td>\n<td>\n<p align=\"center\"><strong>Resm\u00ee Gazete<\/strong><\/p>\n<\/td>\n<td>\n<p align=\"right\">Say\u0131 : 30110<\/p>\n<\/td>\n<\/tr>\n<tr>\n<td colspan=\"3\">\n<p align=\"center\"><strong>TEBL\u0130\u011e<\/strong><\/p>\n<\/td>\n<\/tr>\n<tr>\n<td colspan=\"3\">G\u00fcmr\u00fck ve Ticaret Bakanl\u0131\u011f\u0131 ile Maliye Bakanl\u0131\u011f\u0131ndan:<\/p>\n<p>T\u0130CAR\u0130 DEFTERLERE \u0130L\u0130\u015eK\u0130N TEBL\u0130\u011eDE DE\u011e\u0130\u015e\u0130KL\u0130K<\/p>\n<p>YAPILMASINA DA\u0130R TEBL\u0130\u011e<\/p>\n<p><strong>MADDE 1 \u2013<\/strong>\u00a019\/12\/2012\u00a0tarihli ve 28502 say\u0131l\u0131 Resm\u00ee Gazete\u2019de yay\u0131mlanan Ticari Defterlere \u0130li\u015fkin Tebli\u011fin 15 inci maddesinin ikinci f\u0131kras\u0131nda yer alan \u201ctakip eden\u201d ibaresinden sonra gelmek \u00fczere \u201cikinci\u201d ibaresi eklenmi\u015ftir.<\/p>\n<p><strong>MADDE 2 \u2013\u00a0<\/strong>Bu Tebli\u011f yay\u0131m\u0131 tarihinde y\u00fcr\u00fcrl\u00fc\u011fe girer.<\/p>\n<p><strong>MADDE 3 \u2013\u00a0<\/strong>Bu Tebli\u011f h\u00fck\u00fcmlerini G\u00fcmr\u00fck ve Ticaret Bakan\u0131 ile Maliye Bakan\u0131 y\u00fcr\u00fct\u00fcr.<\/td>\n<\/tr>\n<\/tbody>\n<\/table>\n","protected":false},"excerpt":{"rendered":"<p>Ticari Defterlere \u0130li\u015fkin Tebli\u011fde De\u011fi\u015fiklik Yap\u0131lmas\u0131na Dair Tebli\u011f &#8211; 30.06.2017 30 Haziran 2017 CUMA Resm\u00ee Gazete Say\u0131 : 30110 TEBL\u0130\u011e G\u00fcmr\u00fck ve Ticaret Bakanl\u0131\u011f\u0131 ile Maliye Bakanl\u0131\u011f\u0131ndan: T\u0130CAR\u0130 DEFTERLERE \u0130L\u0130\u015eK\u0130N TEBL\u0130\u011eDE DE\u011e\u0130\u015e\u0130KL\u0130K YAPILMASINA DA\u0130R TEBL\u0130\u011e MADDE 1 \u2013\u00a019\/12\/2012\u00a0tarihli ve 28502 say\u0131l\u0131 Resm\u00ee Gazete\u2019de yay\u0131mlanan Ticari Defterlere \u0130li\u015fkin Tebli\u011fin 15 inci maddesinin ikinci f\u0131kras\u0131nda yer alan [&hellip;]<\/p>\n","protected":false},"author":5,"featured_media":0,"comment_status":"closed","ping_status":"closed","sticky":false,"template":"","format":"standard","meta":{"footnotes":""},"categories":[1],"tags":[],"class_list":{"0":"post-3541","1":"post","2":"type-post","3":"status-publish","4":"format-standard","6":"category-genel"},"_links":{"self":[{"href":"https:\/\/www.rcg.com.tr\/index.php?rest_route=\/wp\/v2\/posts\/3541"}],"collection":[{"href":"https:\/\/www.rcg.com.tr\/index.php?rest_route=\/wp\/v2\/posts"}],"about":[{"href":"https:\/\/www.rcg.com.tr\/index.php?rest_route=\/wp\/v2\/types\/post"}],"author":[{"embeddable":true,"href":"https:\/\/www.rcg.com.tr\/index.php?rest_route=\/wp\/v2\/users\/5"}],"replies":[{"embeddable":true,"href":"https:\/\/www.rcg.com.tr\/index.php?rest_route=%2Fwp%2Fv2%2Fcomments&post=3541"}],"version-history":[{"count":1,"href":"https:\/\/www.rcg.com.tr\/index.php?rest_route=\/wp\/v2\/posts\/3541\/revisions"}],"predecessor-version":[{"id":3542,"href":"https:\/\/www.rcg.com.tr\/index.php?rest_route=\/wp\/v2\/posts\/3541\/revisions\/3542"}],"wp:attachment":[{"href":"https:\/\/www.rcg.com.tr\/index.php?rest_route=%2Fwp%2Fv2%2Fmedia&parent=3541"}],"wp:term":[{"taxonomy":"category","embeddable":true,"href":"https:\/\/www.rcg.com.tr\/index.php?rest_route=%2Fwp%2Fv2%2Fcategories&post=3541"},{"taxonomy":"post_tag","embeddable":true,"href":"https:\/\/www.rcg.com.tr\/index.php?rest_route=%2Fwp%2Fv2%2Ftags&post=3541"}],"curies":[{"name":"wp","href":"https:\/\/api.w.org\/{rel}","templated":true}]}}