{"id":3512,"date":"2017-05-25T10:05:21","date_gmt":"2017-05-25T07:05:21","guid":{"rendered":"http:\/\/rcg.com.tr\/?p=3512"},"modified":"2017-05-25T10:05:21","modified_gmt":"2017-05-25T07:05:21","slug":"201710326-5510-sayili-sosyal-sigortalar-ve-genel-saglik-sigortasi-kanununun-gecici-71-inci-maddesi-uyarinca-2017-yilinda-saglanacak-destek-tutarinin-belirlenmesine-iliskin-kararda-degisiklik-yapilmas","status":"publish","type":"post","link":"https:\/\/www.rcg.com.tr\/?p=3512","title":{"rendered":"2017\/10326 5510 Say\u0131l\u0131 Sosyal Sigortalar ve Genel Sa\u011fl\u0131k Sigortas\u0131 Kanununun Ge\u00e7ici 71 inci Maddesi Uyar\u0131nca 2017 Y\u0131l\u0131nda Sa\u011flanacak Destek Tutar\u0131n\u0131n Belirlenmesine \u0130li\u015fkin Kararda De\u011fi\u015fiklik Yap\u0131lmas\u0131 Hakk\u0131nda Karar\u0131n Y\u00fcr\u00fcrl\u00fc\u011fe Konulmas\u0131 Hakk\u0131nda Karar &#8211; 20.05.2017"},"content":{"rendered":"<p><strong>2017\/10326 5510 Say\u0131l\u0131 Sosyal Sigortalar ve Genel Sa\u011fl\u0131k Sigortas\u0131 Kanununun Ge\u00e7ici 71 inci Maddesi Uyar\u0131nca 2017 Y\u0131l\u0131nda Sa\u011flanacak Destek Tutar\u0131n\u0131n Belirlenmesine \u0130li\u015fkin Kararda De\u011fi\u015fiklik Yap\u0131lmas\u0131 Hakk\u0131nda Karar\u0131n Y\u00fcr\u00fcrl\u00fc\u011fe Konulmas\u0131 Hakk\u0131nda Karar &#8211; 20.05.2017<\/strong><\/p>\n<p><strong>2017 Y\u0131l\u0131 5510 Ge\u00e7ici 71 inci Madde Deste\u011fi<\/strong><\/p>\n<p>20 May\u0131s 2017 Tarihli Resmi Gazete<\/p>\n<p>Say\u0131:\u00a030071<\/p>\n<p><strong>Karar Say\u0131s\u0131 : 2017\/10326<\/strong><\/p>\n<p><strong><a href=\"http:\/\/www.alomaliye.com\/2006\/06\/16\/sosyal-sigortalar-ve-genel-saglik-sigortasi-kanunu-5510-sayili-kanun\/\">5510 say\u0131l\u0131 Sosyal Sigortalar ve Genel Sa\u011fl\u0131k Sigortas\u0131 Kanununun<\/a><\/strong>\u00a0ge\u00e7ici 71 inci maddesi uyar\u0131nca 2017 y\u0131l\u0131nda sa\u011flanacak destek tutar\u0131n\u0131n belirlenmesine ili\u015fkin Kararda de\u011fi\u015fiklik yap\u0131lmas\u0131 hakk\u0131ndaki ekli Karar\u0131n y\u00fcr\u00fcrl\u00fc\u011fe konulmas\u0131; \u00c7al\u0131\u015fma ve Sosyal G\u00fcvenlik Bakanl\u0131\u011f\u0131n\u0131n 3\/5\/2017 tarihli ve 5818732 say\u0131l\u0131 yaz\u0131s\u0131 \u00fczerine,\u00a0<strong><a href=\"http:\/\/www.alomaliye.com\/2017\/05\/20\/5510-sayili-kanunun-gecici-71-maddesi\/\">5510 say\u0131l\u0131 Kanunun ge\u00e7ici 71 inci maddesi<\/a><\/strong>ne g\u00f6re, Bakanlar Kurulu\u2019nca 16\/5\/2017 tarihinde kararla\u015ft\u0131r\u0131lm\u0131\u015ft\u0131r.<\/p>\n<p>Recep Tayyip ERDO\u011eAN<\/p>\n<p>CUMHURBA\u015eKANI<\/p>\n<p><strong>16\/5\/2017 TAR\u0130HL\u0130 VE 2017\/10326 SAYILI KARARNAMEN\u0130N EK\u0130<\/strong><\/p>\n<p><strong>KARAR<\/strong><\/p>\n<p><strong>MADDE 1<\/strong>\u2013 5510 say\u0131l\u0131 Sosyal Sigortalar ve Genel Sa\u011fl\u0131k Sigortas\u0131 Kanununun ge\u00e7ici 71 inci maddesi uyar\u0131nca 2017 y\u0131l\u0131nda sa\u011flanacak destek tutar\u0131n\u0131n belirlenmesine ili\u015fkin 6\/2\/2017 tarihli ve\u00a0<strong><a href=\"http:\/\/www.alomaliye.com\/2017\/02\/22\/bkk-20179865-5510-sayili-kanun-gecici-71\/\">2017\/9865 say\u0131l\u0131 Kararname<\/a><\/strong>nin eki Karar\u0131n 1 inci maddesine a\u015fa\u011f\u0131daki f\u0131kra eklenmi\u015ftir.<\/p>\n<p>\u201c(2) Birinci f\u0131kra kapsam\u0131nda tespit edilen prime esas g\u00fcnl\u00fck kazan\u00e7 tutar\u0131, 18\/10\/2012 tarihli ve\u00a0<strong><a href=\"http:\/\/www.alomaliye.com\/2012\/11\/07\/sendikalar-ve-toplu-is-sozlesmesi-kanunu-6356-sayili-kanun\/\">6356 say\u0131l\u0131 Sendikalar ve Toplu \u0130\u015f S\u00f6zle\u015fmesi Kanunu<\/a><\/strong>\u00a0h\u00fck\u00fcmleri uyar\u0131nca toplu i\u015f s\u00f6zle\u015fmesi uygulanan \u00f6zel sekt\u00f6r i\u015fverenlerine ait i\u015fyerleri i\u00e7in, 1\/5\/2017 tarihinden ge\u00e7erli olmak \u00fczere 164,70 TL olarak uygulan\u0131r.\u201d<\/p>\n<p><strong>MADDE 2<\/strong>\u2013 Bu Karar yay\u0131m\u0131 tarihinde y\u00fcr\u00fcrl\u00fc\u011fe girer.<\/p>\n<p><strong>MADDE 3<\/strong>\u2013 Bu Karar h\u00fck\u00fcmlerini \u00c7al\u0131\u015fma ve Sosyal G\u00fcvenlik Bakan\u0131 y\u00fcr\u00fct\u00fcr.<\/p>\n<table width=\"567\">\n<tbody>\n<tr>\n<td colspan=\"3\" width=\"567\"><strong>Bakanlar Kurulu Karar\u0131n\u0131n\u00a0Yay\u0131mland\u0131\u011f\u0131 Resm\u00ee Gazete\u2019nin<\/strong><\/td>\n<\/tr>\n<tr>\n<td colspan=\"2\" width=\"284\"><strong>Tarihi<\/strong><\/td>\n<td width=\"283\"><strong>Say\u0131s\u0131<\/strong><\/td>\n<\/tr>\n<tr>\n<td colspan=\"2\" width=\"284\">22\/2\/2017<\/td>\n<td width=\"283\">29987<\/td>\n<\/tr>\n<\/tbody>\n<\/table>\n<p>&nbsp;<\/p>\n","protected":false},"excerpt":{"rendered":"<p>2017\/10326 5510 Say\u0131l\u0131 Sosyal Sigortalar ve Genel Sa\u011fl\u0131k Sigortas\u0131 Kanununun Ge\u00e7ici 71 inci Maddesi Uyar\u0131nca 2017 Y\u0131l\u0131nda Sa\u011flanacak Destek Tutar\u0131n\u0131n Belirlenmesine \u0130li\u015fkin Kararda De\u011fi\u015fiklik Yap\u0131lmas\u0131 Hakk\u0131nda Karar\u0131n Y\u00fcr\u00fcrl\u00fc\u011fe Konulmas\u0131 Hakk\u0131nda Karar &#8211; 20.05.2017 2017 Y\u0131l\u0131 5510 Ge\u00e7ici 71 inci Madde Deste\u011fi 20 May\u0131s 2017 Tarihli Resmi Gazete Say\u0131:\u00a030071 Karar Say\u0131s\u0131 : 2017\/10326 5510 say\u0131l\u0131 Sosyal [&hellip;]<\/p>\n","protected":false},"author":5,"featured_media":0,"comment_status":"closed","ping_status":"closed","sticky":false,"template":"","format":"standard","meta":{"footnotes":""},"categories":[1],"tags":[],"class_list":{"0":"post-3512","1":"post","2":"type-post","3":"status-publish","4":"format-standard","6":"category-genel"},"_links":{"self":[{"href":"https:\/\/www.rcg.com.tr\/index.php?rest_route=\/wp\/v2\/posts\/3512"}],"collection":[{"href":"https:\/\/www.rcg.com.tr\/index.php?rest_route=\/wp\/v2\/posts"}],"about":[{"href":"https:\/\/www.rcg.com.tr\/index.php?rest_route=\/wp\/v2\/types\/post"}],"author":[{"embeddable":true,"href":"https:\/\/www.rcg.com.tr\/index.php?rest_route=\/wp\/v2\/users\/5"}],"replies":[{"embeddable":true,"href":"https:\/\/www.rcg.com.tr\/index.php?rest_route=%2Fwp%2Fv2%2Fcomments&post=3512"}],"version-history":[{"count":1,"href":"https:\/\/www.rcg.com.tr\/index.php?rest_route=\/wp\/v2\/posts\/3512\/revisions"}],"predecessor-version":[{"id":3513,"href":"https:\/\/www.rcg.com.tr\/index.php?rest_route=\/wp\/v2\/posts\/3512\/revisions\/3513"}],"wp:attachment":[{"href":"https:\/\/www.rcg.com.tr\/index.php?rest_route=%2Fwp%2Fv2%2Fmedia&parent=3512"}],"wp:term":[{"taxonomy":"category","embeddable":true,"href":"https:\/\/www.rcg.com.tr\/index.php?rest_route=%2Fwp%2Fv2%2Fcategories&post=3512"},{"taxonomy":"post_tag","embeddable":true,"href":"https:\/\/www.rcg.com.tr\/index.php?rest_route=%2Fwp%2Fv2%2Ftags&post=3512"}],"curies":[{"name":"wp","href":"https:\/\/api.w.org\/{rel}","templated":true}]}}