{"id":3504,"date":"2017-05-25T10:01:19","date_gmt":"2017-05-25T07:01:19","guid":{"rendered":"http:\/\/rcg.com.tr\/?p=3504"},"modified":"2017-05-25T10:01:19","modified_gmt":"2017-05-25T07:01:19","slug":"201710106-3112017-tarihli-ve-20179759-sayili-kararnamenin-eki-kararda-degisiklik-yapilmasi-hakkinda-karar-29-04-2017","status":"publish","type":"post","link":"https:\/\/www.rcg.com.tr\/?p=3504","title":{"rendered":"2017\/10106 31\/1\/2017 Tarihli ve 2017\/9759 Say\u0131l\u0131 Kararnamenin Eki Kararda De\u011fi\u015fiklik Yap\u0131lmas\u0131 Hakk\u0131nda Karar &#8211; 29.04.2017"},"content":{"rendered":"<div class=\"baslik-all100\"><\/div>\n<div class=\"indx_yazi\">\n<p><strong>2017\/10106 31\/1\/2017 Tarihli ve 2017\/9759 Say\u0131l\u0131 Kararnamenin Eki Kararda De\u011fi\u015fiklik Yap\u0131lmas\u0131 Hakk\u0131nda Karar &#8211; 29.04.2017<\/strong><\/p>\n<p><strong>25\/4\/2017 TAR\u0130HL\u0130 2017\/10106 SAYILI KARARNAMEN\u0130N EK\u0130 KARAR<\/strong><\/p>\n<p><strong>MADDE 1<\/strong>\u2013 31\/1\/2017 tarihli ve 2017\/9759 say\u0131l\u0131 Kararnamenin eki Karar\u0131n. 5 inci maddesi ile 8 inci maddesinde yer alan \u201c30\/4\/2017\u201d ibareleri \u201c30\/9\/2017\u201d \u015feklinde de\u011fi\u015ftirilmi\u015ftir.<\/p>\n<p><strong>MADDE 2<\/strong>\u2013 Bu Karar yay\u0131m\u0131 tarihinde y\u00fcr\u00fcrl\u00fc\u011fe girer.<\/p>\n<p><strong>MADDE 3<\/strong>\u2013 Bu Karar h\u00fck\u00fcmlerini Maliye Bakan\u0131 y\u00fcr\u00fct\u00fcr.<\/p>\n<\/div>\n","protected":false},"excerpt":{"rendered":"<p>2017\/10106 31\/1\/2017 Tarihli ve 2017\/9759 Say\u0131l\u0131 Kararnamenin Eki Kararda De\u011fi\u015fiklik Yap\u0131lmas\u0131 Hakk\u0131nda Karar &#8211; 29.04.2017 25\/4\/2017 TAR\u0130HL\u0130 2017\/10106 SAYILI KARARNAMEN\u0130N EK\u0130 KARAR MADDE 1\u2013 31\/1\/2017 tarihli ve 2017\/9759 say\u0131l\u0131 Kararnamenin eki Karar\u0131n. 5 inci maddesi ile 8 inci maddesinde yer alan \u201c30\/4\/2017\u201d ibareleri \u201c30\/9\/2017\u201d \u015feklinde de\u011fi\u015ftirilmi\u015ftir. MADDE 2\u2013 Bu Karar yay\u0131m\u0131 tarihinde y\u00fcr\u00fcrl\u00fc\u011fe girer. MADDE [&hellip;]<\/p>\n","protected":false},"author":5,"featured_media":0,"comment_status":"closed","ping_status":"closed","sticky":false,"template":"","format":"standard","meta":{"footnotes":""},"categories":[1],"tags":[],"class_list":{"0":"post-3504","1":"post","2":"type-post","3":"status-publish","4":"format-standard","6":"category-genel"},"_links":{"self":[{"href":"https:\/\/www.rcg.com.tr\/index.php?rest_route=\/wp\/v2\/posts\/3504"}],"collection":[{"href":"https:\/\/www.rcg.com.tr\/index.php?rest_route=\/wp\/v2\/posts"}],"about":[{"href":"https:\/\/www.rcg.com.tr\/index.php?rest_route=\/wp\/v2\/types\/post"}],"author":[{"embeddable":true,"href":"https:\/\/www.rcg.com.tr\/index.php?rest_route=\/wp\/v2\/users\/5"}],"replies":[{"embeddable":true,"href":"https:\/\/www.rcg.com.tr\/index.php?rest_route=%2Fwp%2Fv2%2Fcomments&post=3504"}],"version-history":[{"count":1,"href":"https:\/\/www.rcg.com.tr\/index.php?rest_route=\/wp\/v2\/posts\/3504\/revisions"}],"predecessor-version":[{"id":3505,"href":"https:\/\/www.rcg.com.tr\/index.php?rest_route=\/wp\/v2\/posts\/3504\/revisions\/3505"}],"wp:attachment":[{"href":"https:\/\/www.rcg.com.tr\/index.php?rest_route=%2Fwp%2Fv2%2Fmedia&parent=3504"}],"wp:term":[{"taxonomy":"category","embeddable":true,"href":"https:\/\/www.rcg.com.tr\/index.php?rest_route=%2Fwp%2Fv2%2Fcategories&post=3504"},{"taxonomy":"post_tag","embeddable":true,"href":"https:\/\/www.rcg.com.tr\/index.php?rest_route=%2Fwp%2Fv2%2Ftags&post=3504"}],"curies":[{"name":"wp","href":"https:\/\/api.w.org\/{rel}","templated":true}]}}