{"id":3500,"date":"2017-05-25T09:59:19","date_gmt":"2017-05-25T06:59:19","guid":{"rendered":"http:\/\/rcg.com.tr\/?p=3500"},"modified":"2017-05-25T09:59:19","modified_gmt":"2017-05-25T06:59:19","slug":"elektronik-defterlerin-olusturulma-ve-imzalanma-suresi-ile-elektronik-defter-beratlarinin-sisteme-yuklenme-suresi-uzatildi-20-04-2017","status":"publish","type":"post","link":"https:\/\/www.rcg.com.tr\/?p=3500","title":{"rendered":"Elektronik Defterlerin Olu\u015fturulma ve \u0130mzalanma S\u00fcresi \u0130le Elektronik Defter Beratlar\u0131&#8217;n\u0131n Sisteme Y\u00fcklenme S\u00fcresi Uzat\u0131ld\u0131. &#8211; 20.04.2017"},"content":{"rendered":"<p><strong>Elektronik Defterlerin Olu\u015fturulma ve \u0130mzalanma S\u00fcresi \u0130le Elektronik Defter Beratlar\u0131&#8217;n\u0131n Sisteme Y\u00fcklenme S\u00fcresi Uzat\u0131ld\u0131. &#8211; 20.04.2017<\/strong><\/p>\n<div class=\"group-kunye field-group-div\">\n<div class=\"field field-name-field-f-tarih field-type-datetime field-label-inline clearfix\">\n<div class=\"field-label\">Tarih:<\/div>\n<div class=\"field-items\">\n<div class=\"field-item even\"><span class=\"date-display-single\">20\/04\/2017<\/span><\/div>\n<\/div>\n<\/div>\n<div class=\"field field-name-field-f-sayi field-type-text field-label-inline clearfix\">\n<div class=\"field-label\">Say\u0131:<\/div>\n<div class=\"field-items\">\n<div class=\"field-item even\">VUK-92 \/ 2017-5<\/div>\n<\/div>\n<\/div>\n<\/div>\n<div class=\"field field-name-body field-type-text-with-summary field-label-hidden\">\n<div class=\"field-items\">\n<div class=\"field-item even\">\n<p align=\"center\">T.C.<\/p>\n<p align=\"center\">MAL\u0130YE BAKANLI\u011eI<\/p>\n<p align=\"center\">Gelir \u0130daresi Ba\u015fkanl\u0131\u011f\u0131<\/p>\n<p>&nbsp;<\/p>\n<p align=\"center\">VERG\u0130 USUL KANUNU S\u0130RK\u00dcLER\u0130\/92<\/p>\n<p>&nbsp;<\/p>\n<p>Konusu: Elektronik defter (e-Defter) uygulamas\u0131na d\u00e2hil olanlar taraf\u0131ndan 02 May\u0131s 2017 g\u00fcn\u00fc sonuna kadar olu\u015fturulmas\u0131 ve imzalanmas\u0131 gereken e-Defterlerin olu\u015fturulma ve imzalanma s\u00fcresi ile ayn\u0131 s\u00fcrede Gelir \u0130daresi Ba\u015fkanl\u0131\u011f\u0131 Bilgi \u0130\u015flem Sistemine y\u00fcklenmesi gereken \u201cElektronik Defter Beratlar\u0131\u201dn\u0131n y\u00fcklenme s\u00fcresinin uzat\u0131lmas\u0131.<\/p>\n<p>Tarihi: 20\/04\/2017<\/p>\n<p>Say\u0131s\u0131: VUK-92 \/ 2017-5<\/p>\n<p>&nbsp;<\/p>\n<p>1. Giri\u015f:<\/p>\n<p>Ba\u015fkanl\u0131\u011f\u0131m\u0131za iletilen talepler do\u011frultusunda, Vergi Usul Kanununun M\u00fckerrer 242 nci maddesindeki yetkiye dayan\u0131larak, 02 May\u0131s 2017 g\u00fcn\u00fc sonuna kadar olu\u015fturulmas\u0131 ve imzalanmas\u0131 gereken e-Defterlerin olu\u015fturulma ve imzalanma s\u00fcresi ile ayn\u0131 s\u00fcrede Gelir \u0130daresi Ba\u015fkanl\u0131\u011f\u0131 Bilgi \u0130\u015flem Sistemine y\u00fcklenmesi gereken \u201cElektronik Defter Beratlar\u0131\u201dn\u0131n y\u00fcklenme s\u00fcresinin uzat\u0131lmas\u0131 bu sirk\u00fclerin konusunu olu\u015fturmaktad\u0131r.<\/p>\n<p>2. Elektronik Defterlerin Olu\u015fturulma ve \u0130mzalanma S\u00fcresi ile Elektronik Defter Beratlar\u0131n\u0131n Y\u00fcklenme S\u00fcresinin Uzat\u0131lmas\u0131:<\/p>\n<p>02 May\u0131s 2017 g\u00fcn\u00fc sonuna kadar olu\u015fturulmas\u0131 ve imzalanmas\u0131 gereken e-Defterlerin olu\u015fturulma ve imzalanma s\u00fcresi ile ayn\u0131 s\u00fcrede Gelir \u0130daresi Ba\u015fkanl\u0131\u011f\u0131 Bilgi \u0130\u015flem Sistemine y\u00fcklenmesi gereken \u201cElektronik Defter Beratlar\u0131\u201dn\u0131n y\u00fcklenme s\u00fcresi 31 May\u0131s 2017 g\u00fcn\u00fc sonuna kadar uzat\u0131lm\u0131\u015ft\u0131r.<\/p>\n<p>Duyurulur.<\/p>\n<p>&nbsp;<\/p>\n<p>Adnan ERT\u00dcRK<\/p>\n<p>Gelir \u0130daresi Ba\u015fkan\u0131<\/p>\n<p>&nbsp;<\/p>\n<\/div>\n<\/div>\n<\/div>\n","protected":false},"excerpt":{"rendered":"<p>Elektronik Defterlerin Olu\u015fturulma ve \u0130mzalanma S\u00fcresi \u0130le Elektronik Defter Beratlar\u0131&#8217;n\u0131n Sisteme Y\u00fcklenme S\u00fcresi Uzat\u0131ld\u0131. &#8211; 20.04.2017 Tarih: 20\/04\/2017 Say\u0131: VUK-92 \/ 2017-5 T.C. MAL\u0130YE BAKANLI\u011eI Gelir \u0130daresi Ba\u015fkanl\u0131\u011f\u0131 &nbsp; VERG\u0130 USUL KANUNU S\u0130RK\u00dcLER\u0130\/92 &nbsp; Konusu: Elektronik defter (e-Defter) uygulamas\u0131na d\u00e2hil olanlar taraf\u0131ndan 02 May\u0131s 2017 g\u00fcn\u00fc sonuna kadar olu\u015fturulmas\u0131 ve imzalanmas\u0131 gereken e-Defterlerin olu\u015fturulma ve [&hellip;]<\/p>\n","protected":false},"author":5,"featured_media":0,"comment_status":"closed","ping_status":"closed","sticky":false,"template":"","format":"standard","meta":{"footnotes":""},"categories":[1],"tags":[],"class_list":{"0":"post-3500","1":"post","2":"type-post","3":"status-publish","4":"format-standard","6":"category-genel"},"_links":{"self":[{"href":"https:\/\/www.rcg.com.tr\/index.php?rest_route=\/wp\/v2\/posts\/3500"}],"collection":[{"href":"https:\/\/www.rcg.com.tr\/index.php?rest_route=\/wp\/v2\/posts"}],"about":[{"href":"https:\/\/www.rcg.com.tr\/index.php?rest_route=\/wp\/v2\/types\/post"}],"author":[{"embeddable":true,"href":"https:\/\/www.rcg.com.tr\/index.php?rest_route=\/wp\/v2\/users\/5"}],"replies":[{"embeddable":true,"href":"https:\/\/www.rcg.com.tr\/index.php?rest_route=%2Fwp%2Fv2%2Fcomments&post=3500"}],"version-history":[{"count":1,"href":"https:\/\/www.rcg.com.tr\/index.php?rest_route=\/wp\/v2\/posts\/3500\/revisions"}],"predecessor-version":[{"id":3501,"href":"https:\/\/www.rcg.com.tr\/index.php?rest_route=\/wp\/v2\/posts\/3500\/revisions\/3501"}],"wp:attachment":[{"href":"https:\/\/www.rcg.com.tr\/index.php?rest_route=%2Fwp%2Fv2%2Fmedia&parent=3500"}],"wp:term":[{"taxonomy":"category","embeddable":true,"href":"https:\/\/www.rcg.com.tr\/index.php?rest_route=%2Fwp%2Fv2%2Fcategories&post=3500"},{"taxonomy":"post_tag","embeddable":true,"href":"https:\/\/www.rcg.com.tr\/index.php?rest_route=%2Fwp%2Fv2%2Ftags&post=3500"}],"curies":[{"name":"wp","href":"https:\/\/api.w.org\/{rel}","templated":true}]}}