{"id":3496,"date":"2017-05-25T09:57:32","date_gmt":"2017-05-25T06:57:32","guid":{"rendered":"http:\/\/rcg.com.tr\/?p=3496"},"modified":"2017-05-25T09:57:32","modified_gmt":"2017-05-25T06:57:32","slug":"gumruk-kanununa-gore-mulkiyetin-kamuya-gecirilmesi-karari-verilen-kara-tasitlarinin-sahiplerine-iadesi-hakkinda-yonetmelik-12-04-2017","status":"publish","type":"post","link":"https:\/\/www.rcg.com.tr\/?p=3496","title":{"rendered":"G\u00fcmr\u00fck Kanununa G\u00f6re M\u00fclkiyetin Kamuya Ge\u00e7irilmesi Karar\u0131 Verilen Kara Ta\u015f\u0131tlar\u0131n\u0131n Sahiplerine \u0130adesi Hakk\u0131nda Y\u00f6netmelik &#8211; 12.04.2017"},"content":{"rendered":"<p><strong>G\u00fcmr\u00fck Kanununa G\u00f6re M\u00fclkiyetin Kamuya Ge\u00e7irilmesi Karar\u0131 Verilen Kara Ta\u015f\u0131tlar\u0131n\u0131n Sahiplerine \u0130adesi Hakk\u0131nda Y\u00f6netmelik &#8211; 12.04.2017<\/strong><\/p>\n<table border=\"0\" cellspacing=\"0\" cellpadding=\"0\" align=\"center\">\n<tbody>\n<tr>\n<td>\n<table border=\"0\" width=\"586\" cellspacing=\"0\" cellpadding=\"0\" align=\"center\">\n<tbody>\n<tr>\n<td>12 Nisan 2017 \u00c7AR\u015eAMBA<\/td>\n<td>\n<p align=\"center\"><strong>Resm\u00ee Gazete<\/strong><\/p>\n<\/td>\n<td>\n<p align=\"right\">Say\u0131 : 30036<\/p>\n<\/td>\n<\/tr>\n<tr>\n<td colspan=\"3\">\n<p align=\"center\"><strong>Y\u00d6NETMEL\u0130K<\/strong><\/p>\n<\/td>\n<\/tr>\n<tr>\n<td colspan=\"3\">G\u00fcmr\u00fck ve Ticaret Bakanl\u0131\u011f\u0131 ve Maliye Bakanl\u0131\u011f\u0131ndan:<\/p>\n<p>G\u00dcMR\u00dcK KANUNUNA G\u00d6RE M\u00dcLK\u0130YET\u0130N KAMUYA GE\u00c7\u0130R\u0130LMES\u0130<\/p>\n<p>KARARI VER\u0130LEN KARA TA\u015eITLARININ SAH\u0130PLER\u0130NE<\/p>\n<p>\u0130ADES\u0130 HAKKINDA Y\u00d6NETMEL\u0130K<\/p>\n<p><strong>Ama\u00e7 ve kapsam<\/strong><\/p>\n<p><strong>MADDE 1 \u2013\u00a0<\/strong>(1) Bu Y\u00f6netmeli\u011fin amac\u0131; 27\/10\/1999 tarihli ve 4458 say\u0131l\u0131 G\u00fcmr\u00fck Kanununun 235 inci maddesine g\u00f6re el konularak m\u00fclkiyetin kamuya ge\u00e7irilmesi karar\u0131 verilen ara\u00e7lar\u0131n sahiplerine iadesine ili\u015fkin usul ve esaslar\u0131 belirlemektir.<\/p>\n<p>(2) Bu Y\u00f6netmelik, Kanunun ge\u00e7ici 9 uncu maddesinin y\u00fcr\u00fcrl\u00fck tarihinden \u00f6nce ayn\u0131 Kanunun 235 inci maddesine g\u00f6re el konularak m\u00fclkiyetin kamuya ge\u00e7irilmesi karar\u0131 verilmi\u015f ve hen\u00fcz tasfiyesi tamamlanmam\u0131\u015f olan ara\u00e7lar\u0131 kapsar.<\/p>\n<p><strong>Dayanak<\/strong><\/p>\n<p><strong>MADDE 2 \u2013\u00a0<\/strong>(1) Bu Y\u00f6netmelik, 27\/10\/1999 tarihli ve 4458 say\u0131l\u0131 G\u00fcmr\u00fck Kanununun ge\u00e7ici 9 uncu maddesine dayan\u0131larak haz\u0131rlanm\u0131\u015ft\u0131r.<\/p>\n<p><strong>Tan\u0131mlar<\/strong><\/p>\n<p><strong>MADDE 3 \u2013\u00a0<\/strong>(1) Bu Y\u00f6netmelikte ge\u00e7en;<\/p>\n<p>a) Ara\u00e7: Kara ula\u015f\u0131m arac\u0131n\u0131,<\/p>\n<p>b) Ba\u015fvuru sahibi: Arac\u0131n malikini,<\/p>\n<p>c) \u0130lk iktisap: 4760 say\u0131l\u0131 \u00d6zel T\u00fcketim Vergisi Kanununa ekli (II) say\u0131l\u0131 listedeki kara ula\u015f\u0131m ara\u00e7lar\u0131ndan T\u00fcrkiye\u2019de kay\u0131t ve tescil edilmemi\u015f olanlar\u0131n\u0131n kullan\u0131lmak \u00fczere ithalini, m\u00fczayede yoluyla veya kay\u0131t ve tescil edilmi\u015f olsa dahi 6502 say\u0131l\u0131 T\u00fcketicinin Korunmas\u0131 Hakk\u0131nda Kanun h\u00fck\u00fcmlerine g\u00f6re iade edilenler de d\u00e2hil motorlu ara\u00e7 ticareti yapanlardan iktisab\u0131n\u0131, motorlu ara\u00e7 ticareti yapanlar taraf\u0131ndan kullan\u0131lmaya ba\u015flanmas\u0131n\u0131, aktife al\u0131nmas\u0131n\u0131 veya adlar\u0131na kay\u0131t ve tescil ettirilmesini,<\/p>\n<p>\u00e7) Kanun: 4458 say\u0131l\u0131 G\u00fcmr\u00fck Kanununu,<\/p>\n<p>ifade eder.<\/p>\n<p><strong>Ba\u015fvuru \u015fekli ve s\u00fcresi<\/strong><\/p>\n<p><strong>MADDE 4 \u2013<\/strong>\u00a0(1) Kanunun 235 inci maddesi uyar\u0131nca el konularak m\u00fclkiyetin kamuya ge\u00e7irilmesi karar\u0131 verilen kara ula\u015f\u0131m ara\u00e7lar\u0131n\u0131n iadesi ile ilgili olarak Kanunun ge\u00e7ici 9 uncu maddesi h\u00fck\u00fcmlerinden yararlanmak isteyen ki\u015filerin, 31\/7\/2017 tarihi mesai saati bitimine kadar m\u00fclkiyetin kamuya ge\u00e7irilmesi karar\u0131n\u0131 veren g\u00fcmr\u00fck idaresine EK-1\u2019de yer alan dilek\u00e7e ile ba\u015fvuruda bulunmalar\u0131 \u015fartt\u0131r.<\/p>\n<p>(2) Ba\u015fvuru dilek\u00e7esinde, arac\u0131n tescil belgesi bilgilerine, ba\u015fvuru yapan ki\u015finin a\u00e7\u0131k adres ve ileti\u015fim bilgilerine, ilk iktisapla ilgili i\u015flemleri ger\u00e7ekle\u015ftiren vergi dairesi bilgisine, varsa m\u00fclkiyetin kamuya ge\u00e7irilmesi karar\u0131 \u00f6rne\u011fine, araca el konulmas\u0131na ili\u015fkin evrak suretine yer verilir.<\/p>\n<p>(3) \u0130lk iktisab\u0131n ger\u00e7ekle\u015fti\u011fi yer vergi dairesi bilgisi, motorlu ta\u015f\u0131tlar vergisi ile g\u00f6revli herhangi bir vergi dairesinden arac\u0131n tescil belgesi ibraz edilmek suretiyle \u00f6\u011frenilir.<\/p>\n<p>(4) Ba\u015fvurunun iadeli taahh\u00fctl\u00fc posta veya Acele Posta Servisi yoluyla yap\u0131lmas\u0131 durumunda ba\u015fvuru belgelerinin postaya verildi\u011fi tarih, normal posta ile veya \u015fahsen yap\u0131lmas\u0131 h\u00e2linde ise ba\u015fvuruda bulunulan idarenin genel evrak kay\u0131tlar\u0131na intikal etti\u011fi tarih ba\u015fvuru tarihi olarak dikkate al\u0131n\u0131r.<\/p>\n<p><strong>G\u00fcmr\u00fck idaresince yap\u0131lacak i\u015flemler<\/strong><\/p>\n<p><strong>MADDE 5 \u2013<\/strong>\u00a0(1) Yap\u0131lan inceleme sonucu gerekli \u015fartlar\u0131 sa\u011flamad\u0131\u011f\u0131 anla\u015f\u0131lan ba\u015fvurular, eksikliklerin 31\/7\/2017 tarihine kadar tamamlanmas\u0131 halinde kabul edilir.<\/p>\n<p>(2) Arac\u0131n tasfiyesinin tamamland\u0131\u011f\u0131n\u0131n anla\u015f\u0131lmas\u0131 halinde ba\u015fvuru reddedilir. Kanunun ge\u00e7ici 9 uncu maddesi kapsam\u0131na giren ara\u00e7lar\u0131n tasfiye i\u015flemleri, an\u0131lan maddenin y\u00fcr\u00fcrl\u00fc\u011fe girdi\u011fi tarihten, 31\/7\/2017 tarihi mesai saati bitimine kadar durdurulur.<\/p>\n<p>(3) \u0130lk iktisab\u0131n serbest dola\u015f\u0131ma giri\u015ften sonra ger\u00e7ekle\u015fti\u011finin anla\u015f\u0131lmas\u0131 halinde,\u00a0\u00a0g\u00fcmr\u00fck idaresince \u00fc\u00e7 g\u00fcn i\u00e7inde, ba\u015fvuru sahibi taraf\u0131ndan bildirilen arac\u0131n ilk iktisab\u0131 ile ilgili i\u015flemleri ger\u00e7ekle\u015ftiren vergi dairesinden, arac\u0131n ilk iktisab\u0131nda \u00f6denen \u00f6zel t\u00fcketim vergisinin bildirilmesi istenir.<\/p>\n<p><strong>Vergi dairesince yap\u0131lacak i\u015flemler<\/strong><\/p>\n<p><strong>MADDDE 6 \u2013<\/strong>\u00a0(1) 4 \u00fcnc\u00fc maddenin \u00fc\u00e7\u00fcnc\u00fc f\u0131kras\u0131na g\u00f6re yap\u0131lan talep \u00fczerine ilgili vergi dairesi, tescil belgesinde ibraz edilen arac\u0131n ilk iktisab\u0131 ile ilgili i\u015flemleri ger\u00e7ekle\u015ftiren vergi dairesi bilgisini, ilk iktisapla ilgili i\u015flemlerin vergi dairelerinde ger\u00e7ekle\u015ftirilmedi\u011finin tespiti halinde ise bu durumu \u00fc\u00e7 g\u00fcn i\u00e7inde ba\u015fvuru sahibine bildirir.<\/p>\n<p>(2) 5 inci maddenin \u00fc\u00e7\u00fcnc\u00fc f\u0131kras\u0131 uyar\u0131nca g\u00fcmr\u00fck idaresi taraf\u0131ndan istenen, arac\u0131n ilk iktisab\u0131nda \u00f6denen \u00f6zel t\u00fcketim vergisi tutar\u0131 bilgisi, ilgili vergi dairelerince \u00fc\u00e7 g\u00fcn i\u00e7inde g\u00fcmr\u00fck idaresine bildirilir. \u00d6denen \u00f6zel t\u00fcketim vergisi, ta\u015f\u0131t\u0131n ilk iktisab\u0131 ger\u00e7ekle\u015ftikten sonra verilen d\u00fczeltme beyannameleri \u00fczerine veya sair nedenlerle yap\u0131lan ek tahakkuklar da dikkate al\u0131narak belirlenir.<\/p>\n<p>(3) Kanunun ge\u00e7ici 9 uncu maddesi kapsam\u0131nda i\u015flem yap\u0131lmas\u0131, s\u00f6z konusu ara\u00e7lar\u0131n ilk iktisab\u0131nda \u00f6denen vergilerde bir eksiklik tespit edilmesi halinde, gerekli vergi tarhiyat\u0131n\u0131n yap\u0131lmas\u0131na ve ceza uygulamas\u0131na engel te\u015fkil etmez.<\/p>\n<p><strong>\u00d6denecek tutar\u0131n tespiti ve \u00f6deme<\/strong><\/p>\n<p><strong>MADDE 7 \u2013\u00a0<\/strong>(1) \u0130lk iktisab\u0131n, serbest dola\u015f\u0131ma giri\u015fte ger\u00e7ekle\u015fmesi halinde arac\u0131n ithalat\u0131nda \u00f6denen \u00f6zel t\u00fcketim vergisi tutar\u0131, serbest dola\u015f\u0131ma giri\u015ften sonra ger\u00e7ekle\u015fmesi halinde ise ilgili vergi dairesi taraf\u0131ndan bildirilen \u00f6denen \u00f6zel t\u00fcketim vergisi tutar\u0131 esas al\u0131narak hesaplanan %25\u2019lik tutar, ba\u015fvuru sahibine ilgili g\u00fcmr\u00fck idaresince posta, elektronik posta, faks ve benzeri ileti\u015fim yollar\u0131 ile bildirilir.<\/p>\n<p>(2) \u00d6deme, ba\u015fvuru tarihinden itibaren bir ay i\u00e7inde ilgili g\u00fcmr\u00fck idaresine yap\u0131l\u0131r.<\/p>\n<p>(3) G\u00fcmr\u00fck idaresine ibraz edilen belgeler \u00e7er\u00e7evesinde, ara\u00e7 bilgilerinin de yer ald\u0131\u011f\u0131 \u00f6demeye ili\u015fkin iki n\u00fcsha belge ba\u015fvuru sahibine verilir.<\/p>\n<p><strong>Arac\u0131n iadesi<\/strong><\/p>\n<p><strong>MADDE 8 \u2013<\/strong>\u00a0(1) Yap\u0131lan \u00f6demeyi m\u00fcteakip ilgili g\u00fcmr\u00fck idaresince gerekli i\u015flemler yap\u0131larak ara\u00e7 sahibine iade edilir. Derdest davalarda, arac\u0131n iade edildi\u011fi bilgisi g\u00fcmr\u00fck idaresince ilgili mahkemeye bildirilir.<\/p>\n<p>(2) Arac\u0131n muhafazas\u0131 nedeniyle ortaya \u00e7\u0131kan masraflar i\u00e7in, ba\u015fvuru sahibinden y\u0131ll\u0131k 250 TL tahsil edilir. Arac\u0131n kald\u0131\u011f\u0131 s\u00fcrenin tam y\u0131l olmayan k\u0131sm\u0131 i\u00e7in, belirtilen miktar esas al\u0131narak ayl\u0131k tutar \u00fczerinden hesaplama yap\u0131l\u0131r. Bu hesaplamada bir aydan az olan s\u00fcreler tam ay olarak kabul edilir.<\/p>\n<p><strong>Kendili\u011finden yap\u0131lan beyanlar<\/strong><\/p>\n<p><strong>MADDE 9 \u2013\u00a0<\/strong>(1) 27\/1\/2017 tarihinden \u00f6nce serbest dola\u015f\u0131ma giri\u015f rejimine tabi tutularak ilk iktisab\u0131 ger\u00e7ekle\u015fmi\u015f ara\u00e7larla ilgili olarak, Kanunun 235 inci maddesi kapsam\u0131nda el konularak m\u00fclkiyetin kamuya ge\u00e7irilmesi karar\u0131 verilmesi gereken fiilin g\u00fcmr\u00fck idaresince tespit edilmesinden \u00f6nce ve d\u00f6rd\u00fcnc\u00fc maddede belirtilen s\u00fcre i\u00e7inde g\u00fcmr\u00fck idarelerine kendili\u011finden bildirilmesi durumunda 7 nci maddede belirlenen oran %15 olarak uygulan\u0131r. \u00d6deme s\u00fcresi i\u00e7inde araca el konulmaz ve m\u00fclkiyetin kamuya ge\u00e7irilmesine karar verilmez.<\/p>\n<p>(2) \u00d6demenin yap\u0131lmamas\u0131 halinde Kanunun ge\u00e7ici 9 uncu maddesi h\u00fckm\u00fcnden faydalan\u0131lamaz.<\/p>\n<p><strong>Di\u011fer h\u00fck\u00fcmler<\/strong><\/p>\n<p><strong>MADDE 10 \u2013\u00a0<\/strong>(1) Bu Y\u00f6netmeli\u011fin uygulanmas\u0131nda kar\u015f\u0131la\u015f\u0131lan; g\u00fcmr\u00fck idareleri ile ilgili teredd\u00fctleri gidermeye G\u00fcmr\u00fck ve Ticaret Bakanl\u0131\u011f\u0131, vergi daireleri ile ilgili teredd\u00fctleri gidermeye Maliye Bakanl\u0131\u011f\u0131 yetkilidir.<\/p>\n<p>(2) Ba\u015fvuru konusu eylemin ayn\u0131 zamanda 5607 say\u0131l\u0131 Ka\u00e7ak\u00e7\u0131l\u0131kla M\u00fccadele Kanununun ge\u00e7ici 10 uncu maddesi kapsam\u0131nda bulunmas\u0131 halinde, sadece 5607 say\u0131l\u0131 Kanun h\u00fck\u00fcmleri uyar\u0131nca i\u015flem yap\u0131l\u0131r.<\/p>\n<p><strong>Y\u00fcr\u00fcrl\u00fck<\/strong><\/p>\n<p><strong>MADDE 11 \u2013\u00a0<\/strong>(1) Bu Y\u00f6netmelik yay\u0131m\u0131 tarihinde y\u00fcr\u00fcrl\u00fc\u011fe girer.<\/p>\n<p><strong>Y\u00fcr\u00fctme<\/strong><\/p>\n<p><strong>MADDE 12 \u2013\u00a0<\/strong>(1) Bu Y\u00f6netmelik h\u00fck\u00fcmlerini G\u00fcmr\u00fck ve Ticaret Bakan\u0131 ile Maliye Bakan\u0131 m\u00fc\u015ftereken y\u00fcr\u00fct\u00fcr.<\/p>\n<p>&nbsp;<\/p>\n<p><strong><a href=\"http:\/\/www.resmigazete.gov.tr\/eskiler\/2017\/04\/20170412-5-1.pdf\">Eki i\u00e7in t\u0131klay\u0131n\u0131z<\/a><\/strong><\/p>\n<p align=\"center\">\n<\/td>\n<\/tr>\n<\/tbody>\n<\/table>\n<div><\/div>\n<p align=\"center\">\n<\/td>\n<\/tr>\n<\/tbody>\n<\/table>\n<div><\/div>\n","protected":false},"excerpt":{"rendered":"<p>G\u00fcmr\u00fck Kanununa G\u00f6re M\u00fclkiyetin Kamuya Ge\u00e7irilmesi Karar\u0131 Verilen Kara Ta\u015f\u0131tlar\u0131n\u0131n Sahiplerine \u0130adesi Hakk\u0131nda Y\u00f6netmelik &#8211; 12.04.2017 12 Nisan 2017 \u00c7AR\u015eAMBA Resm\u00ee Gazete Say\u0131 : 30036 Y\u00d6NETMEL\u0130K G\u00fcmr\u00fck ve Ticaret Bakanl\u0131\u011f\u0131 ve Maliye Bakanl\u0131\u011f\u0131ndan: G\u00dcMR\u00dcK KANUNUNA G\u00d6RE M\u00dcLK\u0130YET\u0130N KAMUYA GE\u00c7\u0130R\u0130LMES\u0130 KARARI VER\u0130LEN KARA TA\u015eITLARININ SAH\u0130PLER\u0130NE \u0130ADES\u0130 HAKKINDA Y\u00d6NETMEL\u0130K Ama\u00e7 ve kapsam MADDE 1 \u2013\u00a0(1) Bu Y\u00f6netmeli\u011fin [&hellip;]<\/p>\n","protected":false},"author":5,"featured_media":0,"comment_status":"closed","ping_status":"closed","sticky":false,"template":"","format":"standard","meta":{"footnotes":""},"categories":[1],"tags":[],"class_list":{"0":"post-3496","1":"post","2":"type-post","3":"status-publish","4":"format-standard","6":"category-genel"},"_links":{"self":[{"href":"https:\/\/www.rcg.com.tr\/index.php?rest_route=\/wp\/v2\/posts\/3496"}],"collection":[{"href":"https:\/\/www.rcg.com.tr\/index.php?rest_route=\/wp\/v2\/posts"}],"about":[{"href":"https:\/\/www.rcg.com.tr\/index.php?rest_route=\/wp\/v2\/types\/post"}],"author":[{"embeddable":true,"href":"https:\/\/www.rcg.com.tr\/index.php?rest_route=\/wp\/v2\/users\/5"}],"replies":[{"embeddable":true,"href":"https:\/\/www.rcg.com.tr\/index.php?rest_route=%2Fwp%2Fv2%2Fcomments&post=3496"}],"version-history":[{"count":1,"href":"https:\/\/www.rcg.com.tr\/index.php?rest_route=\/wp\/v2\/posts\/3496\/revisions"}],"predecessor-version":[{"id":3497,"href":"https:\/\/www.rcg.com.tr\/index.php?rest_route=\/wp\/v2\/posts\/3496\/revisions\/3497"}],"wp:attachment":[{"href":"https:\/\/www.rcg.com.tr\/index.php?rest_route=%2Fwp%2Fv2%2Fmedia&parent=3496"}],"wp:term":[{"taxonomy":"category","embeddable":true,"href":"https:\/\/www.rcg.com.tr\/index.php?rest_route=%2Fwp%2Fv2%2Fcategories&post=3496"},{"taxonomy":"post_tag","embeddable":true,"href":"https:\/\/www.rcg.com.tr\/index.php?rest_route=%2Fwp%2Fv2%2Ftags&post=3496"}],"curies":[{"name":"wp","href":"https:\/\/api.w.org\/{rel}","templated":true}]}}