{"id":3489,"date":"2017-04-04T13:29:10","date_gmt":"2017-04-04T10:29:10","guid":{"rendered":"http:\/\/rcg.com.tr\/?p=3489"},"modified":"2017-04-04T13:29:10","modified_gmt":"2017-04-04T10:29:10","slug":"muhtasar-ve-prim-hizmet-beyannamesi-genel-tebligi-sira-no-1nde-degisiklik-yapilmasina-dair-teblig-sira-no-2-30-03-2017","status":"publish","type":"post","link":"https:\/\/www.rcg.com.tr\/?p=3489","title":{"rendered":"Muhtasar ve Prim Hizmet Beyannamesi Genel Tebli\u011fi (S\u0131ra No: 1)\u2019nde De\u011fi\u015fiklik Yap\u0131lmas\u0131na Dair Tebli\u011f (S\u0131ra No: 2) &#8211; 30.03.2017"},"content":{"rendered":"<p><strong>Muhtasar ve Prim Hizmet Beyannamesi Genel Tebli\u011fi (S\u0131ra No: 1)\u2019nde De\u011fi\u015fiklik Yap\u0131lmas\u0131na Dair Tebli\u011f (S\u0131ra No: 2) &#8211; 30.03.2017<\/strong><\/p>\n<table border=\"0\" width=\"586\" cellspacing=\"0\" cellpadding=\"0\">\n<tbody>\n<tr>\n<td>30 Mart 2017 PER\u015eEMBE<\/td>\n<td>\n<p align=\"center\"><strong>Resm\u00ee Gazete<\/strong><\/p>\n<\/td>\n<td>\n<p align=\"right\">Say\u0131 : 30023<\/p>\n<\/td>\n<\/tr>\n<tr>\n<td colspan=\"3\">\n<p align=\"center\"><strong>TEBL\u0130\u011e<\/strong><\/p>\n<\/td>\n<\/tr>\n<tr>\n<td colspan=\"3\">Maliye Bakanl\u0131\u011f\u0131 (Gelir \u0130daresi Ba\u015fkanl\u0131\u011f\u0131)\u2019ndan:<\/p>\n<p>MUHTASAR VE PR\u0130M H\u0130ZMET BEYANNAMES\u0130 GENEL TEBL\u0130\u011e\u0130<\/p>\n<p>(SIRA NO: 1)\u2019NDE DE\u011e\u0130\u015e\u0130KL\u0130K YAPILMASINA<\/p>\n<p>DA\u0130R TEBL\u0130\u011e (SIRA NO: 2)<\/p>\n<p><strong>MADDE 1 \u2013<\/strong>\u00a018\/2\/2017\u00a0tarihli ve 29983 say\u0131l\u0131 Resm\u00ee Gazete\u2019de yay\u0131mlanan Muhtasar ve Prim Hizmet Beyannamesi Genel Tebli\u011fi (S\u0131ra No:1)\u2019nin\u00a0ge\u00e7ici 1 inci maddesinin ikinci f\u0131kras\u0131nda yer alan \u201cbu Tebli\u011fin yay\u0131m tarihini izleyen ay\u0131n sonuna kadar\u201d ibaresi \u201c2\/5\/2017 tarihine kadar\u201d olarak de\u011fi\u015ftirilmi\u015ftir.<\/p>\n<p><strong>MADDE 2 \u2013<\/strong>\u00a0Bu Tebli\u011f yay\u0131m\u0131 tarihinde y\u00fcr\u00fcrl\u00fc\u011fe girer.<\/p>\n<p><strong>MADDE 3 \u2013<\/strong>\u00a0Bu Tebli\u011f h\u00fck\u00fcmlerini Maliye Bakan\u0131 ile \u00c7al\u0131\u015fma ve Sosyal G\u00fcvenlik Bakan\u0131 m\u00fc\u015ftereken y\u00fcr\u00fct\u00fcr.<\/td>\n<\/tr>\n<\/tbody>\n<\/table>\n","protected":false},"excerpt":{"rendered":"<p>Muhtasar ve Prim Hizmet Beyannamesi Genel Tebli\u011fi (S\u0131ra No: 1)\u2019nde De\u011fi\u015fiklik Yap\u0131lmas\u0131na Dair Tebli\u011f (S\u0131ra No: 2) &#8211; 30.03.2017 30 Mart 2017 PER\u015eEMBE Resm\u00ee Gazete Say\u0131 : 30023 TEBL\u0130\u011e Maliye Bakanl\u0131\u011f\u0131 (Gelir \u0130daresi Ba\u015fkanl\u0131\u011f\u0131)\u2019ndan: MUHTASAR VE PR\u0130M H\u0130ZMET BEYANNAMES\u0130 GENEL TEBL\u0130\u011e\u0130 (SIRA NO: 1)\u2019NDE DE\u011e\u0130\u015e\u0130KL\u0130K YAPILMASINA DA\u0130R TEBL\u0130\u011e (SIRA NO: 2) MADDE 1 \u2013\u00a018\/2\/2017\u00a0tarihli ve [&hellip;]<\/p>\n","protected":false},"author":5,"featured_media":0,"comment_status":"closed","ping_status":"closed","sticky":false,"template":"","format":"standard","meta":{"footnotes":""},"categories":[1],"tags":[],"class_list":{"0":"post-3489","1":"post","2":"type-post","3":"status-publish","4":"format-standard","6":"category-genel"},"_links":{"self":[{"href":"https:\/\/www.rcg.com.tr\/index.php?rest_route=\/wp\/v2\/posts\/3489"}],"collection":[{"href":"https:\/\/www.rcg.com.tr\/index.php?rest_route=\/wp\/v2\/posts"}],"about":[{"href":"https:\/\/www.rcg.com.tr\/index.php?rest_route=\/wp\/v2\/types\/post"}],"author":[{"embeddable":true,"href":"https:\/\/www.rcg.com.tr\/index.php?rest_route=\/wp\/v2\/users\/5"}],"replies":[{"embeddable":true,"href":"https:\/\/www.rcg.com.tr\/index.php?rest_route=%2Fwp%2Fv2%2Fcomments&post=3489"}],"version-history":[{"count":1,"href":"https:\/\/www.rcg.com.tr\/index.php?rest_route=\/wp\/v2\/posts\/3489\/revisions"}],"predecessor-version":[{"id":3490,"href":"https:\/\/www.rcg.com.tr\/index.php?rest_route=\/wp\/v2\/posts\/3489\/revisions\/3490"}],"wp:attachment":[{"href":"https:\/\/www.rcg.com.tr\/index.php?rest_route=%2Fwp%2Fv2%2Fmedia&parent=3489"}],"wp:term":[{"taxonomy":"category","embeddable":true,"href":"https:\/\/www.rcg.com.tr\/index.php?rest_route=%2Fwp%2Fv2%2Fcategories&post=3489"},{"taxonomy":"post_tag","embeddable":true,"href":"https:\/\/www.rcg.com.tr\/index.php?rest_route=%2Fwp%2Fv2%2Ftags&post=3489"}],"curies":[{"name":"wp","href":"https:\/\/api.w.org\/{rel}","templated":true}]}}