{"id":3477,"date":"2017-03-01T08:43:07","date_gmt":"2017-03-01T06:43:07","guid":{"rendered":"http:\/\/rcg.com.tr\/?p=3477"},"modified":"2017-03-01T08:43:07","modified_gmt":"2017-03-01T06:43:07","slug":"elektronik-defterlerin-olusturulmasi-ve-imzalanma-suresi-ile-elektronik-defter-beratlarinin-yuklenme-suresi-uzatildi-28-02-2017","status":"publish","type":"post","link":"https:\/\/www.rcg.com.tr\/?p=3477","title":{"rendered":"Elektronik Defterlerin Olu\u015fturulmas\u0131 ve \u0130mzalanma S\u00fcresi ile Elektronik Defter Beratlar\u0131n\u0131n Y\u00fcklenme S\u00fcresi Uzat\u0131ld\u0131. &#8211; 28.02.2017"},"content":{"rendered":"<p><strong>Elektronik Defterlerin Olu\u015fturulmas\u0131 ve \u0130mzalanma S\u00fcresi ile Elektronik Defter Beratlar\u0131n\u0131n Y\u00fcklenme S\u00fcresi Uzat\u0131ld\u0131. &#8211; 28.02.2017<\/strong><\/p>\n<div class=\"group-kunye field-group-div\">\n<div class=\"field field-name-field-f-tarih field-type-datetime field-label-inline clearfix\">\n<div class=\"field-label\">Tarih:<\/div>\n<div class=\"field-items\">\n<div class=\"field-item even\"><span class=\"date-display-single\">28\/02\/2017<\/span><\/div>\n<\/div>\n<\/div>\n<div class=\"field field-name-field-f-sayi field-type-text field-label-inline clearfix\">\n<div class=\"field-label\">Say\u0131:<\/div>\n<div class=\"field-items\">\n<div class=\"field-item even\">VUK-89 \/ 2017-2<\/div>\n<\/div>\n<\/div>\n<\/div>\n<div class=\"field field-name-body field-type-text-with-summary field-label-hidden\">\n<div class=\"field-items\">\n<div class=\"field-item even\">\n<p align=\"center\">T.C.<\/p>\n<p align=\"center\">MAL\u0130YE BAKANLI\u011eI<\/p>\n<p align=\"center\">Gelir \u0130daresi Ba\u015fkanl\u0131\u011f\u0131<\/p>\n<p>&nbsp;<\/p>\n<p align=\"center\">VERG\u0130 USUL KANUNU S\u0130RK\u00dcLER\u0130\/89<\/p>\n<p>&nbsp;<\/p>\n<p>Konusu: Elektronik defter (e-Defter) uygulamas\u0131na d\u00e2hil olanlar taraf\u0131ndan 28 \u015eubat 2017 g\u00fcn\u00fc sonuna kadar olu\u015fturulmas\u0131 ve imzalanmas\u0131 gereken e-Defterlerin olu\u015fturulma ve imzalanma s\u00fcresi ile ayn\u0131 s\u00fcrede Gelir \u0130daresi Ba\u015fkanl\u0131\u011f\u0131 Bilgi \u0130\u015flem Sistemine y\u00fcklenmesi gereken \u201cElektronik Defter Beratlar\u0131\u201dn\u0131n y\u00fcklenme s\u00fcresinin uzat\u0131lmas\u0131.<\/p>\n<p>Tarihi<span class=\"apple-converted-space\">: 28<\/span>\/02\/2017<\/p>\n<p>Say\u0131s\u0131: VUK-89 \/ 2017-2<\/p>\n<p>1. Giri\u015f:<\/p>\n<p>Ba\u015fkanl\u0131\u011f\u0131m\u0131za iletilen talepler do\u011frultusunda, e-Defter yaz\u0131l\u0131mlar\u0131nda yap\u0131lan g\u00fcncelleme nedeniyle, Vergi Usul Kanununun M\u00fckerrer 242 nci maddesindeki yetkiye dayan\u0131larak, 28 \u015eubat 2017 g\u00fcn\u00fc sonuna kadar olu\u015fturulmas\u0131 ve imzalanmas\u0131 gereken e-Defterlerin olu\u015fturulma ve imzalanma s\u00fcresi ile ayn\u0131 s\u00fcrede Gelir \u0130daresi Ba\u015fkanl\u0131\u011f\u0131 Bilgi \u0130\u015flem Sistemine y\u00fcklenmesi gereken \u201cElektronik Defter Beratlar\u0131\u201dn\u0131n y\u00fcklenme s\u00fcresinin uzat\u0131lmas\u0131 bu sirk\u00fclerin konusunu olu\u015fturmaktad\u0131r.<\/p>\n<p>2. Elektronik Defterlerin Olu\u015fturulmas\u0131 ve \u0130mzalanma S\u00fcresi ile Elektronik Defter Beratlar\u0131n\u0131n Y\u00fcklenme S\u00fcresinin Uzat\u0131lmas\u0131:<\/p>\n<p>28 \u015eubat 2017 g\u00fcn\u00fc sonuna kadar olu\u015fturulmas\u0131 ve imzalanmas\u0131 gereken e-Defterlerin olu\u015fturulma ve imzalanma s\u00fcresi ile ayn\u0131 s\u00fcrede Gelir \u0130daresi Ba\u015fkanl\u0131\u011f\u0131 Bilgi \u0130\u015flem Sistemine y\u00fcklenmesi gereken \u201cElektronik Defter Beratlar\u0131\u201dn\u0131n y\u00fcklenme s\u00fcresi 06 Mart 2017 g\u00fcn\u00fc sonuna kadar uzat\u0131lm\u0131\u015ft\u0131r.<\/p>\n<p>Duyurulur.<\/p>\n<p>&nbsp;<\/p>\n<p>Adnan ERT\u00dcRK<\/p>\n<p>Gelir \u0130daresi Ba\u015fkan\u0131<\/p>\n<\/div>\n<\/div>\n<\/div>\n","protected":false},"excerpt":{"rendered":"<p>Elektronik Defterlerin Olu\u015fturulmas\u0131 ve \u0130mzalanma S\u00fcresi ile Elektronik Defter Beratlar\u0131n\u0131n Y\u00fcklenme S\u00fcresi Uzat\u0131ld\u0131. &#8211; 28.02.2017 Tarih: 28\/02\/2017 Say\u0131: VUK-89 \/ 2017-2 T.C. MAL\u0130YE BAKANLI\u011eI Gelir \u0130daresi Ba\u015fkanl\u0131\u011f\u0131 &nbsp; VERG\u0130 USUL KANUNU S\u0130RK\u00dcLER\u0130\/89 &nbsp; Konusu: Elektronik defter (e-Defter) uygulamas\u0131na d\u00e2hil olanlar taraf\u0131ndan 28 \u015eubat 2017 g\u00fcn\u00fc sonuna kadar olu\u015fturulmas\u0131 ve imzalanmas\u0131 gereken e-Defterlerin olu\u015fturulma ve imzalanma [&hellip;]<\/p>\n","protected":false},"author":5,"featured_media":0,"comment_status":"closed","ping_status":"closed","sticky":false,"template":"","format":"standard","meta":{"footnotes":""},"categories":[1],"tags":[],"class_list":{"0":"post-3477","1":"post","2":"type-post","3":"status-publish","4":"format-standard","6":"category-genel"},"_links":{"self":[{"href":"https:\/\/www.rcg.com.tr\/index.php?rest_route=\/wp\/v2\/posts\/3477"}],"collection":[{"href":"https:\/\/www.rcg.com.tr\/index.php?rest_route=\/wp\/v2\/posts"}],"about":[{"href":"https:\/\/www.rcg.com.tr\/index.php?rest_route=\/wp\/v2\/types\/post"}],"author":[{"embeddable":true,"href":"https:\/\/www.rcg.com.tr\/index.php?rest_route=\/wp\/v2\/users\/5"}],"replies":[{"embeddable":true,"href":"https:\/\/www.rcg.com.tr\/index.php?rest_route=%2Fwp%2Fv2%2Fcomments&post=3477"}],"version-history":[{"count":1,"href":"https:\/\/www.rcg.com.tr\/index.php?rest_route=\/wp\/v2\/posts\/3477\/revisions"}],"predecessor-version":[{"id":3478,"href":"https:\/\/www.rcg.com.tr\/index.php?rest_route=\/wp\/v2\/posts\/3477\/revisions\/3478"}],"wp:attachment":[{"href":"https:\/\/www.rcg.com.tr\/index.php?rest_route=%2Fwp%2Fv2%2Fmedia&parent=3477"}],"wp:term":[{"taxonomy":"category","embeddable":true,"href":"https:\/\/www.rcg.com.tr\/index.php?rest_route=%2Fwp%2Fv2%2Fcategories&post=3477"},{"taxonomy":"post_tag","embeddable":true,"href":"https:\/\/www.rcg.com.tr\/index.php?rest_route=%2Fwp%2Fv2%2Ftags&post=3477"}],"curies":[{"name":"wp","href":"https:\/\/api.w.org\/{rel}","templated":true}]}}