{"id":3475,"date":"2017-02-24T10:50:36","date_gmt":"2017-02-24T08:50:36","guid":{"rendered":"http:\/\/rcg.com.tr\/?p=3475"},"modified":"2017-02-24T10:50:36","modified_gmt":"2017-02-24T08:50:36","slug":"6772-serbest-bolgeler-kanunu-ile-bazi-kanun-ve-kanun-hukmunde-kararnamelerde-degisiklik-yapilmasina-dair-kanun-23-02-2017","status":"publish","type":"post","link":"https:\/\/www.rcg.com.tr\/?p=3475","title":{"rendered":"6772 Serbest B\u00f6lgeler Kanunu ile Baz\u0131 Kanun ve Kanun H\u00fckm\u00fcnde Kararnamelerde De\u011fi\u015fiklik Yap\u0131lmas\u0131na Dair Kanun &#8211; 23.02.2017"},"content":{"rendered":"<div class=\"baslik-all100\">G\u00fcncel Geli\u015fme Detay\u0131<\/div>\n<div class=\"indx_yazi\">\n<p><strong>6772 Serbest B\u00f6lgeler Kanunu ile Baz\u0131 Kanun ve Kanun H\u00fckm\u00fcnde Kararnamelerde De\u011fi\u015fiklik Yap\u0131lmas\u0131na Dair Kanun &#8211; 23.02.2017<\/strong><\/p>\n<table border=\"0\" cellspacing=\"0\" cellpadding=\"0\" align=\"center\">\n<tbody>\n<tr>\n<td>\n<table border=\"0\" width=\"586\" cellspacing=\"0\" cellpadding=\"0\" align=\"center\">\n<tbody>\n<tr>\n<td>24 \u015eubat 2017 CUMA<\/td>\n<td>\n<p align=\"center\"><strong>Resm\u00ee Gazete<\/strong><\/p>\n<\/td>\n<td>\n<p align=\"right\">Say\u0131 : 29989<\/p>\n<\/td>\n<\/tr>\n<tr>\n<td colspan=\"3\">\n<p align=\"center\"><strong>KANUN<\/strong><\/p>\n<\/td>\n<\/tr>\n<tr>\n<td colspan=\"3\">\n<p align=\"center\"><strong>SERBEST B\u00d6LGELER KANUNU \u0130LE BAZI KANUN VE KANUN H\u00dcKM\u00dcNDE<br \/>\nKARARNAMELERDE DE\u011e\u0130\u015e\u0130KL\u0130K YAPILMASINA<br \/>\nDA\u0130R KANUN<\/strong><\/p>\n<div>\n<p><strong><u>Kanun No. 6772<\/u><\/strong>\u00a0\u00a0\u00a0\u00a0\u00a0\u00a0\u00a0\u00a0\u00a0\u00a0\u00a0\u00a0\u00a0\u00a0\u00a0\u00a0\u00a0\u00a0\u00a0\u00a0\u00a0\u00a0\u00a0\u00a0\u00a0\u00a0\u00a0\u00a0\u00a0\u00a0\u00a0\u00a0\u00a0\u00a0\u00a0\u00a0\u00a0\u00a0\u00a0\u00a0\u00a0\u00a0\u00a0\u00a0\u00a0\u00a0\u00a0\u00a0\u00a0\u00a0\u00a0\u00a0\u00a0\u00a0\u00a0\u00a0\u00a0\u00a0\u00a0\u00a0\u00a0\u00a0\u00a0\u00a0\u00a0\u00a0\u00a0\u00a0\u00a0\u00a0\u00a0\u00a0\u00a0\u00a0\u00a0\u00a0\u00a0\u00a0\u00a0\u00a0\u00a0\u00a0\u00a0\u00a0\u00a0\u00a0\u00a0\u00a0\u00a0\u00a0\u00a0\u00a0\u00a0\u00a0\u00a0\u00a0\u00a0\u00a0\u00a0\u00a0\u00a0\u00a0\u00a0<strong><u>Kabul Tarihi:\u00a09\/2\/2017<\/u><\/strong><\/p>\n<p><strong>MADDE 1 \u2013<\/strong>\u00a06\/6\/1985\u00a0tarihli ve 3218 say\u0131l\u0131 Serbest B\u00f6lgeler Kanununun 5 inci maddesinin birinci f\u0131kras\u0131na a\u015fa\u011f\u0131daki c\u00fcmleler eklenmi\u015f, ikinci f\u0131kras\u0131n\u0131n son c\u00fcmlesi y\u00fcr\u00fcrl\u00fckten kald\u0131r\u0131lm\u0131\u015f ve ayn\u0131 f\u0131kraya a\u015fa\u011f\u0131daki c\u00fcmleler eklenmi\u015ftir.<\/p>\n<p>\u201cBakanlar Kurulu bu arazi ve tesislerin acele kamula\u015ft\u0131r\u0131lmas\u0131n\u0131 kararla\u015ft\u0131rabilir. Arazi ve tesislerin kamula\u015ft\u0131r\u0131lmas\u0131nda kamula\u015ft\u0131rma bedelleri ile kamula\u015ft\u0131rma i\u015flemlerinin gerektirdi\u011fi di\u011fer giderlerin, kamula\u015ft\u0131rma talebinde bulunan i\u015fletici taraf\u0131ndan kar\u015f\u0131lanmas\u0131 Bakanlar Kurulunca kararla\u015ft\u0131r\u0131labilir.\u201d<\/p>\n<p>\u201cDevletin h\u00fck\u00fcm ve tasarrufu alt\u0131ndaki yerler ile bunlar \u00fczerinde bulunan bina ve tesisler kiralanabilir veya ayn\u0131 s\u00fcre ile kullanma izni verilebilir. T\u00fcrk Silahl\u0131 Kuvvetlerinin kullan\u0131m\u0131na tahsis edilen arazi ve binalar i\u00e7in Milli Savunma Bakanl\u0131\u011f\u0131n\u0131n g\u00f6r\u00fc\u015f\u00fc al\u0131n\u0131r. Arazisi \u00f6zel m\u00fclkiyete ait serbest b\u00f6lgelerde kullan\u0131c\u0131 niteli\u011fini haiz olmayan m\u00fclk sahipleri, aidat ve benzeri b\u00f6lge kat\u0131l\u0131m bedelleri bak\u0131m\u0131ndan kullan\u0131c\u0131larla ayn\u0131 mali y\u00fck\u00fcml\u00fcl\u00fcklere tabidir.\u201d<\/p>\n<p><strong>MADDE 2 \u2013<\/strong>\u00a03218 say\u0131l\u0131 Kanunun 6\u00a0nc\u0131\u00a0maddesinin birinci f\u0131kras\u0131na \u201cT\u00fcrkiye G\u00fcmr\u00fck B\u00f6lgesinin par\u00e7alar\u0131 olmakla beraber;\u201d ibaresinden sonra gelmek \u00fczere \u201cyer ve s\u0131n\u0131rlar\u0131 Bakanlar Kurulunca belirlenmi\u015f,\u201d ibaresi eklenmi\u015f ve d\u00f6rd\u00fcnc\u00fc f\u0131kras\u0131 a\u015fa\u011f\u0131daki \u015fekilde de\u011fi\u015ftirilmi\u015ftir.<\/p>\n<p>\u201cBu Kanun kapsam\u0131nda kazan\u00e7lar\u0131 gelir veya kurumlar vergisinden istisna tutulan kullan\u0131c\u0131lar ve i\u015fleticiler, yat\u0131r\u0131m ve \u00fcretim safhalar\u0131nda Bakanlar Kurulunca belirlenecek vergi d\u0131\u015f\u0131 te\u015fviklerden yararland\u0131r\u0131l\u0131r. Bu Kanun kapsam\u0131nda kazan\u00e7lar\u0131 gelir veya kurumlar vergisinden istisna tutulmayan kullan\u0131c\u0131lar, yat\u0131r\u0131m ve i\u015fletme safhalar\u0131nda bu Kanun kapsam\u0131nda yararlan\u0131lmayan vergi ve vergi d\u0131\u015f\u0131 te\u015fviklerden ilgili mevzuat h\u00fck\u00fcmleri \u00e7er\u00e7evesinde yararland\u0131r\u0131l\u0131r.\u201d<\/p>\n<p><strong>MADDE 3 \u2013<\/strong>\u00a03218 say\u0131l\u0131 Kanunun 7\u00a0nci\u00a0maddesinin ikinci f\u0131kras\u0131na a\u015fa\u011f\u0131daki c\u00fcmle ve ayn\u0131 maddeye ikinci f\u0131kras\u0131ndan sonra gelmek \u00fczere a\u015fa\u011f\u0131daki f\u0131kra eklenmi\u015ftir.<\/p>\n<p>\u201c\u00dccrete tabi olarak yurt d\u0131\u015f\u0131ndan getirilen mallar ile imalat\u00e7\u0131 kullan\u0131c\u0131lar taraf\u0131ndan \u00fcretilen mallar\u0131n, b\u00f6lge i\u00e7inde sat\u0131lmas\u0131 ve sonras\u0131nda T\u00fcrkiye\u2019ye \u00e7\u0131kar\u0131lmas\u0131 hallerinde birinci f\u0131kran\u0131n (b) bendi h\u00fckm\u00fc uyar\u0131nca \u00fccret al\u0131n\u0131r.\u201d<\/p>\n<p>\u201cBakanlar Kurulu stratejik, b\u00fcy\u00fck \u00f6l\u00e7ekli veya \u00f6ncelikli yat\u0131r\u0131mlar ile konusu, sekt\u00f6r\u00fc ve niteli\u011fi itibar\u0131yla proje baz\u0131nda desteklenmesine karar verilen yat\u0131r\u0131mlara y\u00f6nelik olarak bu maddede yer alan oranlar\u0131 b\u00f6lge, sekt\u00f6r, faaliyet alan\u0131 veya yat\u0131r\u0131m t\u00fcr\u00fc itibar\u0131yla s\u0131f\u0131ra kadar indirmeye, farkl\u0131la\u015ft\u0131rmaya veya kanuni seviyesine kadar art\u0131rmaya yetkilidir.\u201d<\/p>\n<p><strong>MADDE 4 \u2013<\/strong>\u00a03218 say\u0131l\u0131 Kanunun 8 inci maddesine birinci f\u0131kras\u0131ndan sonra gelmek \u00fczere a\u015fa\u011f\u0131daki f\u0131kra eklenmi\u015f ve mevcut ikinci f\u0131kras\u0131nda yer alan \u201cYeni T\u00fcrk Liras\u0131n\u0131\u201d ibaresi \u201cT\u00fcrk Liras\u0131n\u0131\u201d \u015feklinde de\u011fi\u015ftirilmi\u015ftir.<\/p>\n<p>\u201cSerbest b\u00f6lgelerde faaliyette bulunan i\u015fletmelerde yat\u0131r\u0131m ama\u00e7l\u0131 olarak kullan\u0131lan makine ve\u00a0ekipman\u0131n\u00a0bak\u0131m onar\u0131m ihtiya\u00e7lar\u0131n\u0131n T\u00fcrkiye\u2019nin di\u011fer yerlerinde kar\u015f\u0131lanmas\u0131, b\u00f6lge faaliyetleri sonucu ortaya \u00e7\u0131kan at\u0131k ve hurdalar\u0131n T\u00fcrkiye\u2019ye \u00e7\u0131kar\u0131lmas\u0131, T\u00fcrkiye\u2019nin di\u011fer yerlerinde yap\u0131lacak film \u00e7ekim faaliyetlerinde kullan\u0131lacak ara\u00e7-gere\u00e7 ve ekipman\u0131n b\u00f6lgeden ge\u00e7ici \u00e7\u0131k\u0131\u015f\u0131 ve benzeri \u00f6zellik arz eden durumlarda vergi m\u00fckellefiyetine ili\u015fkin h\u00fck\u00fcmler hari\u00e7 olmak \u00fczere, i\u015f ve i\u015flemlerin basitle\u015ftirilmesine ili\u015fkin usul ve esaslar Ekonomi Bakanl\u0131\u011f\u0131 ile G\u00fcmr\u00fck ve Ticaret Bakanl\u0131\u011f\u0131nca m\u00fc\u015ftereken belirlenir.\u201d<\/p>\n<p><strong>MADDE 5 \u2013<\/strong>\u00a03218 say\u0131l\u0131 Kanuna a\u015fa\u011f\u0131daki ek madde eklenmi\u015ftir.<\/p>\n<p>\u201c\u0130\u015fletme s\u00f6zle\u015fmelerinin yenilenmesi, de\u011fi\u015ftirilmesi ve s\u00fcre uzat\u0131m\u0131:<\/p>\n<p>EK MADDE 1- \u0130\u015fletme s\u00f6zle\u015fmesinin sona ermesinden \u00f6nce, i\u015fletici taraf\u0131ndan i\u015fletme s\u00f6zle\u015fmesinde belirtilen taahh\u00fctlerin yerine getirilmi\u015f olmas\u0131 ve Ekonomi Bakanl\u0131\u011f\u0131n\u0131n gelece\u011fe y\u00f6nelik yat\u0131r\u0131m taleplerinin kabul edilmesi halinde; 7\u00a0nci\u00a0maddenin birinci f\u0131kras\u0131n\u0131n (c) bendi kapsam\u0131ndaki gelirlerin art\u0131r\u0131lmas\u0131 veya Ekonomi Bakanl\u0131\u011f\u0131n\u0131n mali y\u00fck\u00fcml\u00fcl\u00fcklerinin azalt\u0131lmas\u0131 bak\u0131m\u0131ndan mevcut s\u00f6zle\u015fmelerdeki h\u00fck\u00fcmler yeniden d\u00fczenlenmek suretiyle, s\u00f6zle\u015fme s\u00fcresi Ekonomi Bakanl\u0131\u011f\u0131nca belirlenen s\u00fcreler itibar\u0131yla uzat\u0131labilir.<\/p>\n<p>Birinci f\u0131krada yer alan \u015fartlar\u0131n sa\u011flanamamas\u0131 veya sair nedenlerle i\u015fletme s\u00f6zle\u015fmesi sona erecek serbest b\u00f6lgelerde, i\u015fletme izninin 49 y\u0131l\u0131 ge\u00e7memek \u00fczere yeniden verilmesine ili\u015fkin i\u015f ve i\u015flemlerde Ekonomi Bakanl\u0131\u011f\u0131nca\u00a024\/11\/1994\u00a0tarihli ve 4046 say\u0131l\u0131 \u00d6zelle\u015ftirme Uygulamalar\u0131 Hakk\u0131nda Kanunda d\u00fczenlenen usul ve esaslar k\u0131yas yoluyla uygulan\u0131r. Bu usule g\u00f6re belirlenecek kamu kurum veya kurulu\u015flar\u0131 ile yerli veya yabanc\u0131 ger\u00e7ek veya t\u00fczel ki\u015filere, Ekonomi Bakanl\u0131\u011f\u0131n\u0131n teklifi ve Bakanlar Kurulu karar\u0131 ile i\u015fletme izni verilebilir. Bu maddenin uygulanmas\u0131na ili\u015fkin usul ve esaslar y\u00f6netmelikle d\u00fczenlenir.<\/p>\n<p>\u0130kinci f\u0131kra kapsam\u0131nda y\u00fcr\u00fct\u00fclen \u00e7al\u0131\u015fmalar tamamlan\u0131ncaya kadar ge\u00e7ecek s\u00fcrede i\u015f ve i\u015flemler Bakanl\u0131k taraf\u0131ndan y\u00fcr\u00fct\u00fcl\u00fcr.\u201d<\/p>\n<p><strong>MADDE 6 \u2013<\/strong>\u00a03218 say\u0131l\u0131 Kanuna a\u015fa\u011f\u0131daki ek madde eklenmi\u015ftir.<\/p>\n<p>\u201cYurt d\u0131\u015f\u0131nda b\u00f6lgeler kurulmas\u0131:<\/p>\n<p>EK MADDE 2-\u00a03\/6\/2011\u00a0tarihli ve 637 say\u0131l\u0131 Ekonomi Bakanl\u0131\u011f\u0131n\u0131n Te\u015fkilat ve G\u00f6revleri Hakk\u0131nda Kanun H\u00fckm\u00fcnde Kararnamenin 12\u00a0nci\u00a0maddesinde yer alan serbest b\u00f6lgeler, \u00f6zel b\u00f6lgeler, d\u0131\u015f ticaret merkezleri ve lojistik merkezlerin yurt d\u0131\u015f\u0131nda kurulaca\u011f\u0131 \u00fclkeleri belirlemeye Bakanlar Kurulu yetkilidir. Bu b\u00f6lgelerin, T\u00fcrkiye\u2019de yerle\u015fik bir \u015firket eliyle kurulmas\u0131na ve i\u015fletilmesine Bakanlar Kurulunca izin verilir.<\/p>\n<p>Birinci f\u0131krada belirtilen b\u00f6lgelerin kurulmas\u0131na, i\u015fletilmesine ve tasfiyesine ili\u015fkin usul ve esaslar\u0131 belirlemeye Bakanlar Kurulu yetkilidir.<\/p>\n<p>Yurt d\u0131\u015f\u0131nda kurulan b\u00f6lgelere T\u00fcrkiye\u2019de yerle\u015fik \u015firketlerce yap\u0131lacak yat\u0131r\u0131mlara y\u00f6nelik devlet yard\u0131mlar\u0131n\u0131 belirlemeye Bakanlar Kurulu yetkilidir.\u201d<\/p>\n<p><strong>MADDE 7 \u2013<\/strong>\u00a03218 say\u0131l\u0131 Kanunun ge\u00e7ici 3 \u00fcnc\u00fc maddesinin ikinci f\u0131kras\u0131n\u0131n (a) bendinin ilk c\u00fcmlesine \u201celde ettikleri kazan\u00e7lar\u0131\u201d ibaresinden sonra gelmek \u00fczere \u201cile serbest b\u00f6lgelerde, bak\u0131m, onar\u0131m, montaj,\u00a0demontaj,\u00a0elle\u00e7leme, ayr\u0131\u015ft\u0131rma, ambalajlama, etiketleme, test etme, depolama hizmeti alanlar\u0131nda faaliyette bulunan ve hizmetin tamam\u0131n\u0131 T\u00fcrkiye\u2019de yerle\u015fmi\u015f olmayan ki\u015filerle, i\u015fyeri, kanuni ve i\u015f merkezi yurt d\u0131\u015f\u0131nda bulunanlara veren hizmet i\u015fletmelerinin, s\u00f6z konusu hizmetlere konu mallar\u0131n serbest b\u00f6lgelerden T\u00fcrkiye\u2019ye herhangi bir \u015fekilde giri\u015fi olmaks\u0131z\u0131n yabanc\u0131 bir \u00fclkeye g\u00f6nderilmesi \u015fart\u0131yla bu hizmetlerden elde ettikleri kazan\u00e7lar\u0131\u201d ibaresi eklenmi\u015f ve (b) bendi a\u015fa\u011f\u0131daki \u015fekilde de\u011fi\u015ftirilmi\u015ftir.<\/p>\n<p>\u201cb) Bu b\u00f6lgelerde \u00fcretilen \u00fcr\u00fcnlerin FOB bedelinin en az %85\u2019ini yurt d\u0131\u015f\u0131na ihra\u00e7 eden m\u00fckelleflerin istihdam ettikleri personele \u00f6dedikleri \u00fccretler \u00fczerinden asgari ge\u00e7im indirimi uyguland\u0131ktan sonra hesaplanan gelir vergisi, verilecek muhtasar beyanname \u00fczerinden tahakkuk eden vergiden indirilmek suretiyle terkin edilir. Bu oran\u0131 %50\u2019ye kadar indirmeye ve kanuni seviyesine kadar y\u00fckseltmeye Bakanlar Kurulu yetkilidir. Bakanlar Kurulu bu yetkiyi, stratejik, b\u00fcy\u00fck \u00f6l\u00e7ekli veya \u00f6ncelikli yat\u0131r\u0131mlar ile konusu, sekt\u00f6r\u00fc ve niteli\u011fi itibar\u0131yla proje baz\u0131nda desteklenmesine karar verilen yat\u0131r\u0131mlara y\u00f6nelik olarak, b\u00f6lge, sekt\u00f6r ya da faaliyet alan\u0131 itibar\u0131yla farkl\u0131la\u015ft\u0131rarak veya kademelendirerek kullanabilir. Y\u0131ll\u0131k sat\u0131\u015f tutar\u0131 bu oran\u0131n alt\u0131nda kalan m\u00fckelleflerden zaman\u0131nda tahsil edilmeyen vergiler cezas\u0131z olarak, gecikme zamm\u0131yla birlikte tahsil edilir.\u201d<\/p>\n<p><strong>MADDE 8 \u2013<\/strong>\u00a03218 say\u0131l\u0131 Kanunun 5 inci maddesinin ikinci f\u0131kras\u0131nda yer alan \u201cD\u0131\u015f Ticaret M\u00fcste\u015farl\u0131\u011f\u0131ndan\u201d ibaresi \u201cEkonomi Bakanl\u0131\u011f\u0131ndan\u201d, 7\u00a0nci\u00a0maddesinin birinci f\u0131kras\u0131nda yer alan \u201cD\u0131\u015f Ticaret M\u00fcste\u015farl\u0131\u011f\u0131\u201d ibaresi \u201cEkonomi Bakanl\u0131\u011f\u0131\u201d ve ayn\u0131 maddenin son f\u0131kras\u0131 ile ge\u00e7ici 5 inci maddesinde yer alan \u201cD\u0131\u015f Ticaret M\u00fcste\u015farl\u0131\u011f\u0131nca\u201d ibaresi \u201cEkonomi Bakanl\u0131\u011f\u0131nca\u201d \u015feklinde de\u011fi\u015ftirilmi\u015ftir.<\/p>\n<p><strong>MADDE 9 \u2013<\/strong>\u00a03218 say\u0131l\u0131 Kanunun ge\u00e7ici 4 \u00fcnc\u00fc maddesi y\u00fcr\u00fcrl\u00fckten kald\u0131r\u0131lm\u0131\u015ft\u0131r.<\/p>\n<p><strong>MADDE 10 \u2013<\/strong>\u00a029\/7\/1970\u00a0tarihli ve 1319 say\u0131l\u0131 Emlak Vergisi Kanununun 5 inci maddesinin (f) f\u0131kras\u0131na \u201cOrganize sanayi b\u00f6lgeleri\u201d ibaresinden sonra gelmek \u00fczere \u201c, serbest b\u00f6lgeler\u201d ibaresi eklenmi\u015ftir.<\/p>\n<p><strong>MADDE 11 \u2013<\/strong>\u00a018\/6\/2009\u00a0tarihli ve 5910 say\u0131l\u0131 T\u00fcrkiye \u0130hracat\u00e7\u0131lar Meclisi ile \u0130hracat\u00e7\u0131 Birliklerinin Kurulu\u015f ve G\u00f6revleri Hakk\u0131nda Kanunun 18 inci maddesinin \u00fc\u00e7\u00fcnc\u00fc f\u0131kras\u0131n\u0131n ikinci c\u00fcmlesi y\u00fcr\u00fcrl\u00fckten kald\u0131r\u0131lm\u0131\u015f ve maddenin be\u015finci f\u0131kras\u0131na a\u015fa\u011f\u0131daki c\u00fcmleler eklenmi\u015ftir.<\/p>\n<p>\u201c\u0130hracat\u0131n geli\u015ftirilmesi ve T\u00fcrk mal\u0131 alg\u0131s\u0131n\u0131n d\u00fcnya pazarlar\u0131nda g\u00fc\u00e7lendirilmesini\u00a0teminen\u00a0T\u0130M nezdinde olu\u015fturulan T\u00fcrkiye Tan\u0131t\u0131m Grubunun gelirleri, ihracat i\u015flemleri \u00fczerinden FOB bedelin\u00a0onbinde\u00a0\u00fc\u00e7\u00fcne kadar Bakanl\u0131k\u00e7a belirlenen oranda kesilen katk\u0131 paylar\u0131ndan olu\u015fur. T\u00fcrkiye Tan\u0131t\u0131m Grubunun olu\u015fumu, g\u00f6rev ve faaliyetleri ile \u00e7al\u0131\u015fma usul ve esaslar\u0131 y\u00f6netmelikle belirlenir.\u201d<\/p>\n<p><strong>MADDE 12 \u2013<\/strong>\u00a05910 say\u0131l\u0131 Kanuna a\u015fa\u011f\u0131daki ge\u00e7ici madde eklenmi\u015ftir.<\/p>\n<p>\u201cGE\u00c7\u0130C\u0130 MADDE 2- (1) Bu maddenin y\u00fcr\u00fcrl\u00fc\u011fe girdi\u011fi tarihte \u0130hracat\u00e7\u0131 Birlikleri nezdinde faaliyet g\u00f6stermekte olan tan\u0131t\u0131m gruplar\u0131n\u0131n tasfiyesi ile gelirleri ve di\u011fer hak ve k\u0131ymetlerinin T\u00fcrkiye Tan\u0131t\u0131m Grubuna devrine ili\u015fkin usul ve esaslar Bakanl\u0131k\u00e7a belirlenir.\u201d<\/p>\n<p><strong>MADDE 13 \u2013<\/strong>\u00a03\/6\/2011\u00a0tarihli ve 637 say\u0131l\u0131 Ekonomi Bakanl\u0131\u011f\u0131n\u0131n Te\u015fkilat ve G\u00f6revleri Hakk\u0131nda Kanun H\u00fckm\u00fcnde Kararnamenin 25 inci maddesinin be\u015finci f\u0131kras\u0131 a\u015fa\u011f\u0131daki \u015fekilde de\u011fi\u015ftirilmi\u015f, dokuzuncu f\u0131kras\u0131na a\u015fa\u011f\u0131daki c\u00fcmle eklenmi\u015f ve onuncu f\u0131kras\u0131 a\u015fa\u011f\u0131daki \u015fekilde de\u011fi\u015ftirilmi\u015ftir.<\/p>\n<p>\u201c(5) Yurtd\u0131\u015f\u0131 te\u015fkilat\u0131na s\u00fcrekli g\u00f6revle atanabilmek i\u00e7in bu ataman\u0131n yap\u0131ld\u0131\u011f\u0131 tarihte merkez te\u015fkilat\u0131 birimlerinde fiilen en az \u00fc\u00e7 y\u0131l g\u00f6rev yapm\u0131\u015f olmak zorunludur. Hizmetin gerektirdi\u011fi hallerde, M\u00fcste\u015far, M\u00fcste\u015far Yard\u0131mc\u0131s\u0131, Genel M\u00fcd\u00fcr ve ek g\u00f6sterge itibar\u0131yla Genel M\u00fcd\u00fcre e\u015fde\u011fer unvanlar i\u00e7in bu s\u00fcre \u015fart\u0131 aranmaz.\u201d<\/p>\n<p>\u201cBakan, bu s\u00fcreleri yar\u0131s\u0131na kadar uzatmaya yetkilidir.\u201d<\/p>\n<p>\u201c(10) Yurtd\u0131\u015f\u0131nda temsil, hizmet ya da g\u00f6rev gereklerini yerine getirmedi\u011fi de\u011ferlendirilen veya d\u0131\u015f g\u00f6rev i\u00e7in belirlenen performans \u00f6l\u00e7\u00fctlerini kar\u015f\u0131layamayan veya haklar\u0131nda ceza kovu\u015fturmas\u0131 ba\u015flat\u0131lan memurlar, sekizinci f\u0131kra uyar\u0131nca olu\u015fturulan komisyonun teklifi \u00fczerine Bakan onay\u0131 ile merkeze daimi g\u00f6revle \u00e7a\u011fr\u0131labilir. Bunlarla ilgili kararname Ba\u015fbakanl\u0131\u011fa g\u00f6nderilir.\u201d<\/p>\n<p><strong>MADDE 14 \u2013<\/strong>\u00a0Bu Kanun yay\u0131m\u0131 tarihinde y\u00fcr\u00fcrl\u00fc\u011fe girer.<\/p>\n<p><strong>MADDE 15 \u2013<\/strong>\u00a0Bu Kanun h\u00fck\u00fcmlerini Bakanlar Kurulu y\u00fcr\u00fct\u00fcr.<\/p>\n<p align=\"center\">23\/02\/2017<\/p>\n<\/div>\n<\/td>\n<\/tr>\n<\/tbody>\n<\/table>\n<\/td>\n<\/tr>\n<\/tbody>\n<\/table>\n<\/div>\n","protected":false},"excerpt":{"rendered":"<p>G\u00fcncel Geli\u015fme Detay\u0131 6772 Serbest B\u00f6lgeler Kanunu ile Baz\u0131 Kanun ve Kanun H\u00fckm\u00fcnde Kararnamelerde De\u011fi\u015fiklik Yap\u0131lmas\u0131na Dair Kanun &#8211; 23.02.2017 24 \u015eubat 2017 CUMA Resm\u00ee Gazete Say\u0131 : 29989 KANUN SERBEST B\u00d6LGELER KANUNU \u0130LE BAZI KANUN VE KANUN H\u00dcKM\u00dcNDE KARARNAMELERDE DE\u011e\u0130\u015e\u0130KL\u0130K YAPILMASINA DA\u0130R KANUN Kanun No. 6772\u00a0\u00a0\u00a0\u00a0\u00a0\u00a0\u00a0\u00a0\u00a0\u00a0\u00a0\u00a0\u00a0\u00a0\u00a0\u00a0\u00a0\u00a0\u00a0\u00a0\u00a0\u00a0\u00a0\u00a0\u00a0\u00a0\u00a0\u00a0\u00a0\u00a0\u00a0\u00a0\u00a0\u00a0\u00a0\u00a0\u00a0\u00a0\u00a0\u00a0\u00a0\u00a0\u00a0\u00a0\u00a0\u00a0\u00a0\u00a0\u00a0\u00a0\u00a0\u00a0\u00a0\u00a0\u00a0\u00a0\u00a0\u00a0\u00a0\u00a0\u00a0\u00a0\u00a0\u00a0\u00a0\u00a0\u00a0\u00a0\u00a0\u00a0\u00a0\u00a0\u00a0\u00a0\u00a0\u00a0\u00a0\u00a0\u00a0\u00a0\u00a0\u00a0\u00a0\u00a0\u00a0\u00a0\u00a0\u00a0\u00a0\u00a0\u00a0\u00a0\u00a0\u00a0\u00a0\u00a0\u00a0\u00a0\u00a0\u00a0\u00a0\u00a0\u00a0Kabul Tarihi:\u00a09\/2\/2017 MADDE 1 \u2013\u00a06\/6\/1985\u00a0tarihli ve 3218 say\u0131l\u0131 Serbest [&hellip;]<\/p>\n","protected":false},"author":5,"featured_media":0,"comment_status":"closed","ping_status":"closed","sticky":false,"template":"","format":"standard","meta":{"footnotes":""},"categories":[1],"tags":[],"class_list":{"0":"post-3475","1":"post","2":"type-post","3":"status-publish","4":"format-standard","6":"category-genel"},"_links":{"self":[{"href":"https:\/\/www.rcg.com.tr\/index.php?rest_route=\/wp\/v2\/posts\/3475"}],"collection":[{"href":"https:\/\/www.rcg.com.tr\/index.php?rest_route=\/wp\/v2\/posts"}],"about":[{"href":"https:\/\/www.rcg.com.tr\/index.php?rest_route=\/wp\/v2\/types\/post"}],"author":[{"embeddable":true,"href":"https:\/\/www.rcg.com.tr\/index.php?rest_route=\/wp\/v2\/users\/5"}],"replies":[{"embeddable":true,"href":"https:\/\/www.rcg.com.tr\/index.php?rest_route=%2Fwp%2Fv2%2Fcomments&post=3475"}],"version-history":[{"count":1,"href":"https:\/\/www.rcg.com.tr\/index.php?rest_route=\/wp\/v2\/posts\/3475\/revisions"}],"predecessor-version":[{"id":3476,"href":"https:\/\/www.rcg.com.tr\/index.php?rest_route=\/wp\/v2\/posts\/3475\/revisions\/3476"}],"wp:attachment":[{"href":"https:\/\/www.rcg.com.tr\/index.php?rest_route=%2Fwp%2Fv2%2Fmedia&parent=3475"}],"wp:term":[{"taxonomy":"category","embeddable":true,"href":"https:\/\/www.rcg.com.tr\/index.php?rest_route=%2Fwp%2Fv2%2Fcategories&post=3475"},{"taxonomy":"post_tag","embeddable":true,"href":"https:\/\/www.rcg.com.tr\/index.php?rest_route=%2Fwp%2Fv2%2Ftags&post=3475"}],"curies":[{"name":"wp","href":"https:\/\/api.w.org\/{rel}","templated":true}]}}