{"id":3413,"date":"2016-12-26T11:56:22","date_gmt":"2016-12-26T09:56:22","guid":{"rendered":"http:\/\/rcg.com.tr\/?p=3413"},"modified":"2016-12-26T11:56:22","modified_gmt":"2016-12-26T09:56:22","slug":"20169643-4447-sayili-issizlik-sigortasi-kanununun-gecici-15-inci-maddesinin-uygulanma-suresinin-uzatilmasina-iliskin-karar-24-12-2016","status":"publish","type":"post","link":"https:\/\/www.rcg.com.tr\/?p=3413","title":{"rendered":"2016\/9643 4447 Say\u0131l\u0131 \u0130\u015fsizlik Sigortas\u0131 Kanununun Ge\u00e7ici 15 inci Maddesinin Uygulanma S\u00fcresinin Uzat\u0131lmas\u0131na \u0130li\u015fkin Karar &#8211; 24.12.2016"},"content":{"rendered":"<div class=\"baslik-all100\"><\/div>\n<div class=\"indx_yazi\">\n<p><strong>2016\/9643 4447 Say\u0131l\u0131 \u0130\u015fsizlik Sigortas\u0131 Kanununun Ge\u00e7ici 15 inci Maddesinin Uygulanma S\u00fcresinin Uzat\u0131lmas\u0131na \u0130li\u015fkin Karar &#8211; 24.12.2016<\/strong><\/p>\n<p class=\"post-tile entry-title\"><strong>BKK 2016\/9643 4447 Say\u0131l\u0131 \u0130\u015fsizlik Sigortas\u0131 Kanununun Ge\u00e7ici 15 inci Maddesinin Uygulanma S\u00fcresinin Uzat\u0131lmas\u0131na \u0130li\u015fkin Karar<\/strong><\/p>\n<div class=\"mom-post-meta single-post-meta\"><\/div>\n<div class=\"mom-post-meta single-post-meta\"><\/div>\n<div class=\"entry-content\">\n<p><strong>4447 Say\u0131l\u0131 Kanun Ge\u00e7ici 15. madde<\/strong><\/p>\n<p>24 Aral\u0131k 2016 Tarihli Resmi Gazete<\/p>\n<p>Say\u0131:\u00a029928<\/p>\n<p><strong>Karar Say\u0131s\u0131 : 2016\/9643<\/strong><\/p>\n<p><strong><a href=\"http:\/\/www.alomaliye.com\/2000\/09\/08\/issizlik-sigortasi-kanunu-4447-sayili-kanun\/\">4447 say\u0131l\u0131 i\u015fsizlik Sigortas\u0131 Kanununun<\/a><\/strong>\u00a0ge\u00e7ici 15 inci maddesinin uygulanma s\u00fcresinin uzat\u0131lmas\u0131na ili\u015fkin ekli Karar\u0131n y\u00fcr\u00fcrl\u00fc\u011fe konulmas\u0131; \u00c7al\u0131\u015fma ve Sosyal G\u00fcvenlik Bakanl\u0131\u011f\u0131 (T\u00fcrkiye \u0130\u015f Kurumu Genel M\u00fcd\u00fcrl\u00fc\u011f\u00fc)\u2019n\u0131n 14\/12\/2016 tarihli ve 44472 say\u0131l\u0131 yaz\u0131s\u0131 \u00fczerine, ad\u0131 ge\u00e7en Kanunun an\u0131lan maddesine g\u00f6re, Bakanlar Kurulu\u2019nca 20\/12\/2016 tarihinde kararla\u015ft\u0131r\u0131lm\u0131\u015ft\u0131r.<\/p>\n<p>Recep Tayyip ERDO\u011eAN<\/p>\n<p>CUMHURBA\u015eKANI<\/p>\n<p><strong>20\/12\/2016 TAR\u0130HL\u0130 VE 2016\/9643 SAYILI KARARNAMEN\u0130N EK\u0130<\/strong><\/p>\n<p><strong>KARAR<\/strong><\/p>\n<p><strong>S\u00fcre uzat\u0131m\u0131<\/strong><\/p>\n<p>MADDE 1- (1) 25\/8\/1999 tarihli ve 4447 say\u0131l\u0131 \u0130\u015fsizlik Sigortas\u0131 Kanununun ge\u00e7ici 15 inci maddesinin uygulanma s\u00fcresi 31\/12\/2017 tarihine kadar uzat\u0131lm\u0131\u015ft\u0131r.<\/p>\n<p><strong>Y\u00fcr\u00fcrl\u00fck<\/strong><\/p>\n<p>MADDE 2- (1) Bu Karar yay\u0131m\u0131 tarihinde y\u00fcr\u00fcrl\u00fc\u011fe girer.<\/p>\n<p><strong>Y\u00fcr\u00fctme<\/strong><\/p>\n<p>MADDE 3- (1) Bu Karar h\u00fck\u00fcmlerini \u00c7al\u0131\u015fma ve Sosyal G\u00fcvenlik Bakan\u0131 y\u00fcr\u00fct\u00fcr.<\/p>\n<\/div>\n<\/div>\n","protected":false},"excerpt":{"rendered":"<p>2016\/9643 4447 Say\u0131l\u0131 \u0130\u015fsizlik Sigortas\u0131 Kanununun Ge\u00e7ici 15 inci Maddesinin Uygulanma S\u00fcresinin Uzat\u0131lmas\u0131na \u0130li\u015fkin Karar &#8211; 24.12.2016 BKK 2016\/9643 4447 Say\u0131l\u0131 \u0130\u015fsizlik Sigortas\u0131 Kanununun Ge\u00e7ici 15 inci Maddesinin Uygulanma S\u00fcresinin Uzat\u0131lmas\u0131na \u0130li\u015fkin Karar 4447 Say\u0131l\u0131 Kanun Ge\u00e7ici 15. madde 24 Aral\u0131k 2016 Tarihli Resmi Gazete Say\u0131:\u00a029928 Karar Say\u0131s\u0131 : 2016\/9643 4447 say\u0131l\u0131 i\u015fsizlik Sigortas\u0131 Kanununun\u00a0ge\u00e7ici [&hellip;]<\/p>\n","protected":false},"author":5,"featured_media":0,"comment_status":"closed","ping_status":"closed","sticky":false,"template":"","format":"standard","meta":{"footnotes":""},"categories":[1],"tags":[],"class_list":{"0":"post-3413","1":"post","2":"type-post","3":"status-publish","4":"format-standard","6":"category-genel"},"_links":{"self":[{"href":"https:\/\/www.rcg.com.tr\/index.php?rest_route=\/wp\/v2\/posts\/3413"}],"collection":[{"href":"https:\/\/www.rcg.com.tr\/index.php?rest_route=\/wp\/v2\/posts"}],"about":[{"href":"https:\/\/www.rcg.com.tr\/index.php?rest_route=\/wp\/v2\/types\/post"}],"author":[{"embeddable":true,"href":"https:\/\/www.rcg.com.tr\/index.php?rest_route=\/wp\/v2\/users\/5"}],"replies":[{"embeddable":true,"href":"https:\/\/www.rcg.com.tr\/index.php?rest_route=%2Fwp%2Fv2%2Fcomments&post=3413"}],"version-history":[{"count":1,"href":"https:\/\/www.rcg.com.tr\/index.php?rest_route=\/wp\/v2\/posts\/3413\/revisions"}],"predecessor-version":[{"id":3414,"href":"https:\/\/www.rcg.com.tr\/index.php?rest_route=\/wp\/v2\/posts\/3413\/revisions\/3414"}],"wp:attachment":[{"href":"https:\/\/www.rcg.com.tr\/index.php?rest_route=%2Fwp%2Fv2%2Fmedia&parent=3413"}],"wp:term":[{"taxonomy":"category","embeddable":true,"href":"https:\/\/www.rcg.com.tr\/index.php?rest_route=%2Fwp%2Fv2%2Fcategories&post=3413"},{"taxonomy":"post_tag","embeddable":true,"href":"https:\/\/www.rcg.com.tr\/index.php?rest_route=%2Fwp%2Fv2%2Ftags&post=3413"}],"curies":[{"name":"wp","href":"https:\/\/api.w.org\/{rel}","templated":true}]}}