{"id":3400,"date":"2016-12-01T09:23:33","date_gmt":"2016-12-01T07:23:33","guid":{"rendered":"http:\/\/rcg.com.tr\/?p=3400"},"modified":"2016-12-01T09:23:33","modified_gmt":"2016-12-01T07:23:33","slug":"20169567-bazi-mallarin-ozel-tuketim-vergisi-tutarlarinin-yeniden-belirlenmesi-hakkinda-karar-01-12-2016","status":"publish","type":"post","link":"https:\/\/www.rcg.com.tr\/?p=3400","title":{"rendered":"2016\/9567 Baz\u0131 Mallar\u0131n \u00d6zel T\u00fcketim Vergisi Tutarlar\u0131n\u0131n Yeniden Belirlenmesi Hakk\u0131nda Karar &#8211; 01.12.2016"},"content":{"rendered":"<p><strong>2016\/9567 Baz\u0131 Mallar\u0131n \u00d6zel T\u00fcketim Vergisi Tutarlar\u0131n\u0131n Yeniden Belirlenmesi Hakk\u0131nda Karar &#8211; 01.12.2016<\/strong><\/p>\n<p>01 Aral\u0131k 2016 Tarihli Resmi Gazete<\/p>\n<p>Say\u0131:\u00a029905<\/p>\n<p><strong>Karar Say\u0131s\u0131 : 2016\/9567<\/strong><\/p>\n<p>Ekli Karar\u0131n y\u00fcr\u00fcrl\u00fc\u011fe konulmas\u0131; Maliye Bakanl\u0131\u011f\u0131n\u0131n 30\/11\/2016 tarihli ve 127811 say\u0131l\u0131 yaz\u0131s\u0131 \u00fczerine, Bakanlar Kurulu\u2019nca 30\/11\/2016 tarihinde kararla\u015ft\u0131r\u0131lm\u0131\u015ft\u0131r.<\/p>\n<p>Recep Tayyip ERDO\u011eAN<\/p>\n<p>CUMHURBA\u015eKANI<\/p>\n<p><strong>30\/11\/2016 TAR\u0130HL\u0130 VE 2016\/9567 SAYILI KARARNAMEN\u0130N EK\u0130<\/strong><\/p>\n<p><strong>KARAR<\/strong><\/p>\n<p><strong><a href=\"http:\/\/www.alomaliye.com\/wp-content\/uploads\/2016\/12\/bkk-2016-9567-ekii.pdf\">T\u0131klay\u0131n\u0131z<\/a><\/strong><\/p>\n","protected":false},"excerpt":{"rendered":"<p>2016\/9567 Baz\u0131 Mallar\u0131n \u00d6zel T\u00fcketim Vergisi Tutarlar\u0131n\u0131n Yeniden Belirlenmesi Hakk\u0131nda Karar &#8211; 01.12.2016 01 Aral\u0131k 2016 Tarihli Resmi Gazete Say\u0131:\u00a029905 Karar Say\u0131s\u0131 : 2016\/9567 Ekli Karar\u0131n y\u00fcr\u00fcrl\u00fc\u011fe konulmas\u0131; Maliye Bakanl\u0131\u011f\u0131n\u0131n 30\/11\/2016 tarihli ve 127811 say\u0131l\u0131 yaz\u0131s\u0131 \u00fczerine, Bakanlar Kurulu\u2019nca 30\/11\/2016 tarihinde kararla\u015ft\u0131r\u0131lm\u0131\u015ft\u0131r. Recep Tayyip ERDO\u011eAN CUMHURBA\u015eKANI 30\/11\/2016 TAR\u0130HL\u0130 VE 2016\/9567 SAYILI KARARNAMEN\u0130N EK\u0130 KARAR T\u0131klay\u0131n\u0131z<\/p>\n","protected":false},"author":5,"featured_media":0,"comment_status":"closed","ping_status":"closed","sticky":false,"template":"","format":"standard","meta":{"footnotes":""},"categories":[1],"tags":[],"class_list":{"0":"post-3400","1":"post","2":"type-post","3":"status-publish","4":"format-standard","6":"category-genel"},"_links":{"self":[{"href":"https:\/\/www.rcg.com.tr\/index.php?rest_route=\/wp\/v2\/posts\/3400"}],"collection":[{"href":"https:\/\/www.rcg.com.tr\/index.php?rest_route=\/wp\/v2\/posts"}],"about":[{"href":"https:\/\/www.rcg.com.tr\/index.php?rest_route=\/wp\/v2\/types\/post"}],"author":[{"embeddable":true,"href":"https:\/\/www.rcg.com.tr\/index.php?rest_route=\/wp\/v2\/users\/5"}],"replies":[{"embeddable":true,"href":"https:\/\/www.rcg.com.tr\/index.php?rest_route=%2Fwp%2Fv2%2Fcomments&post=3400"}],"version-history":[{"count":1,"href":"https:\/\/www.rcg.com.tr\/index.php?rest_route=\/wp\/v2\/posts\/3400\/revisions"}],"predecessor-version":[{"id":3401,"href":"https:\/\/www.rcg.com.tr\/index.php?rest_route=\/wp\/v2\/posts\/3400\/revisions\/3401"}],"wp:attachment":[{"href":"https:\/\/www.rcg.com.tr\/index.php?rest_route=%2Fwp%2Fv2%2Fmedia&parent=3400"}],"wp:term":[{"taxonomy":"category","embeddable":true,"href":"https:\/\/www.rcg.com.tr\/index.php?rest_route=%2Fwp%2Fv2%2Fcategories&post=3400"},{"taxonomy":"post_tag","embeddable":true,"href":"https:\/\/www.rcg.com.tr\/index.php?rest_route=%2Fwp%2Fv2%2Ftags&post=3400"}],"curies":[{"name":"wp","href":"https:\/\/api.w.org\/{rel}","templated":true}]}}