{"id":3394,"date":"2016-11-11T09:58:34","date_gmt":"2016-11-11T07:58:34","guid":{"rendered":"http:\/\/rcg.com.tr\/?p=3394"},"modified":"2016-11-11T09:58:34","modified_gmt":"2016-11-11T07:58:34","slug":"vergi-usul-kanunu-genel-tebligi-sira-no-474-11-11-2016","status":"publish","type":"post","link":"https:\/\/www.rcg.com.tr\/?p=3394","title":{"rendered":"Vergi Usul Kanunu Genel Tebli\u011fi (S\u0131ra No: 474) &#8211; 11.11.2016"},"content":{"rendered":"<p><strong>Vergi Usul Kanunu Genel Tebli\u011fi (S\u0131ra No: 474) &#8211; 11.11.2016<\/strong><\/p>\n<table border=\"0\" width=\"586\" cellspacing=\"0\" cellpadding=\"0\">\n<tbody>\n<tr>\n<td>11 Kas\u0131m 2016 CUMA<\/td>\n<td>\n<p align=\"center\"><strong>Resm\u00ee Gazete<\/strong><\/p>\n<\/td>\n<td>\n<p align=\"right\">Say\u0131 : 29885<\/p>\n<\/td>\n<\/tr>\n<tr>\n<td colspan=\"3\">\n<p align=\"center\"><strong>TEBL\u0130\u011e<\/strong><\/p>\n<\/td>\n<\/tr>\n<tr>\n<td colspan=\"3\">Maliye Bakanl\u0131\u011f\u0131 (Gelir \u0130daresi Ba\u015fkanl\u0131\u011f\u0131)\u2019ndan:<\/p>\n<p>VERG\u0130 USUL KANUNU GENEL TEBL\u0130\u011e\u0130<\/p>\n<p>(SIRA NO: 474)<\/p>\n<p>Bilindi\u011fi \u00fczere, 213 say\u0131l\u0131 Vergi Usul Kanununun m\u00fckerrer 298 inci maddesinin (B) f\u0131kras\u0131nda \u201cYeniden de\u011ferleme oran\u0131, yeniden de\u011ferleme yap\u0131lacak y\u0131l\u0131n Ekim ay\u0131nda (Ekim ay\u0131 d\u00e2hil) bir \u00f6nceki y\u0131l\u0131n ayn\u0131 d\u00f6nemine g\u00f6re T\u00fcrkiye \u0130statistik Kurumunun Yurt \u0130\u00e7i \u00dcretici Fiyat Endeksinde meydana gelen ortalama fiyat art\u0131\u015f oran\u0131d\u0131r. Bu oran Maliye Bakanl\u0131\u011f\u0131nca Resm\u00ee Gazete ile ilan edilir.\u201d h\u00fckm\u00fc yer almaktad\u0131r.<\/p>\n<p>Bu h\u00fck\u00fcm uyar\u0131nca, yeniden de\u011ferleme oran\u0131 2016 y\u0131l\u0131 i\u00e7in % 3,83 (\u00fc\u00e7 virg\u00fcl\u00a0seksen\u00fc\u00e7) olarak tespit edilmi\u015ftir.<\/p>\n<p>Bu oran, ayn\u0131 zamanda 2016 y\u0131l\u0131na ait son ge\u00e7ici vergi d\u00f6nemi i\u00e7in de uygulanacakt\u0131r.<\/p>\n<p>\u00d6te yandan, bu konuda daha \u00f6nce yay\u0131mlanm\u0131\u015f olan tebli\u011fler de y\u00fcr\u00fcrl\u00fckte bulunmaktad\u0131r.<\/p>\n<p>Tebli\u011f olunur.<\/td>\n<\/tr>\n<\/tbody>\n<\/table>\n","protected":false},"excerpt":{"rendered":"<p>Vergi Usul Kanunu Genel Tebli\u011fi (S\u0131ra No: 474) &#8211; 11.11.2016 11 Kas\u0131m 2016 CUMA Resm\u00ee Gazete Say\u0131 : 29885 TEBL\u0130\u011e Maliye Bakanl\u0131\u011f\u0131 (Gelir \u0130daresi Ba\u015fkanl\u0131\u011f\u0131)\u2019ndan: VERG\u0130 USUL KANUNU GENEL TEBL\u0130\u011e\u0130 (SIRA NO: 474) Bilindi\u011fi \u00fczere, 213 say\u0131l\u0131 Vergi Usul Kanununun m\u00fckerrer 298 inci maddesinin (B) f\u0131kras\u0131nda \u201cYeniden de\u011ferleme oran\u0131, yeniden de\u011ferleme yap\u0131lacak y\u0131l\u0131n Ekim ay\u0131nda [&hellip;]<\/p>\n","protected":false},"author":5,"featured_media":0,"comment_status":"closed","ping_status":"closed","sticky":false,"template":"","format":"standard","meta":{"footnotes":""},"categories":[1],"tags":[],"class_list":{"0":"post-3394","1":"post","2":"type-post","3":"status-publish","4":"format-standard","6":"category-genel"},"_links":{"self":[{"href":"https:\/\/www.rcg.com.tr\/index.php?rest_route=\/wp\/v2\/posts\/3394"}],"collection":[{"href":"https:\/\/www.rcg.com.tr\/index.php?rest_route=\/wp\/v2\/posts"}],"about":[{"href":"https:\/\/www.rcg.com.tr\/index.php?rest_route=\/wp\/v2\/types\/post"}],"author":[{"embeddable":true,"href":"https:\/\/www.rcg.com.tr\/index.php?rest_route=\/wp\/v2\/users\/5"}],"replies":[{"embeddable":true,"href":"https:\/\/www.rcg.com.tr\/index.php?rest_route=%2Fwp%2Fv2%2Fcomments&post=3394"}],"version-history":[{"count":1,"href":"https:\/\/www.rcg.com.tr\/index.php?rest_route=\/wp\/v2\/posts\/3394\/revisions"}],"predecessor-version":[{"id":3395,"href":"https:\/\/www.rcg.com.tr\/index.php?rest_route=\/wp\/v2\/posts\/3394\/revisions\/3395"}],"wp:attachment":[{"href":"https:\/\/www.rcg.com.tr\/index.php?rest_route=%2Fwp%2Fv2%2Fmedia&parent=3394"}],"wp:term":[{"taxonomy":"category","embeddable":true,"href":"https:\/\/www.rcg.com.tr\/index.php?rest_route=%2Fwp%2Fv2%2Fcategories&post=3394"},{"taxonomy":"post_tag","embeddable":true,"href":"https:\/\/www.rcg.com.tr\/index.php?rest_route=%2Fwp%2Fv2%2Ftags&post=3394"}],"curies":[{"name":"wp","href":"https:\/\/api.w.org\/{rel}","templated":true}]}}