{"id":3379,"date":"2016-10-26T12:36:41","date_gmt":"2016-10-26T09:36:41","guid":{"rendered":"http:\/\/rcg.com.tr\/?p=3379"},"modified":"2016-10-26T12:36:41","modified_gmt":"2016-10-26T09:36:41","slug":"20169385-6736-sayili-bazi-alacaklarin-yeniden-yapilandirilmasina-iliskin-kanunda-yer-alan-bazi-surelerin-uzatilmasi-hakkinda-karar-26-10-2016","status":"publish","type":"post","link":"https:\/\/www.rcg.com.tr\/?p=3379","title":{"rendered":"2016\/9385 6736 Say\u0131l\u0131 Baz\u0131 Alacaklar\u0131n Yeniden Yap\u0131land\u0131r\u0131lmas\u0131na \u0130li\u015fkin Kanunda Yer Alan Baz\u0131 S\u00fcrelerin Uzat\u0131lmas\u0131 Hakk\u0131nda Karar &#8211; 26.10.2016"},"content":{"rendered":"<p><strong>2016\/9385 6736 Say\u0131l\u0131 Baz\u0131 Alacaklar\u0131n Yeniden Yap\u0131land\u0131r\u0131lmas\u0131na \u0130li\u015fkin Kanunda Yer Alan Baz\u0131 S\u00fcrelerin Uzat\u0131lmas\u0131 Hakk\u0131nda Karar &#8211; 26.10.2016<\/strong><\/p>\n<p>26 Ekim 2016 Tarihli Resmi Gazete<\/p>\n<p>Say\u0131: 29869-Karar Say\u0131s\u0131 : 2016\/9385<\/p>\n<p>6736 say\u0131l\u0131 Baz\u0131 Alacaklar\u0131n Yeniden Yap\u0131land\u0131r\u0131lmas\u0131na \u0130li\u015fkin Kanunda yer alan baz\u0131 s\u00fcrelerin uzat\u0131lmas\u0131 hakk\u0131ndaki ekli Karar\u0131n y\u00fcr\u00fcrl\u00fc\u011fe konulmas\u0131; Maliye Bakanl\u0131\u011f\u0131n\u0131n 24\/10\/2016 tarihli ve 108326 say\u0131l\u0131 yaz\u0131s\u0131 \u00fczerine, 3\/8\/2016 tarihli ve 6736 say\u0131l\u0131 Kanunun 10 uncu maddesine g\u00f6re, Bakanlar Kurulu\u2019nca 25\/10\/2016 tarihinde kararla\u015ft\u0131r\u0131lm\u0131\u015ft\u0131r.<\/p>\n<p>Recep Tayyip ERDO\u011eAN<\/p>\n<p>CUMHURBA\u015eKANI<\/p>\n<p>25\/10\/2016 TAR\u0130HL\u0130 VE 2016\/9385 SAYILI KARARNAMEN\u0130N EK\u0130 KARAR<\/p>\n<p>Ba\u015fvuru ve ilk taksit \u00f6deme s\u00fcreleri<\/p>\n<p>MADDE 1-(1) 3\/8\/2016 tarihli ve 6736 say\u0131l\u0131 Baz\u0131 Alacaklar\u0131n Yeniden Yap\u0131land\u0131r\u0131lmas\u0131na \u0130li\u015fkin Kanunda yer alan ba\u015fvuru s\u00fcreleri, Kanunun 4 \u00fcnc\u00fc maddesinin birinci f\u0131kras\u0131 ile 6 nc\u0131 maddesi h\u00fckm\u00fc sakl\u0131 kalmak \u00fczere, Kanunda belirtilen s\u00fcrelerin bitiminden itibaren\u00a0<strong>25\/11\/2016<\/strong>\u00a0tarihine (bu tarih d\u00e2hil) kadar uzat\u0131lm\u0131\u015ft\u0131r.<\/p>\n<p>(2) 6736 say\u0131l\u0131 Kanunun 4 \u00fcnc\u00fc maddesinin birinci f\u0131kras\u0131nda yer alan ba\u015fvuru ve ilk taksit \u00f6deme s\u00fcresi; Kanunun yay\u0131mland\u0131\u011f\u0131 19\/8\/2016 tarihinden (bu tarih hari\u00e7) 31\/10\/2016 tarihine (bu tarih d\u00e2hil) kadar yap\u0131lan tebligatlara m\u00fcnhas\u0131r olmak \u00fczere Kanunda belirtilen s\u00fcrelerin bitiminden itibaren bir ay uzat\u0131lm\u0131\u015ft\u0131r.<\/p>\n<p>Y\u00fcr\u00fcrl\u00fck<\/p>\n<p>MADDE 2- (1) Bu Karar yay\u0131m\u0131 tarihinde y\u00fcr\u00fcrl\u00fc\u011fe girer.<\/p>\n<p>Y\u00fcr\u00fctme<\/p>\n<p>MADDE 3- (1) Bu Karar h\u00fck\u00fcmlerini Bakanlar Kurulu y\u00fcr\u00fct\u00fcr.<\/p>\n","protected":false},"excerpt":{"rendered":"<p>2016\/9385 6736 Say\u0131l\u0131 Baz\u0131 Alacaklar\u0131n Yeniden Yap\u0131land\u0131r\u0131lmas\u0131na \u0130li\u015fkin Kanunda Yer Alan Baz\u0131 S\u00fcrelerin Uzat\u0131lmas\u0131 Hakk\u0131nda Karar &#8211; 26.10.2016 26 Ekim 2016 Tarihli Resmi Gazete Say\u0131: 29869-Karar Say\u0131s\u0131 : 2016\/9385 6736 say\u0131l\u0131 Baz\u0131 Alacaklar\u0131n Yeniden Yap\u0131land\u0131r\u0131lmas\u0131na \u0130li\u015fkin Kanunda yer alan baz\u0131 s\u00fcrelerin uzat\u0131lmas\u0131 hakk\u0131ndaki ekli Karar\u0131n y\u00fcr\u00fcrl\u00fc\u011fe konulmas\u0131; Maliye Bakanl\u0131\u011f\u0131n\u0131n 24\/10\/2016 tarihli ve 108326 say\u0131l\u0131 yaz\u0131s\u0131 [&hellip;]<\/p>\n","protected":false},"author":5,"featured_media":0,"comment_status":"closed","ping_status":"closed","sticky":false,"template":"","format":"standard","meta":{"footnotes":""},"categories":[1],"tags":[],"class_list":{"0":"post-3379","1":"post","2":"type-post","3":"status-publish","4":"format-standard","6":"category-genel"},"_links":{"self":[{"href":"https:\/\/www.rcg.com.tr\/index.php?rest_route=\/wp\/v2\/posts\/3379"}],"collection":[{"href":"https:\/\/www.rcg.com.tr\/index.php?rest_route=\/wp\/v2\/posts"}],"about":[{"href":"https:\/\/www.rcg.com.tr\/index.php?rest_route=\/wp\/v2\/types\/post"}],"author":[{"embeddable":true,"href":"https:\/\/www.rcg.com.tr\/index.php?rest_route=\/wp\/v2\/users\/5"}],"replies":[{"embeddable":true,"href":"https:\/\/www.rcg.com.tr\/index.php?rest_route=%2Fwp%2Fv2%2Fcomments&post=3379"}],"version-history":[{"count":1,"href":"https:\/\/www.rcg.com.tr\/index.php?rest_route=\/wp\/v2\/posts\/3379\/revisions"}],"predecessor-version":[{"id":3380,"href":"https:\/\/www.rcg.com.tr\/index.php?rest_route=\/wp\/v2\/posts\/3379\/revisions\/3380"}],"wp:attachment":[{"href":"https:\/\/www.rcg.com.tr\/index.php?rest_route=%2Fwp%2Fv2%2Fmedia&parent=3379"}],"wp:term":[{"taxonomy":"category","embeddable":true,"href":"https:\/\/www.rcg.com.tr\/index.php?rest_route=%2Fwp%2Fv2%2Fcategories&post=3379"},{"taxonomy":"post_tag","embeddable":true,"href":"https:\/\/www.rcg.com.tr\/index.php?rest_route=%2Fwp%2Fv2%2Ftags&post=3379"}],"curies":[{"name":"wp","href":"https:\/\/api.w.org\/{rel}","templated":true}]}}