{"id":3376,"date":"2016-10-26T10:07:13","date_gmt":"2016-10-26T07:07:13","guid":{"rendered":"http:\/\/rcg.com.tr\/?p=3376"},"modified":"2016-10-26T10:07:13","modified_gmt":"2016-10-26T07:07:13","slug":"vergi-incelemelerinde-uyulacak-usul-ve-esaslar-hakkinda-yonetmelikte-degisiklik-yapilmasina-dair-yonetmelik-25-10-2016","status":"publish","type":"post","link":"https:\/\/www.rcg.com.tr\/?p=3376","title":{"rendered":"Vergi \u0130ncelemelerinde Uyulacak Usul ve Esaslar Hakk\u0131nda Y\u00f6netmelikte De\u011fi\u015fiklik Yap\u0131lmas\u0131na Dair Y\u00f6netmelik &#8211; 25.10.2016"},"content":{"rendered":"<p><strong>Vergi \u0130ncelemelerinde Uyulacak Usul ve Esaslar Hakk\u0131nda Y\u00f6netmelikte De\u011fi\u015fiklik Yap\u0131lmas\u0131na Dair Y\u00f6netmelik &#8211; 25.10.2016<\/strong><\/p>\n<table border=\"0\" cellspacing=\"0\" cellpadding=\"0\" align=\"center\">\n<tbody>\n<tr>\n<td>\n<table border=\"0\" width=\"586\" cellspacing=\"0\" cellpadding=\"0\" align=\"center\">\n<tbody>\n<tr>\n<td>25 Ekim 2016 SALI<\/td>\n<td>\n<p align=\"center\"><strong>Resm\u00ee Gazete<\/strong><\/p>\n<\/td>\n<td>\n<p align=\"right\">Say\u0131 : 29868<\/p>\n<\/td>\n<\/tr>\n<tr>\n<td colspan=\"3\">\n<p align=\"center\"><strong>Y\u00d6NETMEL\u0130K<\/strong><\/p>\n<\/td>\n<\/tr>\n<tr>\n<td colspan=\"3\">Maliye Bakanl\u0131\u011f\u0131ndan:<\/p>\n<p>VERG\u0130 \u0130NCELEMELER\u0130NDE UYULACAK USUL VE ESASLAR HAKKINDA<\/p>\n<p>Y\u00d6NETMEL\u0130KTE DE\u011e\u0130\u015e\u0130KL\u0130K YAPILMASINA DA\u0130R Y\u00d6NETMEL\u0130K<\/p>\n<p><strong>MADDE 1 \u2013\u00a0<\/strong>31\/10\/2011\u00a0tarihli ve 28101 say\u0131l\u0131 Resm\u00ee Gazete\u2019de yay\u0131mlanan Vergi \u0130ncelemelerinde Uyulacak Usul ve Esaslar Hakk\u0131nda Y\u00f6netmeli\u011fin 6\u00a0nc\u0131\u00a0maddesinin \u00fc\u00e7\u00fcnc\u00fc f\u0131kras\u0131 a\u015fa\u011f\u0131daki \u015fekilde de\u011fi\u015ftirilmi\u015ftir.<\/p>\n<p>\u201c(3) Vergi incelemesi, sadece inceleme g\u00f6rev yaz\u0131s\u0131nda belirtilen konu ve d\u00f6neme ili\u015fkin olarak yap\u0131l\u0131r. \u0130nceleme konusu ve d\u00f6nemi ile ilgili olmayan herhangi bir hususa ili\u015fkin m\u00fckelleften bilgi ve belge talebinde bulunulamaz. Y\u00fcr\u00fct\u00fclmekte olan incelemeler s\u0131ras\u0131nda, g\u00f6revlendirme yaz\u0131s\u0131nda belirtilenden farkl\u0131 bir konu veya d\u00f6neme ili\u015fkin ele\u015ftiriyi gerektiren hususlar\u0131n tespiti durumunda s\u00f6z konusu durum inceleme g\u00f6revini verenlere bildirilir. G\u00f6revlendirme yaz\u0131s\u0131nda yer alan inceleme konusuna giren tespitlerin, bu yaz\u0131da yer almayan farkl\u0131 vergi t\u00fcrlerine ili\u015fkin olarak da rapor yaz\u0131lmas\u0131n\u0131 gerektirmesi durumunda, bu husus yeni bir g\u00f6revlendirme gerektirmez.\u201d<\/p>\n<p><strong>MADDE 2 \u2013<\/strong>\u00a0Ayn\u0131 Y\u00f6netmeli\u011fin 12\u00a0nci\u00a0maddesinin birinci f\u0131kras\u0131n\u0131n ikinci c\u00fcmlesi a\u015fa\u011f\u0131daki \u015fekilde de\u011fi\u015ftirilmi\u015ftir.<\/p>\n<p>\u201cYaz\u0131da, ibraz edilecek defter ve belgeler ile on be\u015f g\u00fcnden az olmamak \u00fczere ibraz s\u00fcresine, ibraz yerine ve ibraz edilmemesi halinde uygulanacak m\u00fceyyidelere yer verilir.\u201d<\/p>\n<p><strong>MADDE 3 \u2013<\/strong>\u00a0Ayn\u0131 Y\u00f6netmeli\u011fin 16\u00a0nc\u0131\u00a0maddesinin ikinci f\u0131kras\u0131n\u0131n birinci c\u00fcmlesi a\u015fa\u011f\u0131daki \u015fekilde de\u011fi\u015ftirilmi\u015ftir.<\/p>\n<p>\u201cBu tutanaklar\u0131n taslaklar\u0131, m\u00fckelleflerin itiraz ve m\u00fclahazalar\u0131n\u0131n tutana\u011fa ge\u00e7irilebilmesini sa\u011flamak amac\u0131yla, m\u00fckelleflerin talep etmesi durumunda iki g\u00fcn \u00f6nceden m\u00fckelleflerin bilgisine sunulur.\u201d<\/p>\n<p><strong>MADDE 4 \u2013<\/strong>\u00a0Ayn\u0131 Y\u00f6netmeli\u011fin 17\u00a0nci\u00a0maddesinin birinci f\u0131kras\u0131na a\u015fa\u011f\u0131daki bentler eklenmi\u015ftir.<\/p>\n<p>\u201cf) Tutana\u011f\u0131n taslak halinin 16\u00a0nc\u0131\u00a0maddenin ikinci f\u0131kras\u0131 uyar\u0131nca m\u00fckellefin bilgisine sunuldu\u011fu hususu,<\/p>\n<p>g) M\u00fckelleflerin Rapor De\u011ferlendirme Komisyonlar\u0131nda dinlenme talebinin olup olmad\u0131\u011f\u0131na ili\u015fkin ifade,\u201d<\/p>\n<p><strong>MADDE 5 \u2013\u00a0<\/strong>Ayn\u0131 Y\u00f6netmeli\u011fin 19 uncu maddesi a\u015fa\u011f\u0131daki \u015fekilde de\u011fi\u015ftirilmi\u015ftir.<\/p>\n<p>\u201c<strong>MADDE 19 \u2013<\/strong>\u00a0(1) Vergi inceleme raporlar\u0131, vergi t\u00fcr\u00fc ve d\u00f6nemi itibar\u0131yla ayr\u0131\u00a0ayr\u0131\u00a0d\u00fczenlenir.\u00a0Vergilendirme d\u00f6nemi bir y\u0131ldan daha k\u0131sa olan vergilere ili\u015fkin vergi inceleme raporlar\u0131, her bir d\u00f6neme ili\u015fkin matrah ve\/veya vergi farklar\u0131 ayr\u0131\u00a0ayr\u0131\u00a0g\u00f6sterilmek suretiyle hesap d\u00f6nemine g\u00f6re kazan\u00e7lar\u0131 tespit edilenler i\u00e7in takvim y\u0131l\u0131 a\u015f\u0131lmamak ko\u015fuluyla, \u00f6zel hesap d\u00f6nemine t\u00e2bi m\u00fckelleflerde ise \u00f6zel hesap d\u00f6nemine tekab\u00fcl edecek \u015fekilde tek bir rapor olarak d\u00fczenlenebilir.<\/p>\n<p>(2) Vergi incelemesi yapmaya yetkili olanlarca kendilerine verilmi\u015f vergi inceleme g\u00f6revleri ile ilgili olarak tespit edilen ve birden fazla vergi t\u00fcr\u00fcnde ele\u015ftiri gerektiren hususlara ili\u015fkin raporlar ayr\u0131\u00a0ayr\u0131\u00a0d\u00fczenlenir.<\/p>\n<p>(3) Vergi incelemesi yapmaya yetkili olanlarca, vergi inceleme g\u00f6revleri ile ilgili olarak tespit edilen ve ele\u015ftiri gerektiren bir hususun di\u011fer vergisel i\u015flemlerin d\u00fczeltilmesini de gerektirdi\u011fi durumlarda bu i\u015flemlere ili\u015fkin d\u00fczeltme \u00f6nerilerine vergi inceleme raporlar\u0131nda yer verilir. Ancak farkl\u0131 m\u00fckellef nezdinde vergisel i\u015flemlerin d\u00fczeltilmesine y\u00f6nelik vergi inceleme raporu d\u00fczenlenmesi gerekiyorsa, s\u00f6z konusu durum inceleme g\u00f6revini verenlere bildirilir.<\/p>\n<p>(4) Tarhiyat ve\/veya ceza \u00f6nerisi i\u00e7eren vergi inceleme raporlar\u0131; giri\u015f, usul incelemeleri, hesap incelemeleri, ele\u015ftirilen hususlar ile sonu\u00e7 b\u00f6l\u00fcmlerinden olu\u015fur. M\u00fckellefin inceleme esnas\u0131nda ileri s\u00fcrd\u00fc\u011f\u00fc ve tutanakta yer alan itiraz ve m\u00fclahazalar\u0131 ile bunlara ili\u015fkin ayr\u0131nt\u0131l\u0131 de\u011ferlendirmelere raporun ele\u015ftirilen hususlar b\u00f6l\u00fcm\u00fcnde yer verilir. M\u00fckellef hakk\u0131nda \u00f6nerilen vergi ve ceza tutarlar\u0131, herhangi bir teredd\u00fcde yer vermeyecek a\u00e7\u0131kl\u0131kta ve anla\u015f\u0131l\u0131r bir \u015fekilde vergi inceleme raporlar\u0131n\u0131n sonu\u00e7 b\u00f6l\u00fcm\u00fcnde g\u00f6sterilir.<\/p>\n<p>(5) Yap\u0131lan vergi incelemesi sonucunda, inceleme konusu ve d\u00f6nemine ili\u015fkin ele\u015ftiriyi gerektirecek herhangi bir hususun tespit edilememesi halinde bu durum ilgili birim taraf\u0131ndan m\u00fckellefe yaz\u0131 ile bildirilir.<\/p>\n<p>(6) Vergi m\u00fcfetti\u015fleri, vergi inceleme raporlar\u0131 ile bu raporlara ili\u015fkin i\u00e7eri\u011fi Ba\u015fkanl\u0131k\u00e7a belirlenmi\u015f olan rapor \u00f6zetlerini, Ba\u015fkanl\u0131\u011f\u0131n bilgi i\u015flem sistemi ile uyumlu olacak \u015fekilde d\u00fczenler ve bunlar\u0131n birer \u00f6rne\u011fini elektronik ortamda Ba\u015fkanl\u0131\u011fa g\u00f6nderirler.\u201d<\/p>\n<p><strong>MADDE 6 \u2013<\/strong>\u00a0Ayn\u0131 Y\u00f6netmeli\u011fin 26\u00a0nc\u0131\u00a0maddesi a\u015fa\u011f\u0131daki \u015fekilde de\u011fi\u015ftirilmi\u015ftir.<\/p>\n<p>\u201c<strong>MADDE 26 \u2013<\/strong>\u00a0(1) Bu Y\u00f6netmelikte yer alan usul ve esaslara ayk\u0131r\u0131l\u0131k te\u015fkil etmemek kayd\u0131yla y\u00fcr\u00fct\u00fclecek vergi incelemelerinde uyulacak di\u011fer usul ve esaslar\u0131 belirlemeye ve bildirimleri elektronik ortam ve bilgi ileti\u015fim ara\u00e7lar\u0131 kullanarak yapt\u0131rmaya vergi incelemesi yapmaya yetkili olanlar\u0131n ba\u011fl\u0131 bulunduklar\u0131 inceleme ve denetim birimleri yetkilidir.\u201d<\/p>\n<p><strong>MADDE 7 \u2013<\/strong>\u00a0Bu Y\u00f6netmelik yay\u0131m\u0131 tarihinde y\u00fcr\u00fcrl\u00fc\u011fe girer.<\/p>\n<p><strong>MADDE 8 \u2013<\/strong>\u00a0Bu Y\u00f6netmelik h\u00fck\u00fcmlerini Maliye Bakan\u0131 y\u00fcr\u00fct\u00fcr.<\/p>\n<p align=\"center\">\n<table border=\"1\" width=\"567\" cellspacing=\"0\" cellpadding=\"0\" align=\"center\">\n<tbody>\n<tr>\n<td colspan=\"3\">\n<p align=\"center\"><strong>Y\u00f6netmeli\u011fin Yay\u0131mland\u0131\u011f\u0131 Resm\u00ee Gazete&#8217;nin<\/strong><\/p>\n<\/td>\n<\/tr>\n<tr>\n<td colspan=\"2\">\n<p align=\"center\"><strong>Tarihi<\/strong><\/p>\n<\/td>\n<td>\n<p align=\"center\"><strong>Say\u0131s\u0131<\/strong><\/p>\n<\/td>\n<\/tr>\n<tr>\n<td colspan=\"2\">\n<p align=\"center\">31\/10\/2011<\/p>\n<\/td>\n<td>\n<p align=\"center\">28101<\/p>\n<\/td>\n<\/tr>\n<tr>\n<td colspan=\"3\">\n<p align=\"center\"><strong>Y\u00f6netmelikte De\u011fi\u015fiklik Yapan Y\u00f6netmeliklerin Yay\u0131mland\u0131\u011f\u0131 Resm\u00ee Gazete&#8217;nin<\/strong><\/p>\n<\/td>\n<\/tr>\n<tr>\n<td colspan=\"2\">\n<p align=\"center\"><strong>Tarihi<\/strong><\/p>\n<\/td>\n<td>\n<p align=\"center\"><strong>Say\u0131s\u0131<\/strong><\/p>\n<\/td>\n<\/tr>\n<tr>\n<td>\n<p align=\"center\">1-<\/p>\n<\/td>\n<td>\n<p align=\"center\">8\/8\/2012<\/p>\n<\/td>\n<td>\n<p align=\"center\">28378<\/p>\n<\/td>\n<\/tr>\n<tr>\n<td>\n<p align=\"center\">2-<\/p>\n<\/td>\n<td>\n<p align=\"center\">6\/11\/2015<\/p>\n<\/td>\n<td>\n<p align=\"center\">29524<\/p>\n<\/td>\n<\/tr>\n<\/tbody>\n<\/table>\n<div><\/div>\n<p>&nbsp;<\/td>\n<\/tr>\n<\/tbody>\n<\/table>\n<div><\/div>\n<\/td>\n<\/tr>\n<\/tbody>\n<\/table>\n","protected":false},"excerpt":{"rendered":"<p>Vergi \u0130ncelemelerinde Uyulacak Usul ve Esaslar Hakk\u0131nda Y\u00f6netmelikte De\u011fi\u015fiklik Yap\u0131lmas\u0131na Dair Y\u00f6netmelik &#8211; 25.10.2016 25 Ekim 2016 SALI Resm\u00ee Gazete Say\u0131 : 29868 Y\u00d6NETMEL\u0130K Maliye Bakanl\u0131\u011f\u0131ndan: VERG\u0130 \u0130NCELEMELER\u0130NDE UYULACAK USUL VE ESASLAR HAKKINDA Y\u00d6NETMEL\u0130KTE DE\u011e\u0130\u015e\u0130KL\u0130K YAPILMASINA DA\u0130R Y\u00d6NETMEL\u0130K MADDE 1 \u2013\u00a031\/10\/2011\u00a0tarihli ve 28101 say\u0131l\u0131 Resm\u00ee Gazete\u2019de yay\u0131mlanan Vergi \u0130ncelemelerinde Uyulacak Usul ve Esaslar Hakk\u0131nda Y\u00f6netmeli\u011fin [&hellip;]<\/p>\n","protected":false},"author":5,"featured_media":0,"comment_status":"closed","ping_status":"closed","sticky":false,"template":"","format":"standard","meta":{"footnotes":""},"categories":[1],"tags":[],"class_list":{"0":"post-3376","1":"post","2":"type-post","3":"status-publish","4":"format-standard","6":"category-genel"},"_links":{"self":[{"href":"https:\/\/www.rcg.com.tr\/index.php?rest_route=\/wp\/v2\/posts\/3376"}],"collection":[{"href":"https:\/\/www.rcg.com.tr\/index.php?rest_route=\/wp\/v2\/posts"}],"about":[{"href":"https:\/\/www.rcg.com.tr\/index.php?rest_route=\/wp\/v2\/types\/post"}],"author":[{"embeddable":true,"href":"https:\/\/www.rcg.com.tr\/index.php?rest_route=\/wp\/v2\/users\/5"}],"replies":[{"embeddable":true,"href":"https:\/\/www.rcg.com.tr\/index.php?rest_route=%2Fwp%2Fv2%2Fcomments&post=3376"}],"version-history":[{"count":1,"href":"https:\/\/www.rcg.com.tr\/index.php?rest_route=\/wp\/v2\/posts\/3376\/revisions"}],"predecessor-version":[{"id":3377,"href":"https:\/\/www.rcg.com.tr\/index.php?rest_route=\/wp\/v2\/posts\/3376\/revisions\/3377"}],"wp:attachment":[{"href":"https:\/\/www.rcg.com.tr\/index.php?rest_route=%2Fwp%2Fv2%2Fmedia&parent=3376"}],"wp:term":[{"taxonomy":"category","embeddable":true,"href":"https:\/\/www.rcg.com.tr\/index.php?rest_route=%2Fwp%2Fv2%2Fcategories&post=3376"},{"taxonomy":"post_tag","embeddable":true,"href":"https:\/\/www.rcg.com.tr\/index.php?rest_route=%2Fwp%2Fv2%2Ftags&post=3376"}],"curies":[{"name":"wp","href":"https:\/\/api.w.org\/{rel}","templated":true}]}}