{"id":3372,"date":"2016-10-26T10:06:02","date_gmt":"2016-10-26T07:06:02","guid":{"rendered":"http:\/\/rcg.com.tr\/?p=3372"},"modified":"2016-10-26T10:06:02","modified_gmt":"2016-10-26T07:06:02","slug":"rapor-degerlendirme-komisyonlarinin-olusturulmasi-ile-calisma-usul-ve-esaslari-hakkinda-yonetmelikte-degisiklik-yapilmasina-dair-yonetmelik-25-10-2016","status":"publish","type":"post","link":"https:\/\/www.rcg.com.tr\/?p=3372","title":{"rendered":"Rapor De\u011ferlendirme Komisyonlar\u0131n\u0131n Olu\u015fturulmas\u0131 ile \u00c7al\u0131\u015fma Usul ve Esaslar\u0131 Hakk\u0131nda Y\u00f6netmelikte De\u011fi\u015fiklik Yap\u0131lmas\u0131na Dair Y\u00f6netmelik &#8211; 25.10.2016"},"content":{"rendered":"<p><strong>Rapor De\u011ferlendirme Komisyonlar\u0131n\u0131n Olu\u015fturulmas\u0131 ile \u00c7al\u0131\u015fma Usul ve Esaslar\u0131 Hakk\u0131nda Y\u00f6netmelikte De\u011fi\u015fiklik Yap\u0131lmas\u0131na Dair Y\u00f6netmelik &#8211; 25.10.2016<\/strong><\/p>\n<table border=\"0\" width=\"586\" cellspacing=\"0\" cellpadding=\"0\" align=\"center\">\n<tbody>\n<tr>\n<td>25 Ekim 2016 SALI<\/td>\n<td>\n<p align=\"center\"><strong>Resm\u00ee Gazete<\/strong><\/p>\n<\/td>\n<td>\n<p align=\"right\">Say\u0131 : 29868<\/p>\n<\/td>\n<\/tr>\n<tr>\n<td colspan=\"3\">\n<p align=\"center\"><strong>Y\u00d6NETMEL\u0130K<\/strong><\/p>\n<\/td>\n<\/tr>\n<tr>\n<td colspan=\"3\">Maliye Bakanl\u0131\u011f\u0131ndan:<\/p>\n<p>RAPOR DE\u011eERLEND\u0130RME KOM\u0130SYONLARININ OLU\u015eTURULMASI \u0130LE<\/p>\n<p>\u00c7ALI\u015eMA USUL VE ESASLARI HAKKINDA Y\u00d6NETMEL\u0130KTE<\/p>\n<p>DE\u011e\u0130\u015e\u0130KL\u0130K YAPILMASINA DA\u0130R Y\u00d6NETMEL\u0130K<\/p>\n<p><strong>MADDE 1 \u2013\u00a0<\/strong>31\/10\/2011\u00a0tarihli ve 28101 say\u0131l\u0131 Resm\u00ee Gazete\u2019de yay\u0131mlanan Rapor De\u011ferlendirme Komisyonlar\u0131n\u0131n Olu\u015fturulmas\u0131 ile \u00c7al\u0131\u015fma Usul ve Esaslar\u0131 Hakk\u0131nda Y\u00f6netmeli\u011fin 14 \u00fcnc\u00fc maddesinin birinci f\u0131kras\u0131ndan sonra gelmek \u00fczere a\u015fa\u011f\u0131daki f\u0131kra eklenmi\u015f, m\u00fcteakip f\u0131kra buna g\u00f6re tesels\u00fcl ettirilmi\u015ftir.<\/p>\n<p>\u201c(2) Dinlenmeden \u00f6nce raporlarda ele\u015ftiri konusu yap\u0131lan hususlar hakk\u0131nda bilgi i\u00e7eren rapor \u00f6zetleri m\u00fckelleflere verilir.\u201d<\/p>\n<p><strong>MADDE 2 \u2013<\/strong>\u00a0Bu Y\u00f6netmelik yay\u0131m\u0131 tarihinde y\u00fcr\u00fcrl\u00fc\u011fe girer.<\/p>\n<p><strong>MADDE 3 \u2013<\/strong>\u00a0Bu Y\u00f6netmelik h\u00fck\u00fcmlerini Maliye Bakan\u0131 y\u00fcr\u00fct\u00fcr.<\/p>\n<table border=\"1\" width=\"567\" cellspacing=\"0\" cellpadding=\"0\" align=\"center\">\n<tbody>\n<tr>\n<td colspan=\"3\">\n<p align=\"center\"><strong>Y\u00f6netmeli\u011fin Yay\u0131mland\u0131\u011f\u0131 Resm\u00ee Gazete&#8217;nin<\/strong><\/p>\n<\/td>\n<\/tr>\n<tr>\n<td colspan=\"2\">\n<p align=\"center\"><strong>Tarihi<\/strong><\/p>\n<\/td>\n<td>\n<p align=\"center\"><strong>Say\u0131s\u0131<\/strong><\/p>\n<\/td>\n<\/tr>\n<tr>\n<td colspan=\"2\">\n<p align=\"center\">31\/10\/2011<\/p>\n<\/td>\n<td>\n<p align=\"center\">28101<\/p>\n<\/td>\n<\/tr>\n<tr>\n<td colspan=\"3\">\n<p align=\"center\"><strong>Y\u00f6netmelikte De\u011fi\u015fiklik Yapan Y\u00f6netmeliklerin Yay\u0131mland\u0131\u011f\u0131 Resm\u00ee Gazete&#8217;nin<\/strong><\/p>\n<\/td>\n<\/tr>\n<tr>\n<td colspan=\"2\">\n<p align=\"center\"><strong>Tarihi<\/strong><\/p>\n<\/td>\n<td>\n<p align=\"center\"><strong>Say\u0131s\u0131<\/strong><\/p>\n<\/td>\n<\/tr>\n<tr>\n<td>\n<p align=\"center\">1-<\/p>\n<\/td>\n<td>\n<p align=\"center\">15\/10\/2014<\/p>\n<\/td>\n<td>\n<p align=\"center\">29146<\/p>\n<\/td>\n<\/tr>\n<tr>\n<td>\n<p align=\"center\">2-<\/p>\n<\/td>\n<td>\n<p align=\"center\">31\/10\/2015<\/p>\n<\/td>\n<td>\n<p align=\"center\">29515<\/p>\n<\/td>\n<\/tr>\n<\/tbody>\n<\/table>\n<div><\/div>\n<\/td>\n<\/tr>\n<\/tbody>\n<\/table>\n","protected":false},"excerpt":{"rendered":"<p>Rapor De\u011ferlendirme Komisyonlar\u0131n\u0131n Olu\u015fturulmas\u0131 ile \u00c7al\u0131\u015fma Usul ve Esaslar\u0131 Hakk\u0131nda Y\u00f6netmelikte De\u011fi\u015fiklik Yap\u0131lmas\u0131na Dair Y\u00f6netmelik &#8211; 25.10.2016 25 Ekim 2016 SALI Resm\u00ee Gazete Say\u0131 : 29868 Y\u00d6NETMEL\u0130K Maliye Bakanl\u0131\u011f\u0131ndan: RAPOR DE\u011eERLEND\u0130RME KOM\u0130SYONLARININ OLU\u015eTURULMASI \u0130LE \u00c7ALI\u015eMA USUL VE ESASLARI HAKKINDA Y\u00d6NETMEL\u0130KTE DE\u011e\u0130\u015e\u0130KL\u0130K YAPILMASINA DA\u0130R Y\u00d6NETMEL\u0130K MADDE 1 \u2013\u00a031\/10\/2011\u00a0tarihli ve 28101 say\u0131l\u0131 Resm\u00ee Gazete\u2019de yay\u0131mlanan Rapor De\u011ferlendirme [&hellip;]<\/p>\n","protected":false},"author":5,"featured_media":0,"comment_status":"closed","ping_status":"closed","sticky":false,"template":"","format":"standard","meta":{"footnotes":""},"categories":[1],"tags":[],"class_list":{"0":"post-3372","1":"post","2":"type-post","3":"status-publish","4":"format-standard","6":"category-genel"},"_links":{"self":[{"href":"https:\/\/www.rcg.com.tr\/index.php?rest_route=\/wp\/v2\/posts\/3372"}],"collection":[{"href":"https:\/\/www.rcg.com.tr\/index.php?rest_route=\/wp\/v2\/posts"}],"about":[{"href":"https:\/\/www.rcg.com.tr\/index.php?rest_route=\/wp\/v2\/types\/post"}],"author":[{"embeddable":true,"href":"https:\/\/www.rcg.com.tr\/index.php?rest_route=\/wp\/v2\/users\/5"}],"replies":[{"embeddable":true,"href":"https:\/\/www.rcg.com.tr\/index.php?rest_route=%2Fwp%2Fv2%2Fcomments&post=3372"}],"version-history":[{"count":1,"href":"https:\/\/www.rcg.com.tr\/index.php?rest_route=\/wp\/v2\/posts\/3372\/revisions"}],"predecessor-version":[{"id":3373,"href":"https:\/\/www.rcg.com.tr\/index.php?rest_route=\/wp\/v2\/posts\/3372\/revisions\/3373"}],"wp:attachment":[{"href":"https:\/\/www.rcg.com.tr\/index.php?rest_route=%2Fwp%2Fv2%2Fmedia&parent=3372"}],"wp:term":[{"taxonomy":"category","embeddable":true,"href":"https:\/\/www.rcg.com.tr\/index.php?rest_route=%2Fwp%2Fv2%2Fcategories&post=3372"},{"taxonomy":"post_tag","embeddable":true,"href":"https:\/\/www.rcg.com.tr\/index.php?rest_route=%2Fwp%2Fv2%2Ftags&post=3372"}],"curies":[{"name":"wp","href":"https:\/\/api.w.org\/{rel}","templated":true}]}}