{"id":3364,"date":"2016-10-06T09:41:50","date_gmt":"2016-10-06T06:41:50","guid":{"rendered":"http:\/\/rcg.com.tr\/?p=3364"},"modified":"2016-10-06T09:41:50","modified_gmt":"2016-10-06T06:41:50","slug":"duzeltme-harclar-kanunu-genel-tebligi-seri-no-77-ile-ilgili-05-10-2016","status":"publish","type":"post","link":"https:\/\/www.rcg.com.tr\/?p=3364","title":{"rendered":"D\u00dcZELTME : Har\u00e7lar Kanunu Genel Tebli\u011fi (Seri No: 77) ile \u0130lgili &#8211; 05.10.2016"},"content":{"rendered":"<p><strong>D\u00dcZELTME : Har\u00e7lar Kanunu Genel Tebli\u011fi (Seri No: 77) ile \u0130lgili &#8211; 05.10.2016<\/strong><\/p>\n<table border=\"0\" width=\"586\" cellspacing=\"0\" cellpadding=\"0\">\n<tbody>\n<tr>\n<td>5 Ekim 2016 \u00c7AR\u015eAMBA<\/td>\n<td>\n<p align=\"center\"><strong>Resm\u00ee Gazete<\/strong><\/p>\n<\/td>\n<td>\n<p align=\"right\">Say\u0131 : 29848<\/p>\n<\/td>\n<\/tr>\n<tr>\n<td colspan=\"3\">\n<p align=\"center\"><strong>D\u00dcZELTME<\/strong><\/p>\n<\/td>\n<\/tr>\n<tr>\n<td colspan=\"3\">04\/10\/2016\u00a0tarihli ve 29847 say\u0131l\u0131 Resm\u00ee Gazete\u2019de yay\u0131mlanan, Har\u00e7lar Kanunu Genel Tebli\u011fi (Seri No:77)\u2019nin4 \u00fcnc\u00fc maddesinin sekizinci f\u0131kras\u0131nda yer alan \u201csekizinci\u201d ibaresi Maliye Bakanl\u0131\u011f\u0131 (Gelir \u0130daresi Ba\u015fkanl\u0131\u011f\u0131)\u2019n\u0131n04\/10\/2016 tarihli ve 59491943-010.05-99744 say\u0131l\u0131 yaz\u0131s\u0131na istinaden \u201cyedinci\u201d olarak d\u00fczeltilmi\u015ftir.<\/td>\n<\/tr>\n<\/tbody>\n<\/table>\n","protected":false},"excerpt":{"rendered":"<p>D\u00dcZELTME : Har\u00e7lar Kanunu Genel Tebli\u011fi (Seri No: 77) ile \u0130lgili &#8211; 05.10.2016 5 Ekim 2016 \u00c7AR\u015eAMBA Resm\u00ee Gazete Say\u0131 : 29848 D\u00dcZELTME 04\/10\/2016\u00a0tarihli ve 29847 say\u0131l\u0131 Resm\u00ee Gazete\u2019de yay\u0131mlanan, Har\u00e7lar Kanunu Genel Tebli\u011fi (Seri No:77)\u2019nin4 \u00fcnc\u00fc maddesinin sekizinci f\u0131kras\u0131nda yer alan \u201csekizinci\u201d ibaresi Maliye Bakanl\u0131\u011f\u0131 (Gelir \u0130daresi Ba\u015fkanl\u0131\u011f\u0131)\u2019n\u0131n04\/10\/2016 tarihli ve 59491943-010.05-99744 say\u0131l\u0131 yaz\u0131s\u0131na istinaden [&hellip;]<\/p>\n","protected":false},"author":5,"featured_media":0,"comment_status":"closed","ping_status":"closed","sticky":false,"template":"","format":"standard","meta":{"footnotes":""},"categories":[1],"tags":[],"class_list":{"0":"post-3364","1":"post","2":"type-post","3":"status-publish","4":"format-standard","6":"category-genel"},"_links":{"self":[{"href":"https:\/\/www.rcg.com.tr\/index.php?rest_route=\/wp\/v2\/posts\/3364"}],"collection":[{"href":"https:\/\/www.rcg.com.tr\/index.php?rest_route=\/wp\/v2\/posts"}],"about":[{"href":"https:\/\/www.rcg.com.tr\/index.php?rest_route=\/wp\/v2\/types\/post"}],"author":[{"embeddable":true,"href":"https:\/\/www.rcg.com.tr\/index.php?rest_route=\/wp\/v2\/users\/5"}],"replies":[{"embeddable":true,"href":"https:\/\/www.rcg.com.tr\/index.php?rest_route=%2Fwp%2Fv2%2Fcomments&post=3364"}],"version-history":[{"count":1,"href":"https:\/\/www.rcg.com.tr\/index.php?rest_route=\/wp\/v2\/posts\/3364\/revisions"}],"predecessor-version":[{"id":3365,"href":"https:\/\/www.rcg.com.tr\/index.php?rest_route=\/wp\/v2\/posts\/3364\/revisions\/3365"}],"wp:attachment":[{"href":"https:\/\/www.rcg.com.tr\/index.php?rest_route=%2Fwp%2Fv2%2Fmedia&parent=3364"}],"wp:term":[{"taxonomy":"category","embeddable":true,"href":"https:\/\/www.rcg.com.tr\/index.php?rest_route=%2Fwp%2Fv2%2Fcategories&post=3364"},{"taxonomy":"post_tag","embeddable":true,"href":"https:\/\/www.rcg.com.tr\/index.php?rest_route=%2Fwp%2Fv2%2Ftags&post=3364"}],"curies":[{"name":"wp","href":"https:\/\/api.w.org\/{rel}","templated":true}]}}