{"id":3340,"date":"2016-09-22T13:29:42","date_gmt":"2016-09-22T10:29:42","guid":{"rendered":"http:\/\/rcg.com.tr\/?p=3340"},"modified":"2016-09-22T13:29:42","modified_gmt":"2016-09-22T10:29:42","slug":"tahsilat-genel-tebligi-seri-a-sira-no-1nde-degisiklik-yapilmasina-dair-teblig-seri-a-sira-no-8-20-09-2016","status":"publish","type":"post","link":"https:\/\/www.rcg.com.tr\/?p=3340","title":{"rendered":"Tahsilat Genel Tebli\u011fi (Seri: A S\u0131ra No: 1)\u2019nde De\u011fi\u015fiklik Yap\u0131lmas\u0131na Dair Tebli\u011f (Seri: A S\u0131ra No: 8) &#8211; 20.09.2016"},"content":{"rendered":"<p><strong>Tahsilat Genel Tebli\u011fi (Seri: A S\u0131ra No: 1)\u2019nde De\u011fi\u015fiklik Yap\u0131lmas\u0131na Dair Tebli\u011f (Seri: A S\u0131ra No: 8) &#8211; 20.09.2016<\/strong><\/p>\n<table border=\"0\" width=\"586\" cellspacing=\"0\" cellpadding=\"0\">\n<tbody>\n<tr>\n<td>20 Eyl\u00fcl 2016 SALI<\/td>\n<td>\n<p align=\"center\"><strong>Resm\u00ee Gazete<\/strong><\/p>\n<\/td>\n<td>\n<p align=\"right\">Say\u0131 : 29833<\/p>\n<\/td>\n<\/tr>\n<tr>\n<td colspan=\"3\">\n<p align=\"center\"><strong>TEBL\u0130\u011e<\/strong><\/p>\n<\/td>\n<\/tr>\n<tr>\n<td colspan=\"3\">Maliye Bakanl\u0131\u011f\u0131 (Gelir \u0130daresi Ba\u015fkanl\u0131\u011f\u0131)\u2019ndan:<\/p>\n<p>TAHS\u0130LAT\u00a0GENEL TEBL\u0130\u011e\u0130 (SER\u0130: A SIRA NO: 1)\u2019NDE DE\u011e\u0130\u015e\u0130KL\u0130K<\/p>\n<p>YAPILMASINA DA\u0130R TEBL\u0130\u011e (SER\u0130: A SIRA NO: 8)<\/p>\n<p><strong>MADDE 1 \u2013<\/strong>\u00a030\/6\/2007\u00a0tarihli ve 26568 say\u0131l\u0131 Resm\u00ee Gazete\u2019de yay\u0131mlanan Tahsilat Genel Tebli\u011fi (Seri: A S\u0131ra No: 1)\u2019nin\u00a0Birinci K\u0131s\u0131m \u0130kinci B\u00f6l\u00fcm\u00fcn\u00fcn \u201cV. Amme Alaca\u011f\u0131 \u00d6denmeden Yap\u0131lmayacak \u0130\u015flemler ile \u0130\u015flem Yapanlar\u0131n Sorumluluklar\u0131\u201d ba\u015fl\u0131kl\u0131 b\u00f6l\u00fcm\u00fcn\u00fcn (2) numaral\u0131 alt b\u00f6l\u00fcm\u00fcn\u00fcn son paragraf\u0131ndan \u00f6nce gelmek \u00fczere b\u00f6l\u00fcme a\u015fa\u011f\u0131daki paragraf eklenmi\u015ftir.<\/p>\n<p>\u201cAyr\u0131ca, Spor Toto Te\u015fkilat Ba\u015fkanl\u0131\u011f\u0131 taraf\u0131ndan, her \u00e7e\u015fit gen\u00e7lik ve spor tesisi ile e\u011fitim ve \u00f6\u011fretim kurumlar\u0131n\u0131n yap\u0131lmas\u0131, yapt\u0131r\u0131lmas\u0131, kiralanmas\u0131, onar\u0131m ve bak\u0131mlar\u0131n\u0131n yap\u0131lmas\u0131, yar\u0131m kalan tesislerin tamamlanmas\u0131 ve tefri\u015fat\u0131 i\u00e7in mahalli idarelere (il \u00f6zel idareleri, belediyeler ve k\u00f6yler) verilen mali katk\u0131 kapsam\u0131nda nakdi olarak yap\u0131lacak \u00f6demelerde de bu zorunluluk aran\u0131lmayacakt\u0131r.\u201d<\/p>\n<p><strong>MADDE 2 \u2013<\/strong>\u00a0Bu Tebli\u011f yay\u0131m\u0131 tarihinde y\u00fcr\u00fcrl\u00fc\u011fe girer.<\/p>\n<p><strong>MADDE 3 \u2013<\/strong>\u00a0Bu Tebli\u011f h\u00fck\u00fcmlerini Maliye Bakan\u0131 y\u00fcr\u00fct\u00fcr.<\/td>\n<\/tr>\n<\/tbody>\n<\/table>\n","protected":false},"excerpt":{"rendered":"<p>Tahsilat Genel Tebli\u011fi (Seri: A S\u0131ra No: 1)\u2019nde De\u011fi\u015fiklik Yap\u0131lmas\u0131na Dair Tebli\u011f (Seri: A S\u0131ra No: 8) &#8211; 20.09.2016 20 Eyl\u00fcl 2016 SALI Resm\u00ee Gazete Say\u0131 : 29833 TEBL\u0130\u011e Maliye Bakanl\u0131\u011f\u0131 (Gelir \u0130daresi Ba\u015fkanl\u0131\u011f\u0131)\u2019ndan: TAHS\u0130LAT\u00a0GENEL TEBL\u0130\u011e\u0130 (SER\u0130: A SIRA NO: 1)\u2019NDE DE\u011e\u0130\u015e\u0130KL\u0130K YAPILMASINA DA\u0130R TEBL\u0130\u011e (SER\u0130: A SIRA NO: 8) MADDE 1 \u2013\u00a030\/6\/2007\u00a0tarihli ve 26568 [&hellip;]<\/p>\n","protected":false},"author":5,"featured_media":0,"comment_status":"closed","ping_status":"closed","sticky":false,"template":"","format":"standard","meta":{"footnotes":""},"categories":[1],"tags":[],"class_list":{"0":"post-3340","1":"post","2":"type-post","3":"status-publish","4":"format-standard","6":"category-genel"},"_links":{"self":[{"href":"https:\/\/www.rcg.com.tr\/index.php?rest_route=\/wp\/v2\/posts\/3340"}],"collection":[{"href":"https:\/\/www.rcg.com.tr\/index.php?rest_route=\/wp\/v2\/posts"}],"about":[{"href":"https:\/\/www.rcg.com.tr\/index.php?rest_route=\/wp\/v2\/types\/post"}],"author":[{"embeddable":true,"href":"https:\/\/www.rcg.com.tr\/index.php?rest_route=\/wp\/v2\/users\/5"}],"replies":[{"embeddable":true,"href":"https:\/\/www.rcg.com.tr\/index.php?rest_route=%2Fwp%2Fv2%2Fcomments&post=3340"}],"version-history":[{"count":1,"href":"https:\/\/www.rcg.com.tr\/index.php?rest_route=\/wp\/v2\/posts\/3340\/revisions"}],"predecessor-version":[{"id":3341,"href":"https:\/\/www.rcg.com.tr\/index.php?rest_route=\/wp\/v2\/posts\/3340\/revisions\/3341"}],"wp:attachment":[{"href":"https:\/\/www.rcg.com.tr\/index.php?rest_route=%2Fwp%2Fv2%2Fmedia&parent=3340"}],"wp:term":[{"taxonomy":"category","embeddable":true,"href":"https:\/\/www.rcg.com.tr\/index.php?rest_route=%2Fwp%2Fv2%2Fcategories&post=3340"},{"taxonomy":"post_tag","embeddable":true,"href":"https:\/\/www.rcg.com.tr\/index.php?rest_route=%2Fwp%2Fv2%2Ftags&post=3340"}],"curies":[{"name":"wp","href":"https:\/\/api.w.org\/{rel}","templated":true}]}}