{"id":3337,"date":"2016-09-08T13:27:02","date_gmt":"2016-09-08T10:27:02","guid":{"rendered":"http:\/\/rcg.com.tr\/?p=3337"},"modified":"2016-09-08T13:27:02","modified_gmt":"2016-09-08T10:27:02","slug":"8-eylul-2016-tarih-ve-29825-sayili-resmi-gazetede-20169153-sayili-mal-ve-hizmetlere-uygulanacak-katma-deger-vergisi-oranlarinin-tespitine-iliskin-kararda-degisiklik-yapilmasina-ve-4760-sayili-ozel","status":"publish","type":"post","link":"https:\/\/www.rcg.com.tr\/?p=3337","title":{"rendered":"8 Eyl\u00fcl 2016 tarih ve 29825 Say\u0131l\u0131 Resmi Gazete&#8217;de; 2016\/9153 Say\u0131l\u0131 Mal ve Hizmetlere Uygulanacak Katma De\u011fer Vergisi Oranlar\u0131n\u0131n Tespitine \u0130li\u015fkin Kararda De\u011fi\u015fiklik Yap\u0131lmas\u0131na ve 4760 say\u0131l\u0131 \u00d6zel T\u00fcketim Vergisi Kanununa Ekli (I) Say\u0131l\u0131 Listede Yer Alan Baz\u0131 Mallarda Uygulanan \u00d6zel T\u00fcketim Vergisinin Belirlenmesine Dair Karar -08.09.2016"},"content":{"rendered":"<p>8 Eyl\u00fcl 2016 tarih ve 29825 Say\u0131l\u0131 Resmi Gazete&#8217;de; 2016\/9153 Say\u0131l\u0131 Mal ve Hizmetlere Uygulanacak Katma De\u011fer Vergisi Oranlar\u0131n\u0131n Tespitine \u0130li\u015fkin Kararda De\u011fi\u015fiklik Yap\u0131lmas\u0131na ve 4760 say\u0131l\u0131 \u00d6zel T\u00fcketim Vergisi Kanununa Ekli (I) Say\u0131l\u0131 Listede Yer Alan Baz\u0131 Mallarda Uygulanan \u00d6zel T\u00fcketim Vergisinin Belirlenmesine Dair Karar Yay\u0131mlanm\u0131\u015ft\u0131r.<\/p>\n<p>&nbsp;<\/p>\n<p>http:\/\/www.resmigazete.gov.tr\/main.aspx?home=http:\/\/www.resmigazete.gov.tr\/eskiler\/2016\/09\/20160908.htm&#038;main=http:\/\/www.resmigazete.gov.tr\/eskiler\/2016\/09\/20160908.htm<\/p>\n","protected":false},"excerpt":{"rendered":"<p>8 Eyl\u00fcl 2016 tarih ve 29825 Say\u0131l\u0131 Resmi Gazete&#8217;de; 2016\/9153 Say\u0131l\u0131 Mal ve Hizmetlere Uygulanacak Katma De\u011fer Vergisi Oranlar\u0131n\u0131n Tespitine \u0130li\u015fkin Kararda De\u011fi\u015fiklik Yap\u0131lmas\u0131na ve 4760 say\u0131l\u0131 \u00d6zel T\u00fcketim Vergisi Kanununa Ekli (I) Say\u0131l\u0131 Listede Yer Alan Baz\u0131 Mallarda Uygulanan \u00d6zel T\u00fcketim Vergisinin Belirlenmesine Dair Karar Yay\u0131mlanm\u0131\u015ft\u0131r. &nbsp; http:\/\/www.resmigazete.gov.tr\/main.aspx?home=http:\/\/www.resmigazete.gov.tr\/eskiler\/2016\/09\/20160908.htm&#038;main=http:\/\/www.resmigazete.gov.tr\/eskiler\/2016\/09\/20160908.htm<\/p>\n","protected":false},"author":5,"featured_media":0,"comment_status":"closed","ping_status":"closed","sticky":false,"template":"","format":"standard","meta":{"footnotes":""},"categories":[1],"tags":[],"class_list":{"0":"post-3337","1":"post","2":"type-post","3":"status-publish","4":"format-standard","6":"category-genel"},"_links":{"self":[{"href":"https:\/\/www.rcg.com.tr\/index.php?rest_route=\/wp\/v2\/posts\/3337"}],"collection":[{"href":"https:\/\/www.rcg.com.tr\/index.php?rest_route=\/wp\/v2\/posts"}],"about":[{"href":"https:\/\/www.rcg.com.tr\/index.php?rest_route=\/wp\/v2\/types\/post"}],"author":[{"embeddable":true,"href":"https:\/\/www.rcg.com.tr\/index.php?rest_route=\/wp\/v2\/users\/5"}],"replies":[{"embeddable":true,"href":"https:\/\/www.rcg.com.tr\/index.php?rest_route=%2Fwp%2Fv2%2Fcomments&post=3337"}],"version-history":[{"count":1,"href":"https:\/\/www.rcg.com.tr\/index.php?rest_route=\/wp\/v2\/posts\/3337\/revisions"}],"predecessor-version":[{"id":3338,"href":"https:\/\/www.rcg.com.tr\/index.php?rest_route=\/wp\/v2\/posts\/3337\/revisions\/3338"}],"wp:attachment":[{"href":"https:\/\/www.rcg.com.tr\/index.php?rest_route=%2Fwp%2Fv2%2Fmedia&parent=3337"}],"wp:term":[{"taxonomy":"category","embeddable":true,"href":"https:\/\/www.rcg.com.tr\/index.php?rest_route=%2Fwp%2Fv2%2Fcategories&post=3337"},{"taxonomy":"post_tag","embeddable":true,"href":"https:\/\/www.rcg.com.tr\/index.php?rest_route=%2Fwp%2Fv2%2Ftags&post=3337"}],"curies":[{"name":"wp","href":"https:\/\/api.w.org\/{rel}","templated":true}]}}