{"id":3321,"date":"2016-08-12T10:09:03","date_gmt":"2016-08-12T07:09:03","guid":{"rendered":"http:\/\/rcg.com.tr\/?p=3321"},"modified":"2016-08-12T10:09:03","modified_gmt":"2016-08-12T07:09:03","slug":"20169093-ar-ge-merkezlerinde-istihdam-edilecek-ar-ge-personeli-sayisinin-tespiti-hakkinda-karar-11-08-2016","status":"publish","type":"post","link":"https:\/\/www.rcg.com.tr\/?p=3321","title":{"rendered":"2016\/9093 Ar-Ge Merkezlerinde \u0130stihdam Edilecek Ar-Ge Personeli Say\u0131s\u0131n\u0131n Tespiti Hakk\u0131nda Karar &#8211; 11.08.2016"},"content":{"rendered":"<p><strong>2016\/9093 Ar-Ge Merkezlerinde \u0130stihdam Edilecek Ar-Ge Personeli Say\u0131s\u0131n\u0131n Tespiti Hakk\u0131nda Karar &#8211; 11.08.2016<\/strong><\/p>\n<p>11 A\u011fustos 2016 Tarihli Resmi Gazete<\/p>\n<p>Say\u0131:\u00a0<span class=\"GramE\">29798<\/span><\/p>\n<p><strong>Karar Say\u0131s\u0131: 2016\/9093<\/strong><\/p>\n<p>Ar-Ge merkezlerinde istihdam edilecek Ar-Ge personeli say\u0131s\u0131n\u0131n tespiti hakk\u0131ndaki ekli Karar\u0131n y\u00fcr\u00fcrl\u00fc\u011fe konulmas\u0131; Bilim, Sanayi ve Teknoloji Bakanl\u0131\u011f\u0131n\u0131n 26\/6\/2016 tarihli ve 2951 say\u0131l\u0131 yaz\u0131s\u0131 \u00fczerine,\u00a0<strong><a href=\"http:\/\/www.alomaliye.com\/2008\/03\/12\/arastirma-ve-gelistirme-faaliyetlerinin-desteklenmesi-5746-sayili-kanun\/\">5746 say\u0131l\u0131 Ara\u015ft\u0131rma, Geli\u015ftirme ve Tasar\u0131m Faaliyetlerinin Desteklenmesi Hakk\u0131nda Kanunun<\/a><\/strong>\u00a04 \u00fcnc\u00fc maddesine g\u00f6re, Bakanlar Kurulu\u2019nca 1\/8\/2016 tarihinde kararla\u015ft\u0131r\u0131lm\u0131\u015ft\u0131r.<\/p>\n<p>Recep Tayyip ERDO\u011eAN<br \/>\nCUMHURBA\u015eKANI<\/p>\n<p><strong>1\/8\/2016 TAR\u0130HL\u0130 VE 2016\/9093 SAYILI KARARNAMEN\u0130N EK\u0130<\/strong><br \/>\n<strong>KARAR<\/strong><\/p>\n<p><strong>MADDE 1<\/strong>\u2013 (1) 28\/2\/2008 tarihli ve 5746 say\u0131l\u0131 Ara\u015ft\u0131rma, Geli\u015ftirme ve Tasar\u0131m Faaliyetlerinin Desteklenmesi Hakk\u0131nda Kanun kapsam\u0131nda Ar-Ge merkezlerinde istihdam edilecek en az tam zaman e\u015fde\u011fer Ar-Ge personeli say\u0131s\u0131 on be\u015f olarak belirlenmi\u015ftir. S\u00f6z konusu say\u0131, Avrupa Toplulu\u011funda Ekonomik Faaliyetlerin \u0130statistiki S\u0131n\u0131flamas\u0131 (NACE Rev.2)\u2019na g\u00f6re a\u015fa\u011f\u0131da belirtilen s\u0131n\u0131flarda yer alan sekt\u00f6rler i\u00e7in otuz olarak uygulan\u0131r.<\/p>\n<p>a) C \u2013 \u0130malat ba\u015fl\u0131\u011f\u0131 alt\u0131nda yer alan:<\/p>\n<p>29 \u2013 Motorlu kara ta\u015f\u0131t\u0131, treyler (r\u00f6mork) ve yar\u0131 treyler (yar\u0131 r\u00f6mork) imalat\u0131 b\u00f6l\u00fcm\u00fc alt\u0131ndaki t\u00fcm s\u0131n\u0131flar<\/p>\n<p>30 \u2013 Di\u011fer ula\u015f\u0131m ara\u00e7lar\u0131n\u0131n imalat\u0131 b\u00f6l\u00fcm\u00fc alt\u0131ndaki a\u015fa\u011f\u0131daki s\u0131n\u0131flar<\/p>\n<p>30.30 \u2013 Hava ta\u015f\u0131tlar\u0131 ve uzay ara\u00e7lar\u0131 ile bunlarla ilgi makinelerin imalat\u0131<\/p>\n<p>30.40 \u2013 Askeri sava\u015f ara\u00e7lar\u0131n\u0131n imalat\u0131<\/p>\n<p>30.91 \u2013 Motosiklet imalat\u0131<\/p>\n<p>30.99 \u2013 Ba\u015fka yerde s\u0131n\u0131fland\u0131r\u0131lmam\u0131\u015f di\u011fer ula\u015f\u0131m ekipmanlar\u0131n\u0131n imalat\u0131<\/p>\n<p><strong>MADDE 2<\/strong>\u2013 (1) 5746 say\u0131l\u0131 Ara\u015ft\u0131rma, Geli\u015ftirme ve Tasar\u0131m Faaliyetlerinin Desteklenmesi Hakk\u0131nda Kanun kapsam\u0131nda Ar-Ge merkezlerinde istihdam edilecek en az tam zaman e\u015fde\u011fer Ar-Ge personeli say\u0131s\u0131n\u0131n tespiti hakk\u0131ndaki 21\/5\/2014 tarihli ve\u00a0<strong><a href=\"http:\/\/www.alomaliye.com\/2014\/06\/18\/5746-sayili-arastirma-ve-gelistirme-faaliyetlerinin-desteklenmesi-hakkinda-kanun-kapsaminda-ar-ge-merkezlerinde-istihdam-edilebilecek-ar-ge-personeli-sayisinin-tespitine-dair-karar-bkk-20146400\/\">2014\/6400 say\u0131l\u0131 Bakanlar Kurulu Karar\u0131<\/a><\/strong>\u00a0y\u00fcr\u00fcrl\u00fckten kald\u0131r\u0131lm\u0131\u015ft\u0131r.<\/p>\n<p><strong>MADDE 3<\/strong>\u2013 (1) Bu Karar yay\u0131m\u0131 tarihinde y\u00fcr\u00fcrl\u00fc\u011fe girer.<\/p>\n<p><strong>MADDE 4<\/strong>\u2013 (1) Bu Karar h\u00fck\u00fcmlerini Bakanlar Kurulu y\u00fcr\u00fct\u00fcr.<\/p>\n","protected":false},"excerpt":{"rendered":"<p>2016\/9093 Ar-Ge Merkezlerinde \u0130stihdam Edilecek Ar-Ge Personeli Say\u0131s\u0131n\u0131n Tespiti Hakk\u0131nda Karar &#8211; 11.08.2016 11 A\u011fustos 2016 Tarihli Resmi Gazete Say\u0131:\u00a029798 Karar Say\u0131s\u0131: 2016\/9093 Ar-Ge merkezlerinde istihdam edilecek Ar-Ge personeli say\u0131s\u0131n\u0131n tespiti hakk\u0131ndaki ekli Karar\u0131n y\u00fcr\u00fcrl\u00fc\u011fe konulmas\u0131; Bilim, Sanayi ve Teknoloji Bakanl\u0131\u011f\u0131n\u0131n 26\/6\/2016 tarihli ve 2951 say\u0131l\u0131 yaz\u0131s\u0131 \u00fczerine,\u00a05746 say\u0131l\u0131 Ara\u015ft\u0131rma, Geli\u015ftirme ve Tasar\u0131m Faaliyetlerinin Desteklenmesi [&hellip;]<\/p>\n","protected":false},"author":5,"featured_media":0,"comment_status":"closed","ping_status":"closed","sticky":false,"template":"","format":"standard","meta":{"footnotes":""},"categories":[1],"tags":[],"class_list":{"0":"post-3321","1":"post","2":"type-post","3":"status-publish","4":"format-standard","6":"category-genel"},"_links":{"self":[{"href":"https:\/\/www.rcg.com.tr\/index.php?rest_route=\/wp\/v2\/posts\/3321"}],"collection":[{"href":"https:\/\/www.rcg.com.tr\/index.php?rest_route=\/wp\/v2\/posts"}],"about":[{"href":"https:\/\/www.rcg.com.tr\/index.php?rest_route=\/wp\/v2\/types\/post"}],"author":[{"embeddable":true,"href":"https:\/\/www.rcg.com.tr\/index.php?rest_route=\/wp\/v2\/users\/5"}],"replies":[{"embeddable":true,"href":"https:\/\/www.rcg.com.tr\/index.php?rest_route=%2Fwp%2Fv2%2Fcomments&post=3321"}],"version-history":[{"count":1,"href":"https:\/\/www.rcg.com.tr\/index.php?rest_route=\/wp\/v2\/posts\/3321\/revisions"}],"predecessor-version":[{"id":3322,"href":"https:\/\/www.rcg.com.tr\/index.php?rest_route=\/wp\/v2\/posts\/3321\/revisions\/3322"}],"wp:attachment":[{"href":"https:\/\/www.rcg.com.tr\/index.php?rest_route=%2Fwp%2Fv2%2Fmedia&parent=3321"}],"wp:term":[{"taxonomy":"category","embeddable":true,"href":"https:\/\/www.rcg.com.tr\/index.php?rest_route=%2Fwp%2Fv2%2Fcategories&post=3321"},{"taxonomy":"post_tag","embeddable":true,"href":"https:\/\/www.rcg.com.tr\/index.php?rest_route=%2Fwp%2Fv2%2Ftags&post=3321"}],"curies":[{"name":"wp","href":"https:\/\/api.w.org\/{rel}","templated":true}]}}