{"id":3311,"date":"2016-08-10T15:07:42","date_gmt":"2016-08-10T12:07:42","guid":{"rendered":"http:\/\/rcg.com.tr\/?p=3311"},"modified":"2016-08-10T15:07:42","modified_gmt":"2016-08-10T12:07:42","slug":"vergi-usul-kanunu-genel-tebligi-sira-no-426nde-degisiklik-yapilmasina-dair-teblig-sira-no-473-05-08-2016","status":"publish","type":"post","link":"https:\/\/www.rcg.com.tr\/?p=3311","title":{"rendered":"Vergi Usul Kanunu Genel Tebli\u011fi (S\u0131ra No: 426)\u2019nde De\u011fi\u015fiklik Yap\u0131lmas\u0131na Dair Tebli\u011f (S\u0131ra No: 473) &#8211; 05.08.2016"},"content":{"rendered":"<p><strong>Vergi Usul Kanunu Genel Tebli\u011fi (S\u0131ra No: 426)\u2019nde De\u011fi\u015fiklik Yap\u0131lmas\u0131na Dair Tebli\u011f (S\u0131ra No: 473) &#8211; 05.08.2016<\/strong><\/p>\n<table border=\"0\" width=\"586\" cellspacing=\"0\" cellpadding=\"0\">\n<tbody>\n<tr>\n<td>5 A\u011fustos 2016 CUMA<\/td>\n<td>\n<p align=\"center\"><strong>Resm\u00ee Gazete<\/strong><\/p>\n<\/td>\n<td>\n<p align=\"right\">Say\u0131 : 29792<\/p>\n<\/td>\n<\/tr>\n<tr>\n<td colspan=\"3\">\n<p align=\"center\"><strong>TEBL\u0130\u011e<\/strong><\/p>\n<\/td>\n<\/tr>\n<tr>\n<td colspan=\"3\">Maliye Bakanl\u0131\u011f\u0131 (Gelir \u0130daresi Ba\u015fkanl\u0131\u011f\u0131)\u2019ndan:<\/p>\n<p>VERG\u0130 USUL KANUNU GENEL TEBL\u0130\u011e\u0130 (SIRA NO: 426)\u2019NDE DE\u011e\u0130\u015e\u0130KL\u0130K<\/p>\n<p>YAPILMASINA DA\u0130R TEBL\u0130\u011e (SIRA NO: 473)<\/p>\n<p>15\/6\/2013\u00a0tarihli ve 28678 say\u0131l\u0131 Resm\u00ee Gazete\u2019de yay\u0131mlanan Vergi Usul Kanunu Genel Tebli\u011fi (S\u0131ra No: 426)\u2019nin\u00a04 \u00fcnc\u00fc b\u00f6l\u00fcm\u00fcn\u00fcn (c) bendinde yer alan \u201c1\/1\/2017\u201d ibareleri \u201c1\/1\/2018\u201d olarak de\u011fi\u015ftirilmi\u015ftir.<\/p>\n<p>Tebli\u011f olunur.<\/td>\n<\/tr>\n<\/tbody>\n<\/table>\n","protected":false},"excerpt":{"rendered":"<p>Vergi Usul Kanunu Genel Tebli\u011fi (S\u0131ra No: 426)\u2019nde De\u011fi\u015fiklik Yap\u0131lmas\u0131na Dair Tebli\u011f (S\u0131ra No: 473) &#8211; 05.08.2016 5 A\u011fustos 2016 CUMA Resm\u00ee Gazete Say\u0131 : 29792 TEBL\u0130\u011e Maliye Bakanl\u0131\u011f\u0131 (Gelir \u0130daresi Ba\u015fkanl\u0131\u011f\u0131)\u2019ndan: VERG\u0130 USUL KANUNU GENEL TEBL\u0130\u011e\u0130 (SIRA NO: 426)\u2019NDE DE\u011e\u0130\u015e\u0130KL\u0130K YAPILMASINA DA\u0130R TEBL\u0130\u011e (SIRA NO: 473) 15\/6\/2013\u00a0tarihli ve 28678 say\u0131l\u0131 Resm\u00ee Gazete\u2019de yay\u0131mlanan Vergi [&hellip;]<\/p>\n","protected":false},"author":5,"featured_media":0,"comment_status":"closed","ping_status":"closed","sticky":false,"template":"","format":"standard","meta":{"footnotes":""},"categories":[1],"tags":[],"class_list":{"0":"post-3311","1":"post","2":"type-post","3":"status-publish","4":"format-standard","6":"category-genel"},"_links":{"self":[{"href":"https:\/\/www.rcg.com.tr\/index.php?rest_route=\/wp\/v2\/posts\/3311"}],"collection":[{"href":"https:\/\/www.rcg.com.tr\/index.php?rest_route=\/wp\/v2\/posts"}],"about":[{"href":"https:\/\/www.rcg.com.tr\/index.php?rest_route=\/wp\/v2\/types\/post"}],"author":[{"embeddable":true,"href":"https:\/\/www.rcg.com.tr\/index.php?rest_route=\/wp\/v2\/users\/5"}],"replies":[{"embeddable":true,"href":"https:\/\/www.rcg.com.tr\/index.php?rest_route=%2Fwp%2Fv2%2Fcomments&post=3311"}],"version-history":[{"count":1,"href":"https:\/\/www.rcg.com.tr\/index.php?rest_route=\/wp\/v2\/posts\/3311\/revisions"}],"predecessor-version":[{"id":3312,"href":"https:\/\/www.rcg.com.tr\/index.php?rest_route=\/wp\/v2\/posts\/3311\/revisions\/3312"}],"wp:attachment":[{"href":"https:\/\/www.rcg.com.tr\/index.php?rest_route=%2Fwp%2Fv2%2Fmedia&parent=3311"}],"wp:term":[{"taxonomy":"category","embeddable":true,"href":"https:\/\/www.rcg.com.tr\/index.php?rest_route=%2Fwp%2Fv2%2Fcategories&post=3311"},{"taxonomy":"post_tag","embeddable":true,"href":"https:\/\/www.rcg.com.tr\/index.php?rest_route=%2Fwp%2Fv2%2Ftags&post=3311"}],"curies":[{"name":"wp","href":"https:\/\/api.w.org\/{rel}","templated":true}]}}