{"id":3308,"date":"2016-08-02T18:58:07","date_gmt":"2016-08-02T15:58:07","guid":{"rendered":"http:\/\/rcg.com.tr\/?p=3308"},"modified":"2016-08-02T18:58:07","modified_gmt":"2016-08-02T15:58:07","slug":"2016-yili-serbest-muhasebecilik-serbest-muhasebeci-mali-musavirlik-ve-yeminli-mali-musavirlik-asgari-ucret-tarifesinde-degisiklik-yapilmasina-dair-tarife-30-07-2016","status":"publish","type":"post","link":"https:\/\/www.rcg.com.tr\/?p=3308","title":{"rendered":"2016 Y\u0131l\u0131 Serbest Muhasebecilik, Serbest Muhasebeci Mali M\u00fc\u015favirlik ve Yeminli Mali M\u00fc\u015favirlik Asgari \u00dccret Tarifesinde De\u011fi\u015fiklik Yap\u0131lmas\u0131na Dair Tarife &#8211; 30.07.2016"},"content":{"rendered":"<p><strong>2016 Y\u0131l\u0131 Serbest Muhasebecilik, Serbest Muhasebeci Mali M\u00fc\u015favirlik ve Yeminli Mali M\u00fc\u015favirlik Asgari \u00dccret Tarifesinde De\u011fi\u015fiklik Yap\u0131lmas\u0131na Dair Tarife &#8211; 30.07.2016<\/strong><\/p>\n<table border=\"0\" cellspacing=\"0\" cellpadding=\"0\" align=\"center\">\n<tbody>\n<tr>\n<td>\n<table border=\"0\" width=\"586\" cellspacing=\"0\" cellpadding=\"0\" align=\"center\">\n<tbody>\n<tr>\n<td>30 Temmuz 2016 CUMARTES\u0130<\/td>\n<td>\n<p align=\"center\"><strong>Resm\u00ee Gazete<\/strong><\/p>\n<\/td>\n<td>\n<p align=\"right\">Say\u0131 : 29786<\/p>\n<\/td>\n<\/tr>\n<tr>\n<td colspan=\"3\">\n<p align=\"center\"><strong>TEBL\u0130\u011e<\/strong><\/p>\n<\/td>\n<\/tr>\n<tr>\n<td colspan=\"3\">Maliye Bakanl\u0131\u011f\u0131 (Gelir \u0130daresi Ba\u015fkanl\u0131\u011f\u0131)\u2019ndan:<\/p>\n<p>2016 YILI SERBEST MUHASEBEC\u0130L\u0130K, SERBEST MUHASEBEC\u0130 MAL\u0130<\/p>\n<p>M\u00dc\u015eAV\u0130RL\u0130K VE YEM\u0130NL\u0130 MAL\u0130 M\u00dc\u015eAV\u0130RL\u0130K ASGAR\u0130 \u00dcCRET<\/p>\n<p>TAR\u0130FES\u0130NDE DE\u011e\u0130\u015e\u0130KL\u0130K YAPILMASINA DA\u0130R TAR\u0130FE<\/p>\n<p><strong>MADDE 1 \u2013<\/strong>\u00a031\/12\/2015\u00a0tarihli ve 29579 say\u0131l\u0131 Resm\u00ee Gazete\u2019de yay\u0131mlanan \u201c2016 Y\u0131l\u0131 Serbest Muhasebecilik, Serbest Muhasebeci Mali M\u00fc\u015favirlik ve Yeminli Mali M\u00fc\u015favirlik Asgari \u00dccret Tarifesi\u201dnin eki \u201cEK-1-B\u201dde\u00a0yer alan \u201cTABLO III\u201d b\u00f6l\u00fcm\u00fcn\u00fcn \u201c1. KURULU\u015e \u0130\u015eLEMLER\u0130\u201d ba\u015fl\u0131kl\u0131 k\u0131sm\u0131 a\u015fa\u011f\u0131daki \u015fekilde de\u011fi\u015ftirilmi\u015ftir.<\/p>\n<p align=\"center\"><img loading=\"lazy\" decoding=\"async\" src=\"http:\/\/www.resmigazete.gov.tr\/eskiler\/2016\/07\/20160730-5_dosyalar\/image002.gif\" width=\"465\" height=\"213\" \/><\/p>\n<p><strong>MADDE 2 \u2013\u00a0<\/strong>Ayn\u0131 Tarifenin eki \u201cEK-3\u201dte yer alan \u201c2016 YILI YEM\u0130NL\u0130 MAL\u0130 M\u00dc\u015eAV\u0130RL\u0130K TASD\u0130K \u0130\u015eLEMLER\u0130 ASGAR\u0130 \u00dcCRETLER\u0130\u201d b\u00f6l\u00fcm\u00fcn\u00fcn \u201cV YEM\u0130NL\u0130 MAL\u0130 M\u00dc\u015eAV\u0130RLER TARAFINDAN YAPILAN D\u0130\u011eER \u0130\u015e VE \u0130\u015eLEMLER\u201d ba\u015fl\u0131\u011f\u0131 alt\u0131ndaki \u201c1. KURULU\u015e \u0130\u015eLEMLER\u0130\u201d k\u0131sm\u0131 a\u015fa\u011f\u0131daki \u015fekilde de\u011fi\u015ftirilmi\u015ftir.<\/p>\n<p align=\"center\"><img loading=\"lazy\" decoding=\"async\" src=\"http:\/\/www.resmigazete.gov.tr\/eskiler\/2016\/07\/20160730-5_dosyalar\/image004.gif\" width=\"465\" height=\"117\" \/><\/p>\n<p><strong>MADDE 3 \u2013<\/strong>\u00a0Bu Tarife yay\u0131m\u0131 tarihinde y\u00fcr\u00fcrl\u00fc\u011fe girer.<\/p>\n<p><strong>MADDE 4 \u2013<\/strong>\u00a0Bu Tarife h\u00fck\u00fcmlerini Maliye Bakan\u0131 y\u00fcr\u00fct\u00fcr.<\/p>\n<p align=\"center\">\n<\/td>\n<\/tr>\n<\/tbody>\n<\/table>\n<div><\/div>\n<\/td>\n<\/tr>\n<\/tbody>\n<\/table>\n","protected":false},"excerpt":{"rendered":"<p>2016 Y\u0131l\u0131 Serbest Muhasebecilik, Serbest Muhasebeci Mali M\u00fc\u015favirlik ve Yeminli Mali M\u00fc\u015favirlik Asgari \u00dccret Tarifesinde De\u011fi\u015fiklik Yap\u0131lmas\u0131na Dair Tarife &#8211; 30.07.2016 30 Temmuz 2016 CUMARTES\u0130 Resm\u00ee Gazete Say\u0131 : 29786 TEBL\u0130\u011e Maliye Bakanl\u0131\u011f\u0131 (Gelir \u0130daresi Ba\u015fkanl\u0131\u011f\u0131)\u2019ndan: 2016 YILI SERBEST MUHASEBEC\u0130L\u0130K, SERBEST MUHASEBEC\u0130 MAL\u0130 M\u00dc\u015eAV\u0130RL\u0130K VE YEM\u0130NL\u0130 MAL\u0130 M\u00dc\u015eAV\u0130RL\u0130K ASGAR\u0130 \u00dcCRET TAR\u0130FES\u0130NDE DE\u011e\u0130\u015e\u0130KL\u0130K YAPILMASINA DA\u0130R TAR\u0130FE [&hellip;]<\/p>\n","protected":false},"author":5,"featured_media":0,"comment_status":"closed","ping_status":"closed","sticky":false,"template":"","format":"standard","meta":{"footnotes":""},"categories":[1],"tags":[],"class_list":{"0":"post-3308","1":"post","2":"type-post","3":"status-publish","4":"format-standard","6":"category-genel"},"_links":{"self":[{"href":"https:\/\/www.rcg.com.tr\/index.php?rest_route=\/wp\/v2\/posts\/3308"}],"collection":[{"href":"https:\/\/www.rcg.com.tr\/index.php?rest_route=\/wp\/v2\/posts"}],"about":[{"href":"https:\/\/www.rcg.com.tr\/index.php?rest_route=\/wp\/v2\/types\/post"}],"author":[{"embeddable":true,"href":"https:\/\/www.rcg.com.tr\/index.php?rest_route=\/wp\/v2\/users\/5"}],"replies":[{"embeddable":true,"href":"https:\/\/www.rcg.com.tr\/index.php?rest_route=%2Fwp%2Fv2%2Fcomments&post=3308"}],"version-history":[{"count":1,"href":"https:\/\/www.rcg.com.tr\/index.php?rest_route=\/wp\/v2\/posts\/3308\/revisions"}],"predecessor-version":[{"id":3309,"href":"https:\/\/www.rcg.com.tr\/index.php?rest_route=\/wp\/v2\/posts\/3308\/revisions\/3309"}],"wp:attachment":[{"href":"https:\/\/www.rcg.com.tr\/index.php?rest_route=%2Fwp%2Fv2%2Fmedia&parent=3308"}],"wp:term":[{"taxonomy":"category","embeddable":true,"href":"https:\/\/www.rcg.com.tr\/index.php?rest_route=%2Fwp%2Fv2%2Fcategories&post=3308"},{"taxonomy":"post_tag","embeddable":true,"href":"https:\/\/www.rcg.com.tr\/index.php?rest_route=%2Fwp%2Fv2%2Ftags&post=3308"}],"curies":[{"name":"wp","href":"https:\/\/api.w.org\/{rel}","templated":true}]}}