{"id":3300,"date":"2016-07-28T09:48:12","date_gmt":"2016-07-28T06:48:12","guid":{"rendered":"http:\/\/rcg.com.tr\/?p=3300"},"modified":"2016-07-28T09:48:12","modified_gmt":"2016-07-28T06:48:12","slug":"vergi-usul-kanunu-genel-tebligi-sira-no-403nin-yururlukten-kaldirilmasina-dair-teblig-sira-no-472-27-07-2016","status":"publish","type":"post","link":"https:\/\/www.rcg.com.tr\/?p=3300","title":{"rendered":"VERG\u0130 USUL KANUNU GENEL TEBL\u0130\u011e\u0130 (SIRA NO: 403)\u2019N\u0130N Y\u00dcR\u00dcRL\u00dcKTEN  KALDIRILMASINA DA\u0130R TEBL\u0130\u011e  (SIRA NO: 472) 27.07.2016"},"content":{"rendered":"<table>\n<tbody>\n<tr>\n<td width=\"607\">\n<table width=\"586\">\n<tbody>\n<tr>\n<td width=\"195\">27 Temmuz 2016 \u00c7AR\u015eAMBA<\/td>\n<td width=\"195\"><strong>Resm\u00ee Gazete<\/strong><\/td>\n<td width=\"195\">Say\u0131 : 29783<\/td>\n<\/tr>\n<tr>\n<td colspan=\"3\" width=\"586\"><strong>TEBL\u0130\u011e<\/strong><\/td>\n<\/tr>\n<tr>\n<td colspan=\"3\" width=\"586\">Maliye Bakanl\u0131\u011f\u0131 (Gelir \u0130daresi Ba\u015fkanl\u0131\u011f\u0131)\u2019ndan:<\/p>\n<p>VERG\u0130 USUL KANUNU GENEL TEBL\u0130\u011e\u0130 (SIRA NO: 403)\u2019N\u0130N Y\u00dcR\u00dcRL\u00dcKTEN<\/p>\n<p>KALDIRILMASINA DA\u0130R TEBL\u0130\u011e<\/p>\n<p>(SIRA NO: 472)<\/p>\n<p><strong>MADDE 1 \u2013<\/strong> 19\/1\/2011 tarihli ve 27820 say\u0131l\u0131 Resm\u00ee Gazete&#8217;de yay\u0131mlanan Vergi Usul Kanunu Genel Tebli\u011fi (S\u0131ra No: 403) y\u00fcr\u00fcrl\u00fckten kald\u0131r\u0131lm\u0131\u015ft\u0131r.<\/p>\n<p><strong>MADDE 2 \u2013<\/strong> Bu Tebli\u011f yay\u0131m\u0131 tarihinde y\u00fcr\u00fcrl\u00fc\u011fe girer.<\/p>\n<p><strong>MADDE 3 \u2013<\/strong> Bu Tebli\u011f h\u00fck\u00fcmlerini Maliye Bakan\u0131 y\u00fcr\u00fct\u00fcr.<\/p>\n<p><strong>\u00a0<\/strong><\/td>\n<\/tr>\n<\/tbody>\n<\/table>\n<\/td>\n<\/tr>\n<\/tbody>\n<\/table>\n<p>&nbsp;<\/p>\n","protected":false},"excerpt":{"rendered":"<p>27 Temmuz 2016 \u00c7AR\u015eAMBA Resm\u00ee Gazete Say\u0131 : 29783 TEBL\u0130\u011e Maliye Bakanl\u0131\u011f\u0131 (Gelir \u0130daresi Ba\u015fkanl\u0131\u011f\u0131)\u2019ndan: VERG\u0130 USUL KANUNU GENEL TEBL\u0130\u011e\u0130 (SIRA NO: 403)\u2019N\u0130N Y\u00dcR\u00dcRL\u00dcKTEN KALDIRILMASINA DA\u0130R TEBL\u0130\u011e (SIRA NO: 472) MADDE 1 \u2013 19\/1\/2011 tarihli ve 27820 say\u0131l\u0131 Resm\u00ee Gazete&#8217;de yay\u0131mlanan Vergi Usul Kanunu Genel Tebli\u011fi (S\u0131ra No: 403) y\u00fcr\u00fcrl\u00fckten kald\u0131r\u0131lm\u0131\u015ft\u0131r. MADDE 2 \u2013 Bu [&hellip;]<\/p>\n","protected":false},"author":5,"featured_media":0,"comment_status":"closed","ping_status":"closed","sticky":false,"template":"","format":"standard","meta":{"footnotes":""},"categories":[1],"tags":[],"class_list":{"0":"post-3300","1":"post","2":"type-post","3":"status-publish","4":"format-standard","6":"category-genel"},"_links":{"self":[{"href":"https:\/\/www.rcg.com.tr\/index.php?rest_route=\/wp\/v2\/posts\/3300"}],"collection":[{"href":"https:\/\/www.rcg.com.tr\/index.php?rest_route=\/wp\/v2\/posts"}],"about":[{"href":"https:\/\/www.rcg.com.tr\/index.php?rest_route=\/wp\/v2\/types\/post"}],"author":[{"embeddable":true,"href":"https:\/\/www.rcg.com.tr\/index.php?rest_route=\/wp\/v2\/users\/5"}],"replies":[{"embeddable":true,"href":"https:\/\/www.rcg.com.tr\/index.php?rest_route=%2Fwp%2Fv2%2Fcomments&post=3300"}],"version-history":[{"count":1,"href":"https:\/\/www.rcg.com.tr\/index.php?rest_route=\/wp\/v2\/posts\/3300\/revisions"}],"predecessor-version":[{"id":3301,"href":"https:\/\/www.rcg.com.tr\/index.php?rest_route=\/wp\/v2\/posts\/3300\/revisions\/3301"}],"wp:attachment":[{"href":"https:\/\/www.rcg.com.tr\/index.php?rest_route=%2Fwp%2Fv2%2Fmedia&parent=3300"}],"wp:term":[{"taxonomy":"category","embeddable":true,"href":"https:\/\/www.rcg.com.tr\/index.php?rest_route=%2Fwp%2Fv2%2Fcategories&post=3300"},{"taxonomy":"post_tag","embeddable":true,"href":"https:\/\/www.rcg.com.tr\/index.php?rest_route=%2Fwp%2Fv2%2Ftags&post=3300"}],"curies":[{"name":"wp","href":"https:\/\/api.w.org\/{rel}","templated":true}]}}