{"id":3289,"date":"2016-07-20T08:28:57","date_gmt":"2016-07-20T05:28:57","guid":{"rendered":"http:\/\/rcg.com.tr\/?p=3289"},"modified":"2016-07-20T08:28:57","modified_gmt":"2016-07-20T05:28:57","slug":"milli-emlak-genel-tebligi-sira-no-294nde-degisiklik-yapilmasina-dair-teblig-sira-no-370-28-06-2016","status":"publish","type":"post","link":"https:\/\/www.rcg.com.tr\/?p=3289","title":{"rendered":"Milli Emlak Genel Tebli\u011fi (S\u0131ra No: 294)\u2019nde De\u011fi\u015fiklik Yap\u0131lmas\u0131na Dair Tebli\u011f (S\u0131ra No: 370) &#8211; 28.06.2016"},"content":{"rendered":"<table border=\"0\" width=\"586\" cellspacing=\"0\" cellpadding=\"0\" align=\"center\">\n<tbody>\n<tr>\n<td colspan=\"3\"><\/td>\n<\/tr>\n<tr>\n<td>28 Haziran 2016 SALI<\/td>\n<td>\n<p align=\"center\"><strong>Resm\u00ee Gazete<\/strong><\/p>\n<\/td>\n<td>\n<p align=\"right\">Say\u0131 : 29756<\/p>\n<\/td>\n<\/tr>\n<tr>\n<td colspan=\"3\">\n<p align=\"center\"><strong>TEBL\u0130\u011e<\/strong><\/p>\n<\/td>\n<\/tr>\n<tr>\n<td colspan=\"3\">Maliye Bakanl\u0131\u011f\u0131ndan:<\/p>\n<p>M\u0130LL\u0130 EMLAK GENEL TEBL\u0130\u011e\u0130 (SIRA NO: 294)\u2019NDE<\/p>\n<p>DE\u011e\u0130\u015e\u0130KL\u0130K YAPILMASINA DA\u0130R TEBL\u0130\u011e<\/p>\n<p>(SIRA NO: 370)<\/p>\n<p><strong>MADDE 1 \u2013<\/strong>\u00a026\/5\/2005\u00a0tarihli ve 25826 say\u0131l\u0131 Resm\u00ee Gazete\u2019de yay\u0131mlanan Milli Emlak Genel Tebli\u011fi (S\u0131ra No: 294)\u2019nin\u00a0ekinde yer alan EK:4\u2019\u00fcn 39 uncu s\u0131ras\u0131 y\u00fcr\u00fcrl\u00fckten kald\u0131r\u0131lm\u0131\u015f, EK:5\u2019in 23 \u00fcnc\u00fc s\u0131ras\u0131 ise a\u015fa\u011f\u0131daki \u015fekilde de\u011fi\u015ftirilmi\u015ftir.<\/p>\n<p align=\"center\"><img loading=\"lazy\" decoding=\"async\" src=\"http:\/\/www.resmigazete.gov.tr\/eskiler\/2016\/06\/20160628-6_dosyalar\/image002.gif\" width=\"465\" height=\"428\" \/><\/p>\n<p><strong>MADDE 2 \u2013<\/strong>\u00a0Bu Tebli\u011f yay\u0131m\u0131 tarihinde y\u00fcr\u00fcrl\u00fc\u011fe girer.<\/p>\n<p><strong>MADDE 3 \u2013<\/strong>\u00a0Bu Tebli\u011f h\u00fck\u00fcmlerini Maliye Bakan\u0131 y\u00fcr\u00fct\u00fcr.<\/td>\n<\/tr>\n<\/tbody>\n<\/table>\n","protected":false},"excerpt":{"rendered":"<p>28 Haziran 2016 SALI Resm\u00ee Gazete Say\u0131 : 29756 TEBL\u0130\u011e Maliye Bakanl\u0131\u011f\u0131ndan: M\u0130LL\u0130 EMLAK GENEL TEBL\u0130\u011e\u0130 (SIRA NO: 294)\u2019NDE DE\u011e\u0130\u015e\u0130KL\u0130K YAPILMASINA DA\u0130R TEBL\u0130\u011e (SIRA NO: 370) MADDE 1 \u2013\u00a026\/5\/2005\u00a0tarihli ve 25826 say\u0131l\u0131 Resm\u00ee Gazete\u2019de yay\u0131mlanan Milli Emlak Genel Tebli\u011fi (S\u0131ra No: 294)\u2019nin\u00a0ekinde yer alan EK:4\u2019\u00fcn 39 uncu s\u0131ras\u0131 y\u00fcr\u00fcrl\u00fckten kald\u0131r\u0131lm\u0131\u015f, EK:5\u2019in 23 \u00fcnc\u00fc s\u0131ras\u0131 ise [&hellip;]<\/p>\n","protected":false},"author":5,"featured_media":0,"comment_status":"closed","ping_status":"closed","sticky":false,"template":"","format":"standard","meta":{"footnotes":""},"categories":[1],"tags":[],"class_list":{"0":"post-3289","1":"post","2":"type-post","3":"status-publish","4":"format-standard","6":"category-genel"},"_links":{"self":[{"href":"https:\/\/www.rcg.com.tr\/index.php?rest_route=\/wp\/v2\/posts\/3289"}],"collection":[{"href":"https:\/\/www.rcg.com.tr\/index.php?rest_route=\/wp\/v2\/posts"}],"about":[{"href":"https:\/\/www.rcg.com.tr\/index.php?rest_route=\/wp\/v2\/types\/post"}],"author":[{"embeddable":true,"href":"https:\/\/www.rcg.com.tr\/index.php?rest_route=\/wp\/v2\/users\/5"}],"replies":[{"embeddable":true,"href":"https:\/\/www.rcg.com.tr\/index.php?rest_route=%2Fwp%2Fv2%2Fcomments&post=3289"}],"version-history":[{"count":1,"href":"https:\/\/www.rcg.com.tr\/index.php?rest_route=\/wp\/v2\/posts\/3289\/revisions"}],"predecessor-version":[{"id":3290,"href":"https:\/\/www.rcg.com.tr\/index.php?rest_route=\/wp\/v2\/posts\/3289\/revisions\/3290"}],"wp:attachment":[{"href":"https:\/\/www.rcg.com.tr\/index.php?rest_route=%2Fwp%2Fv2%2Fmedia&parent=3289"}],"wp:term":[{"taxonomy":"category","embeddable":true,"href":"https:\/\/www.rcg.com.tr\/index.php?rest_route=%2Fwp%2Fv2%2Fcategories&post=3289"},{"taxonomy":"post_tag","embeddable":true,"href":"https:\/\/www.rcg.com.tr\/index.php?rest_route=%2Fwp%2Fv2%2Ftags&post=3289"}],"curies":[{"name":"wp","href":"https:\/\/api.w.org\/{rel}","templated":true}]}}