{"id":3285,"date":"2016-07-20T08:27:27","date_gmt":"2016-07-20T05:27:27","guid":{"rendered":"http:\/\/rcg.com.tr\/?p=3285"},"modified":"2016-07-20T08:27:27","modified_gmt":"2016-07-20T05:27:27","slug":"yatirimlarda-devlet-yardimlari-hakkinda-kararin-uygulanmasina-iliskin-teblig-teblig-no-20121de-degisiklik-yapilmasina-dair-teblig-no-20162-25-06-2016","status":"publish","type":"post","link":"https:\/\/www.rcg.com.tr\/?p=3285","title":{"rendered":"Yat\u0131r\u0131mlarda Devlet Yard\u0131mlar\u0131 Hakk\u0131nda Karar\u0131n Uygulanmas\u0131na \u0130li\u015fkin Tebli\u011f (Tebli\u011f No: 2012\/1)\u2019de De\u011fi\u015fiklik Yap\u0131lmas\u0131na Dair Tebli\u011f (No: 2016\/2) &#8211; 25.06.2016"},"content":{"rendered":"<table border=\"0\" width=\"586\" cellspacing=\"0\" cellpadding=\"0\" align=\"center\">\n<tbody>\n<tr>\n<td>25 Haziran 2016 CUMARTES\u0130<\/td>\n<td>\n<p align=\"center\"><strong>Resm\u00ee Gazete<\/strong><\/p>\n<\/td>\n<td>\n<p align=\"right\">Say\u0131 : 29753<\/p>\n<\/td>\n<\/tr>\n<tr>\n<td colspan=\"3\">\n<p align=\"center\"><strong>TEBL\u0130\u011e<\/strong><\/p>\n<\/td>\n<\/tr>\n<tr>\n<td colspan=\"3\">Ekonomi Bakanl\u0131\u011f\u0131ndan:<\/p>\n<p>YATIRIMLARDA DEVLET YARDIMLARI HAKKINDA KARARIN<\/p>\n<p>UYGULANMASINA \u0130L\u0130\u015eK\u0130N TEBL\u0130\u011e (TEBL\u0130\u011e NO: 2012\/1)\u2019DE<\/p>\n<p>DE\u011e\u0130\u015e\u0130KL\u0130K YAPILMASINA DA\u0130R TEBL\u0130\u011e (NO: 2016\/2)<\/p>\n<p><strong>MADDE 1 \u2013<\/strong>\u00a020\/6\/2012\u00a0tarihli ve 28329 say\u0131l\u0131 Resm\u00ee Gazete\u2019de yay\u0131mlanan Yat\u0131r\u0131mlarda Devlet Yard\u0131mlar\u0131 Hakk\u0131nda Karar\u0131n Uygulanmas\u0131na \u0130li\u015fkin Tebli\u011f (Tebli\u011f No: 2012\/1)\u2019in 6\u00a0nc\u0131\u00a0maddesinin birinci f\u0131kras\u0131n\u0131n (d) bendi a\u015fa\u011f\u0131daki \u015fekilde de\u011fi\u015ftirilmi\u015ftir.<\/p>\n<p>\u201cd) Firman\u0131n son ortakl\u0131k yap\u0131s\u0131n\u0131 g\u00f6sterir T\u00fcrkiye Ticaret Sicil Gazetesi veya T\u00fcrkiye Esnaf ve\u00a0Sanatkarlar\u00a0Sicil Gazetesi \u00f6rne\u011fi.\u201d<\/p>\n<p><strong>MADDE 2 \u2013\u00a0<\/strong>Ayn\u0131 Tebli\u011fin 8 inci maddesinin ikinci f\u0131kras\u0131na a\u015fa\u011f\u0131daki bent eklenmi\u015ftir.<\/p>\n<p>\u201ce) Yurtd\u0131\u015f\u0131ndan temin edilecek g\u00fcne\u015f panelleri\u201d<\/p>\n<p><strong>MADDE 3 \u2013\u00a0<\/strong>Ayn\u0131 Tebli\u011fin 18 inci maddesinin birinci f\u0131kras\u0131 a\u015fa\u011f\u0131daki \u015fekilde de\u011fi\u015ftirilmi\u015ftir.<\/p>\n<p>\u201c(1) Te\u015fvik belgesine konu yat\u0131r\u0131mlar\u0131n proje baz\u0131nda yap\u0131lacak de\u011ferlendirme sonucunda \u00f6ng\u00f6r\u00fclecek s\u00fcrede ger\u00e7ekle\u015ftirilmesi esast\u0131r. Yat\u0131r\u0131m\u0131n \u00f6ng\u00f6r\u00fclen s\u00fcrede ger\u00e7ekle\u015ftirilememesi halinde te\u015fvik belgesinin d\u00fczenlendi\u011fi mercie s\u00fcre uzat\u0131m\u0131 talebinde bulunulmas\u0131 durumunda, te\u015fvik belgesinde kay\u0131tl\u0131 ilk s\u00fcrenin yar\u0131s\u0131 kadar ek s\u00fcre verilebilir. Bu \u015fekilde hesaplanan ek s\u00fcrenin bir y\u0131ldan az olmas\u0131 halinde ek s\u00fcre bir y\u0131l olarak uygulan\u0131r.\u201d<\/p>\n<p><strong>MADDE 4 \u2013\u00a0<\/strong>Ayn\u0131 Tebli\u011fin EK-2\u2019sinin (1) numaral\u0131 s\u0131ras\u0131n\u0131n (\u00e7) bendi ve (12) numaral\u0131 s\u0131ras\u0131 a\u015fa\u011f\u0131daki \u015fekilde de\u011fi\u015ftirilmi\u015f, (14) ve (16) numaral\u0131 s\u0131ralar\u0131 y\u00fcr\u00fcrl\u00fckten kald\u0131r\u0131lm\u0131\u015f ve (17) numaral\u0131 s\u0131ras\u0131 a\u015fa\u011f\u0131daki \u015fekilde de\u011fi\u015ftirilmi\u015ftir.<\/p>\n<p>\u201c\u00e7) Lisanss\u0131z elektrik \u00fcretimi yapacak tesislerle ilgili olarak, yetkili kurumdan al\u0131nacak proje onay yaz\u0131s\u0131,\u201d<\/p>\n<p>\u201c12. Ula\u015ft\u0131rma, Denizcilik ve Haberle\u015fme Bakanl\u0131\u011f\u0131 Altyap\u0131 Yat\u0131r\u0131mlar\u0131 Genel M\u00fcd\u00fcrl\u00fc\u011f\u00fcn\u00fcn uygulama projesine ili\u015fkin onay yaz\u0131s\u0131 (Yat liman\u0131 yat\u0131r\u0131mlar\u0131nda ayr\u0131ca, K\u00fclt\u00fcr ve Turizm Bakanl\u0131\u011f\u0131nca d\u00fczenlenecek Turizm Yat\u0131r\u0131m\u0131, Turizm \u0130\u015fletmesi ve\/veya K\u0131smi Turizm \u0130\u015fletmesi Belgesinin tasdikli sureti aran\u0131r).\u201d<\/p>\n<p>\u201c17. \u0130lgili Bakanl\u0131k, kurum veya kurulu\u015f ile yap\u0131lan uygulama s\u00f6zle\u015fmesinin \u00f6rne\u011fi.\u201d<\/p>\n<p><strong>MADDE 5 \u2013\u00a0<\/strong>Ayn\u0131 Tebli\u011fin EK-5\u2019inin (6), (8) ve (13) numaral\u0131 s\u0131ralar\u0131 y\u00fcr\u00fcrl\u00fckten kald\u0131r\u0131lm\u0131\u015ft\u0131r.<\/p>\n<p><strong>MADDE 6 \u2013<\/strong>\u00a0Bu Tebli\u011f yay\u0131m\u0131 tarihinde y\u00fcr\u00fcrl\u00fc\u011fe girer.<\/p>\n<p><strong>MADDE 7 \u2013<\/strong>\u00a0Bu Tebli\u011f h\u00fck\u00fcmlerini Ekonomi Bakan\u0131 y\u00fcr\u00fct\u00fcr.<\/p>\n<p align=\"center\">\n<table border=\"1\" width=\"567\" cellspacing=\"0\" cellpadding=\"0\" align=\"center\">\n<tbody>\n<tr>\n<td colspan=\"3\">\n<p align=\"center\"><strong>Y\u00f6netmeli\u011fin Yay\u0131mland\u0131\u011f\u0131 Resm\u00ee Gazete&#8217;nin<\/strong><\/p>\n<\/td>\n<\/tr>\n<tr>\n<td colspan=\"2\">\n<p align=\"center\"><strong>Tarihi<\/strong><\/p>\n<\/td>\n<td>\n<p align=\"center\"><strong>Say\u0131s\u0131<\/strong><\/p>\n<\/td>\n<\/tr>\n<tr>\n<td colspan=\"2\">\n<p align=\"center\">20\/6\/2012<\/p>\n<\/td>\n<td>\n<p align=\"center\">28329<\/p>\n<\/td>\n<\/tr>\n<tr>\n<td colspan=\"3\">\n<p align=\"center\"><strong>Y\u00f6netmelikte De\u011fi\u015fiklik Yapan Y\u00f6netmeliklerin Yay\u0131mland\u0131\u011f\u0131 Resm\u00ee Gazete&#8217;nin<\/strong><\/p>\n<\/td>\n<\/tr>\n<tr>\n<td colspan=\"2\">\n<p align=\"center\"><strong>Tarihi<\/strong><\/p>\n<\/td>\n<td>\n<p align=\"center\"><strong>Say\u0131s\u0131<\/strong><\/p>\n<\/td>\n<\/tr>\n<tr>\n<td>\n<p align=\"center\">1-<\/p>\n<\/td>\n<td>\n<p align=\"center\">10\/4\/2014<\/p>\n<\/td>\n<td>\n<p align=\"center\">28968<\/p>\n<\/td>\n<\/tr>\n<tr>\n<td>\n<p align=\"center\">2-<\/p>\n<\/td>\n<td>\n<p align=\"center\">8\/5\/2014<\/p>\n<\/td>\n<td>\n<p align=\"center\">28994<\/p>\n<\/td>\n<\/tr>\n<tr>\n<td>\n<p align=\"center\">3-<\/p>\n<\/td>\n<td>\n<p align=\"center\">25\/9\/2014<\/p>\n<\/td>\n<td>\n<p align=\"center\">29130<\/p>\n<\/td>\n<\/tr>\n<tr>\n<td>\n<p align=\"center\">4-<\/p>\n<\/td>\n<td>\n<p align=\"center\">28\/4\/2016<\/p>\n<\/td>\n<td>\n<p align=\"center\">29697<\/p>\n<\/td>\n<\/tr>\n<\/tbody>\n<\/table>\n<div><\/div>\n<\/td>\n<\/tr>\n<\/tbody>\n<\/table>\n","protected":false},"excerpt":{"rendered":"<p>25 Haziran 2016 CUMARTES\u0130 Resm\u00ee Gazete Say\u0131 : 29753 TEBL\u0130\u011e Ekonomi Bakanl\u0131\u011f\u0131ndan: YATIRIMLARDA DEVLET YARDIMLARI HAKKINDA KARARIN UYGULANMASINA \u0130L\u0130\u015eK\u0130N TEBL\u0130\u011e (TEBL\u0130\u011e NO: 2012\/1)\u2019DE DE\u011e\u0130\u015e\u0130KL\u0130K YAPILMASINA DA\u0130R TEBL\u0130\u011e (NO: 2016\/2) MADDE 1 \u2013\u00a020\/6\/2012\u00a0tarihli ve 28329 say\u0131l\u0131 Resm\u00ee Gazete\u2019de yay\u0131mlanan Yat\u0131r\u0131mlarda Devlet Yard\u0131mlar\u0131 Hakk\u0131nda Karar\u0131n Uygulanmas\u0131na \u0130li\u015fkin Tebli\u011f (Tebli\u011f No: 2012\/1)\u2019in 6\u00a0nc\u0131\u00a0maddesinin birinci f\u0131kras\u0131n\u0131n (d) bendi a\u015fa\u011f\u0131daki [&hellip;]<\/p>\n","protected":false},"author":5,"featured_media":0,"comment_status":"closed","ping_status":"closed","sticky":false,"template":"","format":"standard","meta":{"footnotes":""},"categories":[1],"tags":[],"class_list":{"0":"post-3285","1":"post","2":"type-post","3":"status-publish","4":"format-standard","6":"category-genel"},"_links":{"self":[{"href":"https:\/\/www.rcg.com.tr\/index.php?rest_route=\/wp\/v2\/posts\/3285"}],"collection":[{"href":"https:\/\/www.rcg.com.tr\/index.php?rest_route=\/wp\/v2\/posts"}],"about":[{"href":"https:\/\/www.rcg.com.tr\/index.php?rest_route=\/wp\/v2\/types\/post"}],"author":[{"embeddable":true,"href":"https:\/\/www.rcg.com.tr\/index.php?rest_route=\/wp\/v2\/users\/5"}],"replies":[{"embeddable":true,"href":"https:\/\/www.rcg.com.tr\/index.php?rest_route=%2Fwp%2Fv2%2Fcomments&post=3285"}],"version-history":[{"count":1,"href":"https:\/\/www.rcg.com.tr\/index.php?rest_route=\/wp\/v2\/posts\/3285\/revisions"}],"predecessor-version":[{"id":3286,"href":"https:\/\/www.rcg.com.tr\/index.php?rest_route=\/wp\/v2\/posts\/3285\/revisions\/3286"}],"wp:attachment":[{"href":"https:\/\/www.rcg.com.tr\/index.php?rest_route=%2Fwp%2Fv2%2Fmedia&parent=3285"}],"wp:term":[{"taxonomy":"category","embeddable":true,"href":"https:\/\/www.rcg.com.tr\/index.php?rest_route=%2Fwp%2Fv2%2Fcategories&post=3285"},{"taxonomy":"post_tag","embeddable":true,"href":"https:\/\/www.rcg.com.tr\/index.php?rest_route=%2Fwp%2Fv2%2Ftags&post=3285"}],"curies":[{"name":"wp","href":"https:\/\/api.w.org\/{rel}","templated":true}]}}