{"id":3278,"date":"2016-05-23T13:37:38","date_gmt":"2016-05-23T10:37:38","guid":{"rendered":"http:\/\/rcg.com.tr\/?p=3278"},"modified":"2016-05-23T13:37:38","modified_gmt":"2016-05-23T10:37:38","slug":"katma-deger-vergisi-genel-uygulama-tebliginde-degisiklik-yapilmasina-dair-teblig-seri-no-6","status":"publish","type":"post","link":"https:\/\/www.rcg.com.tr\/?p=3278","title":{"rendered":"KATMA DE\u011eER VERG\u0130S\u0130 GENEL UYGULAMA TEBL\u0130\u011e\u0130NDE  DE\u011e\u0130\u015e\u0130KL\u0130K YAPILMASINA DA\u0130R TEBL\u0130\u011e  (SER\u0130 NO: 6)"},"content":{"rendered":"<table width=\"586\">\n<tbody>\n<tr>\n<td width=\"195\">21 May\u0131s 2016 CUMARTES\u0130<\/td>\n<td width=\"195\"><strong>Resm\u00ee Gazete<\/strong><\/td>\n<td width=\"195\">Say\u0131 : 29718<\/td>\n<\/tr>\n<tr>\n<td colspan=\"3\" width=\"586\"><strong>TEBL\u0130\u011e<\/strong><\/td>\n<\/tr>\n<tr>\n<td colspan=\"3\" width=\"586\">Maliye Bakanl\u0131\u011f\u0131 (Gelir \u0130daresi Ba\u015fkanl\u0131\u011f\u0131)\u2019ndan:<\/p>\n<p>KATMA DE\u011eER VERG\u0130S\u0130 GENEL UYGULAMA TEBL\u0130\u011e\u0130NDE<\/p>\n<p>DE\u011e\u0130\u015e\u0130KL\u0130K YAPILMASINA DA\u0130R TEBL\u0130\u011e<\/p>\n<p>(SER\u0130 NO: 6)<\/p>\n<p><strong>MADDE 1 \u2013<\/strong> 26\/4\/2014 tarihli ve 28983 say\u0131l\u0131 Resm\u00ee Gazete\u2019de yay\u0131mlanan KDV Genel Uygulama Tebli\u011finin (I\/C-1.1.2) b\u00f6l\u00fcm\u00fcne sekizinci paragraftan sonra gelmek \u00fczere a\u015fa\u011f\u0131daki paragraflar eklenmi\u015f; ayn\u0131 b\u00f6l\u00fcmde yer alan \u201c25 Seri No.lu \u00d6zel T\u00fcketim Vergisi Genel Tebli\u011finde\u201d ibareleri \u201c\u00d6zel T\u00fcketim Vergisi (I) Say\u0131l\u0131 Liste Uygulama Genel Tebli\u011finde\u201d olarak de\u011fi\u015ftirilmi\u015ftir.<\/p>\n<p>\u201c\u0130ndirim hakk\u0131na sahip m\u00fckelleflerin ithalat matrah\u0131nda, ithalat i\u015fleminden sonra meydana gelen azalmalar (transfer fiyatland\u0131rmas\u0131 yoluyla \u00f6rt\u00fcl\u00fc kazan\u00e7 da\u011f\u0131t\u0131ld\u0131\u011f\u0131n\u0131n tespit edildi\u011fi durumlar d\u00e2hil) nedeniyle fazla veya yersiz \u00f6denen vergiler, bu m\u00fckellefler taraf\u0131ndan indirim hesaplar\u0131na al\u0131nd\u0131\u011f\u0131ndan iade edilmez. \u0130thalat s\u0131ras\u0131nda fazla veya yersiz \u00f6denen bu vergiler ile ilgili olarak indirim hesaplar\u0131nda herhangi bir d\u00fczeltme yap\u0131lmas\u0131na gerek bulunmamaktad\u0131r.<\/p>\n<p>Bu uygulama yurtd\u0131\u015f\u0131ndan temin edilen hizmetlere (gayri maddi hak \u00f6demeleri d\u00e2hil) ili\u015fkin sorumlu s\u0131fat\u0131yla beyan edilerek \u00f6denen vergiler i\u00e7in de ge\u00e7erlidir.\u201d<\/p>\n<p><strong>MADDE 2 \u2013<\/strong> Ayn\u0131 Tebli\u011fin (I\/C-2.1.3.1) b\u00f6l\u00fcm\u00fcn\u00fcn sonuna a\u015fa\u011f\u0131daki paragraf eklenmi\u015ftir.<\/p>\n<p>\u201c213 say\u0131l\u0131 Kanuna g\u00f6re, m\u00fccbir sebebin ba\u015flad\u0131\u011f\u0131 tarihten sona erdi\u011fi tarihe kadar ge\u00e7en s\u00fcrede, m\u00fccbir sebepten yararlanan m\u00fckelleflerin vergi \u00f6devleri ertelenmektedir. Bu kapsamda beyanname verme y\u00fck\u00fcml\u00fcl\u00fckleri ileri tarihe ertelenen m\u00fckelleflerin, m\u00fccbir sebep halinde bulundu\u011fu s\u00fcre i\u00e7erisinde k\u0131smi tevkifat kapsam\u0131ndaki al\u0131mlar\u0131nda tevkifat uygulanmaz.\u201d<\/p>\n<p><strong>MADDE 3 \u2013<\/strong> Ayn\u0131 Tebli\u011fin (I\/C-2.1.3.2.13) b\u00f6l\u00fcm\u00fcnde yer alan \u201ckuru\u015flara\u201d ibaresi \u201ckurulu\u015flara\u201d olarak; \u201ckuru\u015flar\u201d ibaresi \u201ckurulu\u015flar\u201d olarak de\u011fi\u015ftirilmi\u015ftir.<\/p>\n<p><strong>MADDE 4 \u2013<\/strong> Ayn\u0131 Tebli\u011fin (I\/C-2.1.3.3.3.2) b\u00f6l\u00fcm\u00fcn\u00fcn d\u00f6rd\u00fcnc\u00fc paragraf\u0131 ile (I\/C-2.1.3.3.4.1) b\u00f6l\u00fcm\u00fcn\u00fcn \u00fc\u00e7\u00fcnc\u00fc paragraf\u0131n\u0131n birinci c\u00fcmlesinde yer alan \u201cuygulanma\u201d ibareleri \u201cuygulanmaz\u201d \u015feklinde de\u011fi\u015ftirilmi\u015ftir.<\/p>\n<p><strong>MADDE 5 \u2013<\/strong> Ayn\u0131 Tebli\u011fin (I\/C-2.1.3.3.6.1) b\u00f6l\u00fcm\u00fcn\u00fcn ikinci paragraf\u0131 a\u015fa\u011f\u0131daki \u015fekilde de\u011fi\u015ftirilmi\u015ftir.<\/p>\n<p>\u201cS\u00f6z konusu mallar\u0131n ithalat\u00e7\u0131lar\u0131 veya bu mallar\u0131 5018 say\u0131l\u0131 Kanuna ekli cetveller kapsam\u0131ndaki idare, kurum ve kurulu\u015flardan alanlar taraf\u0131ndan yap\u0131lan teslimlerde tevkifat uygulanmaz. Bu teslimlere ili\u015fkin d\u00fczenlenen faturada \u201cTeslim edilen mal do\u011frudan ithalat yoluyla temin edildi\u011finden\/temin edilerek \u00fcretildi\u011finden tevkifat uygulanmam\u0131\u015ft\u0131r.\u201d veya \u201cTeslim edilen mal 5018 say\u0131l\u0131 Kanuna ekli cetveller kapsam\u0131ndaki idare, kurum ve kurulu\u015flardan temin edildi\u011finden\/temin edilerek \u00fcretildi\u011finden tevkifat uygulanmam\u0131\u015ft\u0131r.\u201d a\u00e7\u0131klamas\u0131na ve s\u00f6z konusu mallar\u0131n ithalat\u0131na ili\u015fkin fatura ve g\u00fcmr\u00fck beyannamesi bilgilerine veya bu mallar\u0131n 5018 say\u0131l\u0131 Kanuna ekli cetveller kapsam\u0131ndaki idare, kurum ve kurulu\u015flardan al\u0131m\u0131na ili\u015fkin fatura bilgilerine yer verilir.\u201d<\/p>\n<p><strong>MADDE 6 \u2013<\/strong> Ayn\u0131 Tebli\u011finin (I\/C-2.1.4.2) b\u00f6l\u00fcm\u00fcnde yer alan \u00f6rnek a\u015fa\u011f\u0131daki \u015fekilde de\u011fi\u015ftirilmi\u015ftir.<\/p>\n<p>\u201c\u00d6rnek: Konfeksiyon toptanc\u0131s\u0131 (A)&#8217;dan 100.000 TL\u2019ye 1.000 par\u00e7al\u0131k fason i\u015f sipari\u015fi alan imalat\u00e7\u0131 (B), 2014\/Ocak d\u00f6neminde bu i\u015fle ilgili olarak fatura d\u00fczenlemi\u015f, faturada g\u00f6sterilen (100.000 x 0,08 =) 8.000 TL KDV\u2019nin (8.000 x 0,50 =) 4.000 TL\u2019si (B)\u2019ye \u00f6denmi\u015f, (8.000 x 0,50=) 4.000 TL\u2019lik k\u0131sm\u0131 ise (A) taraf\u0131ndan tevkifata tabi tutularak sorumlu s\u0131fat\u0131yla beyan edilmi\u015ftir.<\/p>\n<p>(B), bu sipari\u015fin 200 adetlik k\u0131sm\u0131n\u0131 zaman\u0131nda teslim edemedi\u011finden bedelde 20.000 TL\u2019lik bir azalma meydana gelmi\u015ftir.<\/p>\n<p>2014\/\u015eubat d\u00f6neminde ortaya \u00e7\u0131kan bu de\u011fi\u015fiklik nedeniyle taraflar\u0131n kar\u015f\u0131l\u0131kl\u0131 d\u00fczeltme yapmas\u0131 gerekmektedir.<\/p>\n<p>Buna g\u00f6re (B), (A)\u2019ya 20.000 TL ile birlikte bu tutara ait (20.000 x 0,08 =) 1.600 TL KDV\u2019nin tevkifata tabi tutulmayan (1.600 x 0,50 =) 800 TL\u2019sini (toplam 20.800 TL) iade edecek, 2014\/Ocak d\u00f6neminde beyan etti\u011fi 800 TL\u2019yi 2014\/\u015eubat d\u00f6nemine ait 1 No.lu KDV Beyannamesinde indirim konusu yapacakt\u0131r.<\/p>\n<p>(A) ise 2014\/Ocak d\u00f6neminde indirim konusu yapt\u0131\u011f\u0131 800 TL\u2019yi, 2014\/\u015eubat d\u00f6neminde 1 No.lu KDV Beyannamesi ile beyan edecektir.<\/p>\n<p>(A)\u2019n\u0131n bu fason sipari\u015f nedeniyle tevkifata tabi tutarak beyan etti\u011fi verginin, 20.000 TL\u2019ye isabet eden k\u0131sm\u0131 olan (1.600 x 0,50 =) 800 TL ayn\u0131 zamanda indirim konusu yap\u0131lm\u0131\u015f oldu\u011fundan, bir d\u00fczeltme i\u015flemine konu olmayacakt\u0131r.\u201d<\/p>\n<p><strong>MADDE 7 \u2013<\/strong> Ayn\u0131 Tebli\u011fin (II\/A-8.12) b\u00f6l\u00fcm\u00fcn\u00fcn sekizinci paragraf\u0131 y\u00fcr\u00fcrl\u00fckten kald\u0131r\u0131lm\u0131\u015f, on d\u00f6rd\u00fcnc\u00fc paragraf\u0131n\u0131n son c\u00fcmlesinde yer alan \u201cedilmesinin\u201d ibaresi \u201cedilmesi\u201d \u015feklinde de\u011fi\u015ftirilmi\u015ftir.<\/p>\n<p><strong>MADDE 8 \u2013<\/strong> Ayn\u0131 Tebli\u011fin (II\/B-4.2) b\u00f6l\u00fcm\u00fcn\u00fcn ikinci paragraf\u0131n\u0131n birinci c\u00fcmlesine\u00a0\u00a0 \u201cyapmak\u201d ibaresinden sonra gelmek \u00fczere \u201cisteyen\u201d ibaresi eklenmi\u015ftir.<\/p>\n<p><strong>MADDE 9 \u2013<\/strong> Ayn\u0131 Tebli\u011fin;<\/p>\n<p>a) (II\/B-6) b\u00f6l\u00fcm\u00fcn\u00fcn ba\u015fl\u0131\u011f\u0131nda yer alan \u201cLimanlar ve Hava Meydanlar\u0131na\u201d ibaresi \u201cLimanlara\u201d \u015feklinde,<\/p>\n<p>b) (II\/B-6) b\u00f6l\u00fcm\u00fcn\u00fcn birinci paragraf\u0131nda yer alan \u201climan ve hava meydanlar\u0131na\u201d ibaresi \u201climanlara\u201d \u015feklinde,<\/p>\n<p>c) (II\/B-6.1) b\u00f6l\u00fcm\u00fcn\u00fcn be\u015finci paragraf\u0131nda yer alan \u201cS\u00f6z konusu istisna\u201d ibaresi \u201cS\u00f6z konusu istisna limanlara ba\u011flant\u0131 sa\u011flayan demiryolu hatlar\u0131 ile\u201d \u015feklinde,<\/p>\n<p>\u00e7) (II\/B-6.1) b\u00f6l\u00fcm\u00fcn\u00fcn alt\u0131nc\u0131 paragraf\u0131nda yer alan \u201climan ve hava meydanlar\u0131n\u0131n\u201d ibaresi \u201climanlara ba\u011flant\u0131 sa\u011flayan demiryolu hatlar\u0131 ile liman ve hava meydanlar\u0131n\u0131n\u201d \u015feklinde,<\/p>\n<p>d) (II\/B-6.2) b\u00f6l\u00fcm\u00fcn\u00fcn birinci paragraf\u0131nda yer alan \u201cLiman ve hava meydanlar\u0131n\u0131n\u201d ibaresi \u201cLimanlara ba\u011flant\u0131 sa\u011flayan demiryolu hatlar\u0131 ile liman ve hava meydanlar\u0131n\u0131n\u201d \u015feklinde,<\/p>\n<p>e) (II\/B-6.4) b\u00f6l\u00fcm\u00fcn\u00fcn birinci paragraf\u0131nda yer alan \u201cLiman ve hava meydanlar\u0131na\u201d ibaresi \u201cLimanlara\u201d \u015feklinde,<\/p>\n<p>de\u011fi\u015ftirilmi\u015ftir.<\/p>\n<p><strong>MADDE 10 \u2013<\/strong> Ayn\u0131 Tebli\u011fin;<\/p>\n<p>a) (II\/C-2.1) b\u00f6l\u00fcm\u00fcn\u00fcn ikinci paragraf\u0131nda yer alan \u201c11 Seri No.lu \u00d6zel T\u00fcketim Vergisi\u00a0 (\u00d6TV) Genel Tebli\u011finde\u201d ibaresi \u201c\u00d6zel T\u00fcketim Vergisi (I) Say\u0131l\u0131 Liste Uygulama Genel Tebli\u011finde\u201d \u015feklinde,<\/p>\n<p>b) (II\/C-2.1) b\u00f6l\u00fcm\u00fcn\u00fcn \u00fc\u00e7\u00fcnc\u00fc paragraf\u0131nda yer alan \u201c11 Seri No.lu \u00d6TV Genel Tebli\u011finin \u201cTan\u0131mlar\u201d ba\u015fl\u0131kl\u0131 (1.) b\u00f6l\u00fcm\u00fcnde\u201d ibaresi \u201c\u00d6zel T\u00fcketim Vergisi (I) Say\u0131l\u0131 Liste Uygulama Genel Tebli\u011finin (II\/C-5.2.Tan\u0131mlar) ba\u015fl\u0131kl\u0131 b\u00f6l\u00fcm\u00fcnde\u201d \u015feklinde,<\/p>\n<p>c) (II\/C-2.3) b\u00f6l\u00fcm\u00fcnde yer alan \u201c11 Seri No.lu \u00d6TV Genel Tebli\u011fi\u201d ibaresi \u201c\u00d6zel T\u00fcketim Vergisi (I) Say\u0131l\u0131 Liste Uygulama Genel Tebli\u011fi\u201d\u00a0 \u015feklinde,<\/p>\n<p>de\u011fi\u015ftirilmi\u015ftir.<\/p>\n<p><strong>MADDE 11 \u2013<\/strong> Ayn\u0131 Tebli\u011fin (II\/E) k\u0131sm\u0131nda yer alan \u201c2. Birle\u015fmi\u015f Milletler (BM) ile Kuzey Atlantik Antla\u015fmas\u0131 Te\u015fkilat\u0131 (NATO) Temsilcilikleri ve Bu Te\u015fkilatlara Ba\u011fl\u0131 Program, Fon ve \u00d6zel \u0130htisas Kurulu\u015flar\u0131 ile \u0130ktisadi \u0130\u015fbirli\u011fi ve Kalk\u0131nma Te\u015fkilat\u0131na (OECD) Resmi Kullan\u0131mlar\u0131 \u0130\u00e7in Yap\u0131lacak Mal Teslimi ve Hizmet \u0130falar\u0131 ile Bunlar\u0131n Sosyal ve Ekonomik Yard\u0131m Amac\u0131yla Bedelsiz Olarak Yapacaklar\u0131 Mal Teslimi ve Hizmet \u0130falar\u0131nda \u0130stisna\u201d ba\u015fl\u0131kl\u0131 b\u00f6l\u00fcm, ba\u015fl\u0131\u011f\u0131yla birlikte a\u015fa\u011f\u0131daki \u015fekilde de\u011fi\u015ftirilmi\u015ftir.<\/p>\n<p><strong>\u201c2. Uluslararas\u0131 Kurulu\u015flar ile Bu Kurulu\u015flara Ba\u011fl\u0131 Program, Fon, Temsilcilik ve \u00d6zel \u0130htisas Kurulu\u015flar\u0131na Yap\u0131lan Teslim ve Hizmetlerde \u0130stisna<\/strong><\/p>\n<p>3065 say\u0131l\u0131 Kanunun 27\/3\/2015 tarihli ve 6637 say\u0131l\u0131 Kanunla de\u011fi\u015fen ge\u00e7ici 26 nc\u0131 maddesinde,<\/p>\n<p>\u201cEv sahibi h\u00fck\u00fcmet anla\u015fmalar\u0131 veya \u00fclkemizin taraf oldu\u011fu di\u011fer anla\u015fmalar \u00e7er\u00e7evesinde T\u00fcrkiye&#8217;de faaliyet g\u00f6steren uluslararas\u0131 kurulu\u015flar ile bu kurulu\u015flara ba\u011fl\u0131 program, fon, temsilcilik ve \u00f6zel ihtisas kurulu\u015flar\u0131n\u0131n resm\u00ee kullan\u0131mlar\u0131 i\u00e7in yap\u0131lacak mal teslimi ve hizmet ifalar\u0131, bunlar\u0131n sosyal ve ekonomik yard\u0131m amac\u0131yla bedelsiz olarak yapacaklar\u0131 mal teslimi ve hizmet ifalar\u0131, bedelsiz mal teslimi ve hizmet ifalar\u0131 ile ilgili mal ve hizmetlerin bunlara teslim ve ifas\u0131; ilgili kurum, temsilcilik, program, fon ve \u00f6zel ihtisas kurulu\u015flar\u0131n\u0131n T\u00fcrkiye&#8217;deki faaliyetlerinin devam\u0131 veya ilgili kurumlara ili\u015fkin uluslararas\u0131 anla\u015fmalar\u0131n y\u00fcr\u00fcrl\u00fckte bulundu\u011fu s\u00fcre i\u00e7inde katma de\u011fer vergisinden m\u00fcstesnad\u0131r.<\/p>\n<p>Birinci f\u0131krada yer alan istisnadan yararlanan kurulu\u015flar\u0131n y\u00f6netici kadrolar\u0131nda g\u00f6rev yapan T\u00fcrkiye Cumhuriyeti vatanda\u015f\u0131 olmayan mensuplar\u0131na T\u00fcrkiye&#8217;de g\u00f6revde bulunduklar\u0131 s\u00fcre i\u00e7inde yap\u0131lacak mal teslimi ve hizmet ifalar\u0131 da katma de\u011fer vergisinden m\u00fcstesnad\u0131r.<\/p>\n<p>Bu maddede d\u00fczenlenen istisnalar dolay\u0131s\u0131yla y\u00fcklenilen vergiler, vergiye tabi i\u015flemler \u00fczerinden hesaplanan vergilerden indirilir. \u0130ndirim yoluyla telafi edilemeyen vergiler ise 32 nci madde h\u00fck\u00fcmleri uyar\u0131nca istisna kapsam\u0131nda i\u015flem yapan m\u00fckellefin talebi \u00fczerine nakden veya mahsuben iade edilir.<\/p>\n<p>Bu istisnan\u0131n uygulamas\u0131na ili\u015fkin usul ve esaslar\u0131 belirlemeye Maliye Bakanl\u0131\u011f\u0131 yetkilidir.\u201d<\/p>\n<p>h\u00fckm\u00fc yer almaktad\u0131r.<\/p>\n<p><strong>2.1. Kapsam<\/strong><\/p>\n<p>Ev sahibi h\u00fck\u00fcmet anla\u015fmalar\u0131 veya \u00fclkemizin taraf oldu\u011fu di\u011fer anla\u015fmalar \u00e7er\u00e7evesinde T\u00fcrkiye\u2019de faaliyet g\u00f6steren uluslararas\u0131 kurulu\u015flar ile bu kurulu\u015flara ba\u011fl\u0131 program, fon, temsilcilik ve \u00f6zel ihtisas kurulu\u015flar\u0131n\u0131n;<\/p>\n<p>a) Resmi kullan\u0131mlar\u0131 i\u00e7in bunlara yap\u0131lacak mal teslimi ve hizmet ifalar\u0131,<\/p>\n<p>b) Sosyal ve ekonomik yard\u0131m amac\u0131yla bedelsiz olarak yapacaklar\u0131 mal teslimi ve hizmet ifalar\u0131,<\/p>\n<p>c) Bedelsiz mal teslimi ve hizmet ifalar\u0131 ile ilgili mal ve hizmetlerin bunlara teslim ve ifas\u0131,<\/p>\n<p>\u00e7) Y\u00f6netici kadrolar\u0131nda g\u00f6rev yapan T\u00fcrkiye Cumhuriyeti vatanda\u015f\u0131 olmayan mensuplar\u0131na T\u00fcrkiye\u2019de g\u00f6revde bulunduklar\u0131 s\u00fcre i\u00e7erisinde yap\u0131lacak mal teslimi ve hizmet ifalar\u0131,<\/p>\n<p>bu kurulu\u015flar\u0131n T\u00fcrkiye&#8217;deki faaliyetlerinin devam\u0131 veya ilgili kurumlara ili\u015fkin uluslararas\u0131 anla\u015fmalar\u0131n y\u00fcr\u00fcrl\u00fckte bulundu\u011fu s\u00fcre i\u00e7erisinde istisna kapsam\u0131ndad\u0131r.<\/p>\n<p><strong>2.2. \u0130stisna Uygulamas\u0131<\/strong><\/p>\n<p><strong>2.2.1. Uluslararas\u0131 Kurulu\u015flar ile Bu Kurulu\u015flara Ba\u011fl\u0131 Program, Fon, Temsilcilik ve \u00d6zel \u0130htisas Kurulu\u015flar\u0131 Bak\u0131m\u0131ndan<\/strong><\/p>\n<p>Bu istisnan\u0131n uygulamas\u0131nda, D\u0131\u015fi\u015fleri Bakanl\u0131\u011f\u0131nca istisnadan yararlanabilecek kurulu\u015flar ad\u0131na d\u00fczenlenecek &#8220;\u0130stisna Belgesi\/Kart\u0131&#8221; kullan\u0131l\u0131r.<\/p>\n<p>KDV istisnas\u0131ndan yararlanmak isteyen kurulu\u015flar, resmi kullan\u0131mlar\u0131 i\u00e7in kendilerine yap\u0131lacak mal teslimi ve hizmet ifalar\u0131 ile bedelsiz mal teslimi ve hizmet ifalar\u0131na ili\u015fkin mal ve hizmet al\u0131mlar\u0131nda istisna belgesini\/kart\u0131n\u0131 sat\u0131c\u0131lara ibraz ederek KDV uygulanmamas\u0131n\u0131 talep ederler. Ayr\u0131ca KDV istisnas\u0131ndan yararlanan kurulu\u015flar, istisna kapsam\u0131nda al\u0131nan mal ve hizmetlerin g\u00f6sterildi\u011fi bir listeyi onaylayarak sat\u0131c\u0131ya verirler.<\/p>\n<p>Sat\u0131c\u0131lar taraf\u0131ndan, kendilerine ibraz edilen istisna belgesi\/kart\u0131 incelenerek, mal ve hizmetlerin istisna kapsam\u0131na girip girmedi\u011fi tespit edilir, kapsama giren mal ve hizmetlerin sat\u0131\u015f\u0131na ili\u015fkin olarak d\u00fczenlenen faturada KDV hesaplanmaz.<\/p>\n<p>\u0130stisna belgesi\/kart\u0131 \u00f6rne\u011fi ile onayl\u0131 mal ve hizmet listesi sat\u0131c\u0131lar taraf\u0131ndan 213 say\u0131l\u0131 Kanunun muhafaza ve ibraz h\u00fck\u00fcmleri \u00e7er\u00e7evesinde saklan\u0131r.<\/p>\n<p>3065 say\u0131l\u0131 Kanunun ge\u00e7ici 26 nc\u0131 maddesi kapsam\u0131nda bulunan kurulu\u015flar ve bunlar\u0131n temsilcilikleri ad\u0131na d\u00fczenlenmesi gereken faturada, kurulu\u015f ve temsilcilik ad\u0131 ve adresi, istisna belgesinin tarih ve numaras\u0131 ile kurulu\u015f ve temsilcilik ad\u0131na al\u0131m yapana ili\u015fkin bilgilere (ad\u0131-soyad\u0131, adresi, kimlik kart\u0131 numaras\u0131) yer verilir.<\/p>\n<p><strong>2.2.2. Uluslararas\u0131 Kurulu\u015flar ile Bu Kurulu\u015flara Ba\u011fl\u0131 Program, Fon, Temsilcilik ve \u00d6zel \u0130htisas Kurulu\u015flar\u0131n\u0131n Y\u00f6netici Kadrolar\u0131nda G\u00f6rev Yapan Mensuplar Bak\u0131m\u0131ndan<\/strong><\/p>\n<p>\u0130stisna kapsam\u0131na, ev sahibi h\u00fck\u00fcmet anla\u015fmalar\u0131 veya \u00fclkemizin taraf oldu\u011fu di\u011fer anla\u015fmalar \u00e7er\u00e7evesinde T\u00fcrkiye\u2019de faaliyet g\u00f6steren ve istisna kapsam\u0131nda olan uluslararas\u0131 kurulu\u015flar ile bu kurulu\u015flara ba\u011fl\u0131 program, fon, temsilcilik ve \u00f6zel ihtisas kurulu\u015flar\u0131n\u0131n y\u00f6netici kadrolar\u0131nda g\u00f6rev yapan T\u00fcrkiye Cumhuriyeti vatanda\u015f\u0131 olmayan mensuplar\u0131na T\u00fcrkiye\u2019de g\u00f6revde bulunduklar\u0131 s\u00fcre i\u00e7inde yap\u0131lan ve bedeli KDV d\u00e2hil en az 50 TL olan ki\u015fisel mal ve hizmetler girmektedir. Elektrik, su ve telekom\u00fcnikasyon harcamalar\u0131nda 50 TL \u015fart\u0131 aranmaz.<\/p>\n<p>Bu kapsamda istisnadan yararlanacak y\u00f6netici kadrolar\u0131nda g\u00f6rev yapan T\u00fcrkiye Cumhuriyeti vatanda\u015f\u0131 olmayan mensuplar, D\u0131\u015fi\u015fleri Bakanl\u0131\u011f\u0131 taraf\u0131ndan belirlenir.<\/p>\n<p>D\u0131\u015fi\u015fleri Bakanl\u0131\u011f\u0131, istisna i\u00e7in ge\u00e7erli olacak y\u0131ll\u0131k ki\u015fisel harcamalar\u0131n \u00fcst s\u0131n\u0131r\u0131n\u0131 tespit eder ve ilgili\u00a0uluslararas\u0131 kurulu\u015f ile bu kurulu\u015fa ba\u011fl\u0131 program, fon, temsilcilik ve \u00f6zel ihtisas kurulu\u015flar\u0131na bildirir. D\u0131\u015fi\u015fleri Bakanl\u0131\u011f\u0131 taraf\u0131ndan bu bilgiler Gelir \u0130daresi Ba\u015fkanl\u0131\u011f\u0131na da iletilir. Bu bilgilerde herhangi bir de\u011fi\u015fiklik olmas\u0131 halinde bu de\u011fi\u015fiklikler, D\u0131\u015fi\u015fleri Bakanl\u0131\u011f\u0131 taraf\u0131ndan, uygulaman\u0131n aksamas\u0131na neden olmayacak bir s\u00fcrede Gelir \u0130daresi Ba\u015fkanl\u0131\u011f\u0131na bildirilir.<\/p>\n<p>\u0130stisna, verginin \u00f6nce uygulan\u0131p sonra iade edilmesi \u015feklinde y\u00fcr\u00fct\u00fclecek olup, bu kapsamda istisnadan faydalanacak y\u00f6netici kadrosundaki mensuplar, KDV\u2019ye tabi her t\u00fcrl\u00fc mal ve hizmeti KDV \u00f6deyerek sat\u0131n al\u0131r. Fatura d\u00fczenleme s\u0131n\u0131r\u0131n\u0131n alt\u0131nda kalsa bile bu kapsamdaki sat\u0131\u015flar i\u00e7in fatura d\u00fczenlenmesi zorunludur.<\/p>\n<p>Bu kapsamda istisnadan faydalanacak y\u00f6netici kadrosundaki mensuplara sat\u0131\u015f yapan KDV m\u00fckellefleri, d\u00fczenledikleri faturalarda istisnadan faydalanacak y\u00f6netici kadrosundaki ki\u015finin ad\u0131-soyad\u0131n\u0131, D\u0131\u015fi\u015fleri Bakanl\u0131\u011f\u0131nca d\u00fczenlenen k\u0131rm\u0131z\u0131 bantl\u0131 kimlik kart\u0131nda yer alan yabanc\u0131 kimlik numaras\u0131n\u0131 yazmakla y\u00fck\u00fcml\u00fcd\u00fcrler. Bu bilgilerin yer almad\u0131\u011f\u0131 faturalara dayan\u0131larak iade talebinde bulunulamaz. Ancak elektrik, su ve telekom\u00fcnikasyon harcamalar\u0131na ait belgelerde bu ko\u015ful aran\u0131lmaz.<\/p>\n<p>Ayr\u0131ca, mensuplar\u0131n akaryak\u0131t, do\u011falgaz, motorlu ta\u015f\u0131t ve ta\u015f\u0131nmaz al\u0131mlar\u0131nda takrir y\u00f6ntemi uygulan\u0131r.<\/p>\n<p><strong>2.3. Beyan<\/strong><\/p>\n<p>\u0130stisna kapsam\u0131ndaki kurulu\u015flara KDV hesaplanmadan yap\u0131lan teslim ve hizmetler sat\u0131c\u0131lar taraf\u0131ndan KDV beyannamesinde yer alan &#8220;\u0130stisnalar-Di\u011fer \u0130ade Hakk\u0131 Do\u011furan \u0130\u015flemler&#8221; kulak\u00e7\u0131\u011f\u0131n\u0131n, &#8220;Tam \u0130stisna Kapsam\u0131na Giren \u0130\u015flemler&#8221; tablosunda, 321 kod numaral\u0131 sat\u0131r\u0131nda beyan edilir.<\/p>\n<p>Bu sat\u0131r\u0131n &#8220;Teslim ve Hizmet Tutar\u0131&#8221; s\u00fctununa istisnaya konu i\u015flem bedeli, &#8220;Y\u00fcklenilen KDV&#8221; s\u00fctununa bu i\u015flemle ilgili al\u0131m ve giderlere ait belgelerde g\u00f6sterilen toplam KDV tutar\u0131 yaz\u0131l\u0131r.<\/p>\n<p>\u0130ade talep etmek istemeyen m\u00fckellefler, &#8220;Y\u00fcklenilen KDV&#8221; s\u00fctununa ili\u015fkin alana \u201c0\u201d yazar.<\/p>\n<p><strong>2.4. \u0130ade<\/strong><\/p>\n<p><strong>2.4.1. Uluslararas\u0131 Kurulu\u015flar ile Bu Kurulu\u015flara Ba\u011fl\u0131 Program, Fon, Temsilcilik ve \u00d6zel \u0130htisas Kurulu\u015flar\u0131 Bak\u0131m\u0131ndan<\/strong><\/p>\n<p>\u0130stisna kapsam\u0131ndaki kurulu\u015flara KDV hesaplanmaks\u0131z\u0131n yap\u0131lan teslim ve hizmetlerden kaynaklanan iade taleplerinde a\u015fa\u011f\u0131daki belgeler aran\u0131r:<\/p>\n<p>a) Standart iade talep dilek\u00e7esi<\/p>\n<p>b) \u0130stisnan\u0131n beyan edildi\u011fi d\u00f6neme ili\u015fkin indirilecek KDV listesi<\/p>\n<p>c) \u0130ade hakk\u0131 do\u011furan i\u015fleme ait y\u00fcklenilen KDV listesi<\/p>\n<p>\u00e7) \u0130adesi talep edilen KDV hesaplama tablosu<\/p>\n<p>d) Sat\u0131\u015f faturalar\u0131 listesi<\/p>\n<p>e) D\u0131\u015fi\u015fleri Bakanl\u0131\u011f\u0131ndan al\u0131nan \u0130stisna Belgesi\/Kart\u0131 \u00f6rne\u011fi<\/p>\n<p>f) \u0130stisnadan yararlanan kurulu\u015flar taraf\u0131ndan onaylanan mal ve hizmet listesi<\/p>\n<p><strong>2.4.1.1. Mahsuben \u0130ade<\/strong><\/p>\n<p>M\u00fckelleflerin bu i\u015flemden kaynaklanan mahsuben iade talepleri, yukar\u0131daki belgelerin ibraz edilmi\u015f olmas\u0131 halinde miktar\u0131na bak\u0131lmaks\u0131z\u0131n vergi inceleme raporu, YMM raporu ve teminat aranmadan yerine getirilir.<\/p>\n<p><strong>2.4.1.2. Nakden \u0130ade<\/strong><\/p>\n<p>M\u00fckelleflerin bu i\u015flemden kaynaklanan ve 5.000 TL\u2019yi a\u015fmayan nakden iade talepleri vergi inceleme raporu, YMM raporu ve teminat aranmadan yerine getirilir. \u0130ade talebinin 5.000 TL\u2019yi a\u015fmas\u0131 halinde a\u015fan k\u0131sm\u0131n iadesi, vergi inceleme raporu veya YMM raporuna g\u00f6re yerine getirilir. Teminat verilmesi halinde, m\u00fckellefin iade talebi yerine getirilir ve teminat vergi inceleme raporu veya YMM raporu sonucuna g\u00f6re \u00e7\u00f6z\u00fcl\u00fcr.<\/p>\n<p><strong>2.4.2. Uluslararas\u0131 Kurulu\u015flar ile Bu Kurulu\u015flara Ba\u011fl\u0131 Program, Fon, Temsilcilik ve \u00d6zel \u0130htisas Kurulu\u015flar\u0131n\u0131n Y\u00f6netici Kadrolar\u0131nda G\u00f6rev Yapan Mensuplar Bak\u0131m\u0131ndan<\/strong><\/p>\n<p>\u0130stisna kapsam\u0131ndaki uluslararas\u0131 kurulu\u015flar ile bu kurulu\u015flara ba\u011fl\u0131 program, fon, temsilcilik ve \u00f6zel ihtisas kurulu\u015flar\u0131n\u0131n y\u00f6netici kadrolar\u0131nda g\u00f6rev yapan mensuplar\u0131ndan, bedeli KDV d\u00e2hil en az 50 TL olan mal ve hizmetlere ait al\u0131\u015f s\u0131ras\u0131nda \u00f6dedikleri KDV\u2019nin iadesini talep edenler; i\u00e7inde bulunduklar\u0131 takvim y\u0131l\u0131n\u0131n \u00fc\u00e7er ayl\u0131k d\u00f6nemleri itibar\u0131yla ger\u00e7ekle\u015fen harcamalar\u0131na ait fatura, serbest meslek makbuzu ve benzeri belgeleri, D\u0131\u015fi\u015fleri Bakanl\u0131\u011f\u0131 ile Gelir \u0130daresi Ba\u015fkanl\u0131\u011f\u0131n\u0131n internet sitelerinde \u00f6rne\u011fi yer alan bildirim formuna ekleyerek takip eden ayda istisna kapsam\u0131ndaki kurulu\u015fun belirleyece\u011fi s\u00fcre i\u00e7inde bu kurulu\u015fa verirler. Elektrik, su ve telekom\u00fcnikasyon harcamalar\u0131nda bedel 50 TL\u2019yi ge\u00e7mese dahi bu harcamalara ili\u015fkin belgeler bu bildirim formuna eklenir.<\/p>\n<p>\u0130ade hakk\u0131 sahibi mensuplar\u0131n, \u00f6deme kaydedici cihaz fi\u015fi ibraz etmek suretiyle iade talebinde bulunmalar\u0131 m\u00fcmk\u00fcn de\u011fildir.<\/p>\n<p>\u0130lgililer taraf\u0131ndan harcamalara ili\u015fkin bildirim formlar\u0131 doldurulurken, birden fazla sayfadan olu\u015fan faturalar\u0131n birinci sayfadaki numaras\u0131 tam olarak yaz\u0131l\u0131r, di\u011fer sayfalara ait numaralar\u0131n son \u00fc\u00e7 hanesinin aras\u0131na &#8220;-&#8221; i\u015fareti konularak kaydedilebilir.<\/p>\n<p>\u0130stisna kapsam\u0131ndaki kurulu\u015flar, y\u00f6neticilerinden ald\u0131klar\u0131 formlar\u0131, i\u00e7inde bulunduklar\u0131 takvim y\u0131l\u0131n\u0131n \u00fc\u00e7er ayl\u0131k d\u00f6nemlerini takip eden ay\u0131n sonuna kadar resmi bir yaz\u0131 ekinde, bulunduklar\u0131 yer vergi dairesi ba\u015fkanl\u0131\u011f\u0131n\u0131n (vergi dairesi ba\u015fkanl\u0131\u011f\u0131 bulunmayan illerde defterdarl\u0131\u011f\u0131n) yetkilendirdi\u011fi vergi dairesine intikal ettirirler. \u0130stisna kapsam\u0131ndaki kurulu\u015flar, bildirim formlar\u0131n\u0131n vergi dairelerine zaman\u0131nda verilebilmesine y\u00f6nelik gerekli tedbirleri al\u0131rlar.<\/p>\n<p>Formlar\u0131n, vergi dairesine \u00f6ng\u00f6r\u00fclen s\u00fcre ge\u00e7tikten sonra verilmesi\/g\u00f6nderilmesi halinde, de\u011ferlendirme ve iade i\u015flemi bir sonraki \u00fc\u00e7 ayl\u0131k d\u00f6nem itibar\u0131yla yap\u0131l\u0131r.<\/p>\n<p>\u0130\u00e7inde bulunulan y\u0131l\u0131n \u00fc\u00e7 ayl\u0131k bir d\u00f6neminde mal ve hizmet al\u0131mlar\u0131na ait KDV\u2019nin iadesi i\u00e7in form verilmedi\u011fi veya baz\u0131 harcamalar verilen formlara d\u00e2hil edilmedi\u011fi takdirde, bu harcamalar\u0131n cari y\u0131l\u0131 ge\u00e7memek kayd\u0131yla izleyen d\u00f6nemlerde verilecek formlara d\u00e2hil edilmesi m\u00fcmk\u00fcnd\u00fcr.<\/p>\n<p>\u0130stisna hakk\u0131 sahibinin y\u0131l i\u00e7inde g\u00f6reve ba\u015flamas\u0131 halinde, yararlanaca\u011f\u0131 istisna tutar\u0131 g\u00f6reve ba\u015flad\u0131\u011f\u0131 ay tam olarak dikkate al\u0131narak k\u0131st olarak hesaplan\u0131r.<\/p>\n<p>G\u00f6rev s\u00fcrelerini tamamlayarak iade talep d\u00f6nemleri i\u00e7inde \u00fclkemizden ayr\u0131lacak olanlar, iade formlar\u0131n\u0131, ayr\u0131ld\u0131\u011f\u0131 tarih itibar\u0131yla bu b\u00f6l\u00fcmde belirtilen d\u00f6nem ve s\u00fcrelere ba\u011fl\u0131 olmaks\u0131z\u0131n vergi dairesine verebilir, ancak vergi dairesi bu talepleri ait oldu\u011fu d\u00f6neme ili\u015fkin di\u011fer i\u015flemlerle birlikte de\u011ferlendirip, sonu\u00e7land\u0131r\u0131r.<\/p>\n<p>Vergi dairesi, D\u0131\u015fi\u015fleri Bakanl\u0131\u011f\u0131n\u0131n belirledi\u011fi y\u0131ll\u0131k harcama s\u0131n\u0131r\u0131 \u00e7er\u00e7evesinde ger\u00e7ekle\u015fen mal ve hizmet al\u0131mlar\u0131 s\u0131ras\u0131nda \u00f6denen KDV\u2019ye ili\u015fkin fatura ve benzeri belgeleri, Tebli\u011fin bu b\u00f6l\u00fcm\u00fc ve yukar\u0131daki hususlar \u00e7er\u00e7evesinde de\u011ferlendirir. Vergi dairesi iade i\u015flemlerini, formlar\u0131n intikal etti\u011fi tarihten itibaren en ge\u00e7 30 g\u00fcn i\u00e7inde sonu\u00e7land\u0131r\u0131r ve iade tutar\u0131n\u0131 ilgili ki\u015finin banka hesab\u0131na aktar\u0131r.<\/p>\n<p>\u0130ade yapmaya yetkili vergi daireleri, elektronik ortamda kendilerine gelen bilgi ve formlarla k\u00e2\u011f\u0131t ortam\u0131nda al\u0131nan form ve di\u011fer belgeleri kar\u015f\u0131la\u015ft\u0131rmak suretiyle gerekli kontrolleri yapar. \u0130ade yapmaya yetkili vergi dairelerince, hak sahiplerinden yabanc\u0131 kimlik numaras\u0131 d\u0131\u015f\u0131nda ayr\u0131ca vergi kimlik numaras\u0131 istenmez.<\/p>\n<p>\u0130adeye esas olmak \u00fczere vergi dairelerine ibraz edilecek elektrik, su, haberle\u015fme, u\u00e7ak bileti, e\u011fitim vb. harcamalara ait fatura as\u0131llar\u0131n\u0131 \u00fclkelerine de vermek\/g\u00f6ndermek zorunda olan istisna hakk\u0131 sahipleri, s\u00f6z konusu belgelerin asl\u0131 ile birlikte fotokopilerini de ibraz edebilirler. Bu durumda ilgili vergi dairesince, belgeler \u00fczerinde gerekli kontrol yap\u0131ld\u0131ktan ve fotokopi n\u00fcshas\u0131n\u0131n asl\u0131na uygunlu\u011fu yaz\u0131ld\u0131ktan sonra as\u0131l belgeler ilgililere geri verilir.<\/p>\n<p>Bildirime ekli fatura ve benzeri belgelerin sahte belge veya muhteviyat\u0131 itibar\u0131yla yan\u0131lt\u0131c\u0131 belge oldu\u011fu vergi inceleme raporu ile tespit edilmi\u015fse, bu belgelerde g\u00f6sterilen KDV tutarlar\u0131yla s\u0131n\u0131rl\u0131 olmak \u00fczere iade talebi yerine getirilmez.<\/p>\n<p>\u0130adenin ilgili oldu\u011fu y\u0131l ile bir \u00f6nceki y\u0131l i\u00e7inde haklar\u0131nda sahte belge veya muhteviyat\u0131 itibar\u0131yla yan\u0131lt\u0131c\u0131 belge d\u00fczenledi\u011fi konusunda vergi inceleme raporu bulunanlardan al\u0131m yap\u0131lm\u0131\u015fsa, bu sat\u0131c\u0131lardan al\u0131nan belgelerde g\u00f6sterilen KDV tutarlar\u0131 ile s\u0131n\u0131rl\u0131 olmak \u00fczere, iade talepleri yerine getirilmez. S\u00f6z konusu belgelerin ger\u00e7ek olup olmad\u0131\u011f\u0131 \u00fc\u00e7 ay i\u00e7inde vergi dairesince tespit edilir ve olumlu sonu\u00e7lanmas\u0131 halinde iade yerine getirilir.<\/p>\n<p>\u0130stisna hakk\u0131 sahibi taraf\u0131ndan iadesi talep edilen KDV tutar\u0131, herhangi bir nedenle k\u0131smen veya tamamen iade edilmedi\u011fi takdirde, vergi dairesince bu durum ivedi olarak gerek\u00e7eli bir yaz\u0131 ile talep sahibine ve Gelir \u0130daresi Ba\u015fkanl\u0131\u011f\u0131na bildirilir.\u201d<\/p>\n<p><strong>MADDE 12 \u2013 <\/strong>Ayn\u0131 Tebli\u011fin (II\/F-4.9) b\u00f6l\u00fcm\u00fcnde yer alan \u201c\u00d6rnek 3\u201d y\u00fcr\u00fcrl\u00fckten kald\u0131r\u0131lm\u0131\u015ft\u0131r.<\/p>\n<p><strong>MADDE 13 \u2013<\/strong> Ayn\u0131 Tebli\u011fin (III\/A-2) b\u00f6l\u00fcm\u00fcn\u00fcn son paragraf\u0131n\u0131n son c\u00fcmlesine \u201chizmet bedeline isabet\u201d ibaresinden sonra gelmek \u00fczere \u201ceden\u201d ibaresi eklenmi\u015ftir.<\/p>\n<p><strong>MADDE 14 \u2013<\/strong> Ayn\u0131 Tebli\u011fin (III\/C-2.4) b\u00f6l\u00fcm\u00fcn\u00fcn ikinci paragraf\u0131nda yer alan \u201cmallar\u201d ibaresi \u201cmallara\u201d \u015feklinde de\u011fi\u015ftirilmi\u015ftir.<\/p>\n<p><strong>MADDE 15 \u2013<\/strong> Ayn\u0131 Tebli\u011fin;<\/p>\n<p>a) (IV\/A-2) b\u00f6l\u00fcm\u00fcn\u00fcn ba\u015fl\u0131\u011f\u0131 \u201cMahsup Yoluyla \u0130ade\u201d \u015feklinde,<\/p>\n<p>b) (IV\/A-2.1) b\u00f6l\u00fcm\u00fcn\u00fcn ba\u015fl\u0131\u011f\u0131 \u201cGenel A\u00e7\u0131klama\u201d \u015feklinde,<\/p>\n<p>c) (IV\/A-4) b\u00f6l\u00fcm\u00fcn\u00fcn ba\u015fl\u0131\u011f\u0131 \u201cYMM KDV \u0130adesi Tasdik Raporuna Dayal\u0131 \u0130adeler\u201d \u015feklinde,<\/p>\n<p>de\u011fi\u015ftirilmi\u015ftir.<\/p>\n<p><strong>MADDE 16 \u2013<\/strong> Ayn\u0131 Tebli\u011fin (IV\/A-4) b\u00f6l\u00fcm\u00fcn\u00fcn \u00fc\u00e7\u00fcnc\u00fc paragraf\u0131n\u0131n birinci c\u00fcmlesinde yer alan \u201cnakden\u201d ibaresi y\u00fcr\u00fcrl\u00fckten kald\u0131r\u0131lm\u0131\u015ft\u0131r.<\/p>\n<p><strong>MADDE 17 \u2013<\/strong> Ayn\u0131 Tebli\u011fin (IV\/A-7) b\u00f6l\u00fcm\u00fcn\u00fcn \u00fc\u00e7\u00fcnc\u00fc paragraf\u0131n\u0131n \u00fc\u00e7\u00fcnc\u00fc c\u00fcmlesi y\u00fcr\u00fcrl\u00fckten kald\u0131r\u0131lm\u0131\u015ft\u0131r.<\/p>\n<p><strong>MADDE 18 \u2013<\/strong> Bu Tebli\u011f yay\u0131m\u0131 tarihinde y\u00fcr\u00fcrl\u00fc\u011fe girer.<\/p>\n<p><strong>MADDE 19 \u2013<\/strong> Bu Tebli\u011f h\u00fck\u00fcmlerini Maliye Bakan\u0131 y\u00fcr\u00fct\u00fcr.<\/p>\n<p><strong>\u00a0<\/strong><\/td>\n<\/tr>\n<\/tbody>\n<\/table>\n","protected":false},"excerpt":{"rendered":"<p>21 May\u0131s 2016 CUMARTES\u0130 Resm\u00ee Gazete Say\u0131 : 29718 TEBL\u0130\u011e Maliye Bakanl\u0131\u011f\u0131 (Gelir \u0130daresi Ba\u015fkanl\u0131\u011f\u0131)\u2019ndan: KATMA DE\u011eER VERG\u0130S\u0130 GENEL UYGULAMA TEBL\u0130\u011e\u0130NDE DE\u011e\u0130\u015e\u0130KL\u0130K YAPILMASINA DA\u0130R TEBL\u0130\u011e (SER\u0130 NO: 6) MADDE 1 \u2013 26\/4\/2014 tarihli ve 28983 say\u0131l\u0131 Resm\u00ee Gazete\u2019de yay\u0131mlanan KDV Genel Uygulama Tebli\u011finin (I\/C-1.1.2) b\u00f6l\u00fcm\u00fcne sekizinci paragraftan sonra gelmek \u00fczere a\u015fa\u011f\u0131daki paragraflar eklenmi\u015f; ayn\u0131 b\u00f6l\u00fcmde [&hellip;]<\/p>\n","protected":false},"author":5,"featured_media":0,"comment_status":"closed","ping_status":"closed","sticky":false,"template":"","format":"standard","meta":{"footnotes":""},"categories":[1],"tags":[],"class_list":{"0":"post-3278","1":"post","2":"type-post","3":"status-publish","4":"format-standard","6":"category-genel"},"_links":{"self":[{"href":"https:\/\/www.rcg.com.tr\/index.php?rest_route=\/wp\/v2\/posts\/3278"}],"collection":[{"href":"https:\/\/www.rcg.com.tr\/index.php?rest_route=\/wp\/v2\/posts"}],"about":[{"href":"https:\/\/www.rcg.com.tr\/index.php?rest_route=\/wp\/v2\/types\/post"}],"author":[{"embeddable":true,"href":"https:\/\/www.rcg.com.tr\/index.php?rest_route=\/wp\/v2\/users\/5"}],"replies":[{"embeddable":true,"href":"https:\/\/www.rcg.com.tr\/index.php?rest_route=%2Fwp%2Fv2%2Fcomments&post=3278"}],"version-history":[{"count":1,"href":"https:\/\/www.rcg.com.tr\/index.php?rest_route=\/wp\/v2\/posts\/3278\/revisions"}],"predecessor-version":[{"id":3279,"href":"https:\/\/www.rcg.com.tr\/index.php?rest_route=\/wp\/v2\/posts\/3278\/revisions\/3279"}],"wp:attachment":[{"href":"https:\/\/www.rcg.com.tr\/index.php?rest_route=%2Fwp%2Fv2%2Fmedia&parent=3278"}],"wp:term":[{"taxonomy":"category","embeddable":true,"href":"https:\/\/www.rcg.com.tr\/index.php?rest_route=%2Fwp%2Fv2%2Fcategories&post=3278"},{"taxonomy":"post_tag","embeddable":true,"href":"https:\/\/www.rcg.com.tr\/index.php?rest_route=%2Fwp%2Fv2%2Ftags&post=3278"}],"curies":[{"name":"wp","href":"https:\/\/api.w.org\/{rel}","templated":true}]}}