{"id":3252,"date":"2016-04-11T10:01:55","date_gmt":"2016-04-11T07:01:55","guid":{"rendered":"http:\/\/rcg.com.tr\/?p=3252"},"modified":"2016-04-11T10:01:55","modified_gmt":"2016-04-11T07:01:55","slug":"mali-tatil-uygulamasi-hakkinda-genel-teblig-sira-no-1de-degisiklik-yapilmasina-dair-teblig-sira-no-2-10-04-2016","status":"publish","type":"post","link":"https:\/\/www.rcg.com.tr\/?p=3252","title":{"rendered":"Mali Tatil Uygulamas\u0131 Hakk\u0131nda Genel Tebli\u011f (S\u0131ra No: 1)\u2019de De\u011fi\u015fiklik Yap\u0131lmas\u0131na Dair Tebli\u011f (S\u0131ra No: 2) &#8211; 10.04.2016"},"content":{"rendered":"<p><strong>Mali Tatil Uygulamas\u0131 Hakk\u0131nda Genel Tebli\u011f (S\u0131ra No: 1)\u2019de De\u011fi\u015fiklik Yap\u0131lmas\u0131na Dair Tebli\u011f (S\u0131ra No: 2) &#8211; 10.04.2016<\/strong><\/p>\n<table border=\"0\" cellspacing=\"0\" cellpadding=\"0\" align=\"center\">\n<tbody>\n<tr>\n<td>\n<table border=\"0\" width=\"586\" cellspacing=\"0\" cellpadding=\"0\" align=\"center\">\n<tbody>\n<tr>\n<td>\n<p>10 Nisan 2016 PAZAR<\/p>\n<\/td>\n<td>\n<p align=\"center\"><strong>Resm\u00ee Gazete<\/strong><\/p>\n<\/td>\n<td>\n<p align=\"right\">Say\u0131 : 29680<\/p>\n<\/td>\n<\/tr>\n<tr>\n<td colspan=\"3\">\n<p align=\"center\"><strong>TEBL\u0130\u011e<\/strong><\/p>\n<\/td>\n<\/tr>\n<tr>\n<td colspan=\"3\">\n<p>Maliye Bakanl\u0131\u011f\u0131 (Gelir \u0130daresi Ba\u015fkanl\u0131\u011f\u0131)\u2019ndan:<\/p>\n<p>MAL\u0130 TAT\u0130L UYGULAMASI HAKKINDA GENEL TEBL\u0130\u011e (SIRA NO: 1)\u2019DE<\/p>\n<p>DE\u011e\u0130\u015e\u0130KL\u0130K YAPILMASINA DA\u0130R TEBL\u0130\u011e (SIRA NO: 2)<\/p>\n<p><strong>MADDE 1 \u2013<\/strong>\u00a030\/6\/2007\u00a0tarihli ve 26568 say\u0131l\u0131 Resm\u00ee Gazete\u2019de yay\u0131mlanan Mali Tatil Uygulamas\u0131 Hakk\u0131nda Genel Tebli\u011f (S\u0131ra No:1)\u2019in \u201c3. Mali tatil kapsam\u0131nda olmayan s\u00fcreler\u201d ba\u015fl\u0131kl\u0131 b\u00f6l\u00fcm\u00fcn\u00fcn birinci ve ikinci paragraflar\u0131 a\u015fa\u011f\u0131daki \u015fekilde de\u011fi\u015ftirilmi\u015f ve ikinci paragraftan sonra gelmek \u00fczere a\u015fa\u011f\u0131daki \u00f6rnek eklenmi\u015ftir.<\/p>\n<p>\u201c14\/1\/2016\u00a0tarihli ve 6661 say\u0131l\u0131 Askerlik Kanunu ve Baz\u0131 Kanunlarda De\u011fi\u015fiklik Yap\u0131lmas\u0131na Dair Kanun ile 15\/3\/2007 tarihli ve 5604 say\u0131l\u0131 Mal\u00ee Tatil \u0130hdas Edilmesi Hakk\u0131nda Kanunun 1 inci maddesinin yedinci f\u0131kras\u0131nda yer alan h\u00fck\u00fcm, \u201c\u00d6zel t\u00fcketim vergisi, banka ve sigorta muameleleri vergisi, \u00f6zel ileti\u015fim vergisi, \u015fans oyunlar\u0131 vergisi ile g\u00fcmr\u00fck idareleri, il \u00f6zel idareleri ve belediyeler taraf\u0131ndan tarh ve\/veya tahsil edilen vergi, resim ve har\u00e7larla ilgili olarak mal\u00ee tatil uygulanmaz.\u201d \u015feklinde de\u011fi\u015ftirilmi\u015f ve s\u00f6z konusu de\u011fi\u015fiklik 27\/1\/2016 tarihinde y\u00fcr\u00fcrl\u00fc\u011fe girmi\u015ftir.<\/p>\n<p>S\u00f6z konusu h\u00fckme g\u00f6re, \u00f6zel t\u00fcketim vergisi, banka ve sigorta muameleleri vergisi, \u00f6zel ileti\u015fim vergisi, \u015fans oyunlar\u0131 vergisi ile g\u00fcmr\u00fck idareleri, il \u00f6zel idareleri ve belediyeler taraf\u0131ndan tarh ve\/veya tahsil edilen vergi, resim ve har\u00e7lar (ithalde al\u0131nan katma de\u011fer vergisi, emlak vergisi, \u00e7evre temizlik vergisi gibi) hakk\u0131nda mali tatil uygulanmayacakt\u0131r.\u201d<\/p>\n<p>\u201c<strong>\u00d6rnek:<\/strong><\/p>\n<p>M\u00fckellef (L) taraf\u0131ndan Haziran\/2016 d\u00f6neminde sat\u0131\u015f\u0131 yap\u0131lan dayan\u0131kl\u0131 t\u00fcketim ve di\u011fer mallara ili\u015fkin \u00f6zel t\u00fcketim vergisi beyannamesinin 15 Temmuz 2016 tarihine kadar (bu tarih\u00a0dahil) ba\u011fl\u0131 oldu\u011fu vergi dairesine verilmesi gerekmekte olup \u00f6zel t\u00fcketim vergisi mali tatil kapsam\u0131nda olmad\u0131\u011f\u0131ndan beyan ve \u00f6deme s\u00fcresinin mali tatil nedeniyle uzamas\u0131 s\u00f6z konusu de\u011fildir.\u201d<\/p>\n<p><strong>MADDE 2 \u2013<\/strong>\u00a0Ayn\u0131 Tebli\u011fin 8 inci b\u00f6l\u00fcm\u00fc ba\u015fl\u0131\u011f\u0131 ile birlikte a\u015fa\u011f\u0131daki \u015fekilde de\u011fi\u015ftirilmi\u015ftir.<\/p>\n<p>\u201c<strong>8. Mali tatilin sona erdi\u011fi g\u00fcn\u00fc izleyen be\u015f g\u00fcn i\u00e7inde biten kanuni ve idari s\u00fcreler<\/strong><\/p>\n<p>6661 say\u0131l\u0131 Kanun ile 5604 say\u0131l\u0131 Kanunun 1 inci maddesinin alt\u0131nc\u0131 f\u0131kras\u0131nda yer alan h\u00fck\u00fcm, &#8220;Mal\u00ee tatilin sona erdi\u011fi g\u00fcn\u00fc izleyen be\u015f g\u00fcn i\u00e7inde biten bu madde kapsam\u0131ndaki kanuni ve idari s\u00fcreler, mal\u00ee tatilin son g\u00fcn\u00fcn\u00fc izleyen tarihten itibaren be\u015finci g\u00fcn\u00fcn mesai saati bitiminde sona ermi\u015f say\u0131l\u0131r.&#8221; \u015feklinde de\u011fi\u015ftirilmi\u015ftir.<\/p>\n<p>S\u00f6z konusu h\u00fckme g\u00f6re, mali tatilin sona erdi\u011fi g\u00fcn\u00fc izleyen be\u015f g\u00fcn i\u00e7inde biten kanuni ve idari s\u00fcreler, tatilin son g\u00fcn\u00fcn\u00fc izleyen tarihten itibaren be\u015finci g\u00fcn\u00fcn mesai saati bitiminde sona erecektir.<\/p>\n<p><strong>\u00d6rnek 1:<\/strong><\/p>\n<p>Vergi dairesinin 16 Haziran 2016 tarihli ve m\u00fckellef (M)\u2019ye tebli\u011f tarihinden itibaren 30 g\u00fcn i\u00e7inde yerine getirilmesi istenilen bilgi isteme talebine ili\u015fkin yaz\u0131s\u0131, posta idaresince 21 Haziran 2016 tarihinde m\u00fckellefe tebli\u011f edilmi\u015ftir.<\/p>\n<p>M\u00fckellefe tan\u0131nan 30 g\u00fcnl\u00fck idari s\u00fcre, 21 Temmuz 2016 tarihinde bitti\u011finden ve bu tarih de mali tatil s\u00fcresinin sona erdi\u011fi g\u00fcn\u00fc izleyen be\u015f g\u00fcnl\u00fck s\u00fcre i\u00e7inde yer ald\u0131\u011f\u0131ndan, s\u00f6z konusu s\u00fcre 25 Temmuz 2016 tarihinde (bu tarihdahil) sona erecektir.<\/p>\n<p><strong>\u00d6rnek 2:<\/strong><\/p>\n<p>M\u00fckellef (N) ad\u0131na yap\u0131lan\u00a0ikmalen\u00a0tarhiyata ili\u015fkin olarak d\u00fczenlenen vergi\/ceza ihbarnamesi 22 Haziran 2016 tarihinde m\u00fckellefe tebli\u011f edilmi\u015ftir. Tarhiyat sonras\u0131 uzla\u015fma talebinin, vergi\/ceza ihbarnamesinin tebli\u011f tarihinden itibaren 30 g\u00fcn i\u00e7inde yap\u0131lmas\u0131 gerekmektedir. Ancak bu s\u00fcrenin son g\u00fcn\u00fc olan 22 Temmuz 2016 tarihi, mali tatilin sona erdi\u011fi g\u00fcn\u00fc izleyen be\u015f g\u00fcnl\u00fck s\u00fcre i\u00e7inde yer ald\u0131\u011f\u0131ndan, m\u00fckellefin uzla\u015fma talep etme s\u00fcresi 25 Temmuz 2016 tarihine kadar (bu tarih\u00a0dahil) uzayacakt\u0131r.<\/p>\n<p><strong>\u00d6rnek 3:<\/strong><\/p>\n<p>M\u00fckellef (O)&#8217;nun, Gelir Vergisi Kanununun 98 inci maddesi uyar\u0131nca ertesi ay\u0131n 23 \u00fcnc\u00fc g\u00fcn\u00fc ak\u015fam\u0131na kadar ilgili vergi dairesine vermesi gereken Haziran\/2016 d\u00f6nemine ait gelir (stopaj) vergisine ili\u015fkin muhtasar beyannamenin verilme s\u00fcresi 25 Temmuz 2016 (23, 24 Temmuz 2016 tarihleri resmi tatile rastlad\u0131\u011f\u0131ndan) tarihi olacak, mali tatil nedeniyle ayr\u0131ca bir s\u00fcre uzat\u0131m\u0131 olmayacakt\u0131r. Bu beyannameye g\u00f6re tahakkuk eden vergi de 26 Temmuz 2016 tarihine kadar (bu tarih\u00a0dahil) \u00f6denecektir.\u201d<\/p>\n<p><strong>MADDE 3 \u2013<\/strong>\u00a0Ayn\u0131 Tebli\u011fin \u201c<strong>9. Beyanname verme s\u00fcresi mali tatil nedeniyle uzam\u0131\u015f olan vergilerde \u00f6deme s\u00fcresi<\/strong>\u201d ba\u015fl\u0131kl\u0131 b\u00f6l\u00fcm\u00fcn\u00fcn birinci ve ikinci paragraflar\u0131 a\u015fa\u011f\u0131daki \u015fekilde de\u011fi\u015ftirilmi\u015f ve ikinci paragraftan sonra gelmek \u00fczere a\u015fa\u011f\u0131daki \u00f6rnekler eklenmi\u015ftir.<\/p>\n<p>\u201c6661 say\u0131l\u0131 Kanun ile 5604 say\u0131l\u0131 Kanunun 1 inci maddesinin sekizinci f\u0131kras\u0131nda yer alan h\u00fck\u00fcm, &#8220;Beyana dayanan ve beyanname verme s\u00fcresi mal\u00ee tatil nedeniyle uzam\u0131\u015f olan vergilerde \u00f6deme s\u00fcresi (ayn\u0131 ay i\u00e7erisinde kalmak kayd\u0131yla), uzayan beyanname verme s\u00fcresinin son g\u00fcn\u00fcn\u00fc izleyen g\u00fcn\u00fcn mesai saati bitimine kadar uzam\u0131\u015f say\u0131l\u0131r.&#8221; \u015feklinde de\u011fi\u015ftirilmi\u015ftir.<\/p>\n<p>Mali tatil kapsam\u0131nda olan ve bu Tebli\u011fin &#8220;Di\u011fer hususlar&#8221; ba\u015fl\u0131kl\u0131 10 numaral\u0131 b\u00f6l\u00fcm\u00fcnde belirtilenler hari\u00e7 olmak \u00fczere,<\/p>\n<p>&#8211; Verilme s\u00fcresinin son g\u00fcn\u00fc mali tatil s\u00fcresine rastlayan vergilere ili\u015fkin beyannamelerin verilme s\u00fcresi, 2016 y\u0131l\u0131 i\u00e7in 27 Temmuz 2016 tarihi, bu beyannamelere g\u00f6re tahakkuk eden vergilerin \u00f6deme s\u00fcresi de 28 Temmuz 2016 tarihi,<\/p>\n<p>&#8211; Verilme s\u00fcresinin son g\u00fcn\u00fc mali tatilin son g\u00fcn\u00fcn\u00fc izleyen tarihten itibaren be\u015finci g\u00fcn\u00fc mesai saati bitimine kadar olan vergilere ili\u015fkin beyannamelerin verilme s\u00fcresi, 2016 y\u0131l\u0131 i\u00e7in 25 Temmuz 2016 tarihi, bu beyannamelere g\u00f6re tahakkuk eden vergilerin \u00f6deme s\u00fcresi de 26 Temmuz 2016 tarihi,<\/p>\n<p>mesai\u00a0saati bitimi olacakt\u0131r.\u201d<\/p>\n<p>\u201c<strong>\u00d6rnek 1:<\/strong><\/p>\n<p>Haziran\/2016 d\u00f6nemine ait 5602 say\u0131l\u0131 Kanunda tan\u0131mlanan \u015fans oyunlar\u0131yla ilgili veraset ve intikal vergisi beyannamesinin, 20 Temmuz 2016 tarihi mesai saati sonuna kadar verilmesi gerekmekle birlikte, bu tarih mali tatil s\u00fcresine rastlad\u0131\u011f\u0131ndan, s\u00f6z konusu beyannamenin verilme s\u00fcresi 27 Temmuz 2016 tarihine kadar (bu tarih\u00a0dahil), bu beyannameye g\u00f6re tahakkuk eden verginin \u00f6deme s\u00fcresi de 28 Temmuz 2016 tarihine kadar (bu tarih dahil) uzayacakt\u0131r.<\/p>\n<p><strong>\u00d6rnek 2:<\/strong><\/p>\n<p>Haziran\/2016 d\u00f6nemine ait katma de\u011fer vergisi beyannamesinin verilme s\u00fcresi 25 Temmuz 2016 (24 Temmuz 2016 tarihi resmi tatile rastlad\u0131\u011f\u0131ndan) tarihi olacak, mali tatil nedeniyle ayr\u0131ca bir s\u00fcre uzat\u0131m\u0131 olmayacakt\u0131r. Bu beyannameye g\u00f6re tahakkuk eden vergi de 26 Temmuz 2016 tarihine kadar (bu tarih\u00a0dahil) \u00f6denecektir.<\/p>\n<p>Haziran\/2017 d\u00f6nemine ait katma de\u011fer vergisi beyannamesinin verilme s\u00fcresinin son g\u00fcn\u00fc olan 24 Temmuz 2017 tarihi ise mali tatilin son g\u00fcn\u00fcn\u00fc izleyen tarihten itibaren be\u015f g\u00fcnl\u00fck s\u00fcre i\u00e7erisine rastlad\u0131\u011f\u0131ndan, s\u00f6z konusu beyannamenin verilme s\u00fcresi 25 Temmuz 2017 tarihine kadar (bu tarih\u00a0dahil) uzayacak olup bu beyannameye g\u00f6re tahakkuk eden vergi 26 Temmuz 2017 tarihine kadar (bu tarih dahil) \u00f6denecektir.\u201d<\/p>\n<p><strong>MADDE 4 \u2013\u00a0<\/strong>Ayn\u0131 Tebli\u011fin \u201c<strong>10. Di\u011fer Hususlar<\/strong>\u201d ba\u015fl\u0131kl\u0131 b\u00f6l\u00fcm\u00fc a\u015fa\u011f\u0131daki \u015fekilde de\u011fi\u015ftirilmi\u015ftir.<\/p>\n<p>\u201cA\u015fa\u011f\u0131da belirtilen s\u00fcrelerin mali tatil nedeniyle uzamas\u0131 s\u00f6z konusu olmayacakt\u0131r.<\/p>\n<p>&#8211; \u0130cra yoluyla yap\u0131lan sat\u0131\u015flarda katma de\u011fer vergisi uygulamas\u0131na y\u00f6nelik (5) No.lu katma de\u011fer vergisi beyannamesinin,\u00a026\/4\/2014\u00a0tarihli ve 28983 say\u0131l\u0131 Resm\u00ee Gazete\u2019de yay\u0131mlanan Katma De\u011fer Vergisi Genel Uygulama Tebli\u011finin (I\/B-6.2.2) b\u00f6l\u00fcm\u00fcnde belirtilen verilme ve \u00f6deme s\u00fcreleri,<\/p>\n<p>&#8211; S\u00fcrekli beyanname vermek zorunda olanlar d\u0131\u015f\u0131ndaki resm\u00ee kurulu\u015flar taraf\u0131ndan m\u00fczayede mahallerindeki sat\u0131\u015flar dolay\u0131s\u0131yla tahsil edilen katma de\u011fer vergisinin, Katma De\u011fer Vergisi Genel Uygulama Tebli\u011finin (I\/B-6.1) b\u00f6l\u00fcm\u00fcnde belirtilen \u00f6deme s\u00fcresi,<\/p>\n<p>&#8211;\u00a018\/1\/1972\u00a0tarihli ve 1512 say\u0131l\u0131 Noterlik Kanununun 118 inci maddesine g\u00f6re noterler taraf\u0131ndan tahsil edilen damga vergisi ve har\u00e7 bedellerinin an\u0131lan Kanunun 119 uncu maddesi uyar\u0131nca ilgili vergi dairesine bildirilmesine ili\u015fkin olarak verilecek beyannameler ile s\u00fcreksiz y\u00fck\u00fcml\u00fcl\u00fck \u015feklinde de\u011ferlendirilen ve 2\/7\/1964 tarihli ve 492 say\u0131l\u0131 Har\u00e7lar Kanununa g\u00f6re verilen (1) ve (4) No.lu beyannamelerin verilme ve \u00f6deme s\u00fcreleri.\u201d<\/p>\n<p><strong>MADDE 5 \u2013<\/strong>\u00a0Bu Tebli\u011f h\u00fck\u00fcmlerini Maliye Bakan\u0131 y\u00fcr\u00fct\u00fcr.<\/p>\n<p align=\"center\">\u00a0<\/p>\n<\/td>\n<\/tr>\n<\/tbody>\n<\/table>\n<\/td>\n<\/tr>\n<\/tbody>\n<\/table>\n","protected":false},"excerpt":{"rendered":"<p>Mali Tatil Uygulamas\u0131 Hakk\u0131nda Genel Tebli\u011f (S\u0131ra No: 1)\u2019de De\u011fi\u015fiklik Yap\u0131lmas\u0131na Dair Tebli\u011f (S\u0131ra No: 2) &#8211; 10.04.2016 10 Nisan 2016 PAZAR Resm\u00ee Gazete Say\u0131 : 29680 TEBL\u0130\u011e Maliye Bakanl\u0131\u011f\u0131 (Gelir \u0130daresi Ba\u015fkanl\u0131\u011f\u0131)\u2019ndan: MAL\u0130 TAT\u0130L UYGULAMASI HAKKINDA GENEL TEBL\u0130\u011e (SIRA NO: 1)\u2019DE DE\u011e\u0130\u015e\u0130KL\u0130K YAPILMASINA DA\u0130R TEBL\u0130\u011e (SIRA NO: 2) MADDE 1 \u2013\u00a030\/6\/2007\u00a0tarihli ve 26568 say\u0131l\u0131 [&hellip;]<\/p>\n","protected":false},"author":5,"featured_media":0,"comment_status":"closed","ping_status":"closed","sticky":false,"template":"","format":"standard","meta":{"footnotes":""},"categories":[1],"tags":[],"class_list":{"0":"post-3252","1":"post","2":"type-post","3":"status-publish","4":"format-standard","6":"category-genel"},"_links":{"self":[{"href":"https:\/\/www.rcg.com.tr\/index.php?rest_route=\/wp\/v2\/posts\/3252"}],"collection":[{"href":"https:\/\/www.rcg.com.tr\/index.php?rest_route=\/wp\/v2\/posts"}],"about":[{"href":"https:\/\/www.rcg.com.tr\/index.php?rest_route=\/wp\/v2\/types\/post"}],"author":[{"embeddable":true,"href":"https:\/\/www.rcg.com.tr\/index.php?rest_route=\/wp\/v2\/users\/5"}],"replies":[{"embeddable":true,"href":"https:\/\/www.rcg.com.tr\/index.php?rest_route=%2Fwp%2Fv2%2Fcomments&post=3252"}],"version-history":[{"count":1,"href":"https:\/\/www.rcg.com.tr\/index.php?rest_route=\/wp\/v2\/posts\/3252\/revisions"}],"predecessor-version":[{"id":3253,"href":"https:\/\/www.rcg.com.tr\/index.php?rest_route=\/wp\/v2\/posts\/3252\/revisions\/3253"}],"wp:attachment":[{"href":"https:\/\/www.rcg.com.tr\/index.php?rest_route=%2Fwp%2Fv2%2Fmedia&parent=3252"}],"wp:term":[{"taxonomy":"category","embeddable":true,"href":"https:\/\/www.rcg.com.tr\/index.php?rest_route=%2Fwp%2Fv2%2Fcategories&post=3252"},{"taxonomy":"post_tag","embeddable":true,"href":"https:\/\/www.rcg.com.tr\/index.php?rest_route=%2Fwp%2Fv2%2Ftags&post=3252"}],"curies":[{"name":"wp","href":"https:\/\/api.w.org\/{rel}","templated":true}]}}