{"id":3248,"date":"2016-04-11T10:00:28","date_gmt":"2016-04-11T07:00:28","guid":{"rendered":"http:\/\/rcg.com.tr\/?p=3248"},"modified":"2016-04-11T10:00:28","modified_gmt":"2016-04-11T07:00:28","slug":"belgesiz-ihracat-kredileri-ile-vergi-resim-ve-harc-istisnasi-hakkinda-kararda-degisiklik-yapilmasina-iliskin-karar-bkk-20168661-08-04-2016","status":"publish","type":"post","link":"https:\/\/www.rcg.com.tr\/?p=3248","title":{"rendered":"Belgesiz \u0130hracat Kredileri ile Vergi Resim ve Har\u00e7 \u0130stisnas\u0131 Hakk\u0131nda Kararda De\u011fi\u015fiklik Yap\u0131lmas\u0131na \u0130li\u015fkin Karar (BKK 2016\/8661) &#8211; 08.04.2016"},"content":{"rendered":"<p><strong>Belgesiz \u0130hracat Kredileri ile Vergi Resim ve Har\u00e7 \u0130stisnas\u0131 Hakk\u0131nda Kararda De\u011fi\u015fiklik Yap\u0131lmas\u0131na \u0130li\u015fkin Karar (BKK 2016\/8661) &#8211; 08.04.2016<\/strong><\/p>\n<p>08 Nisan 2016 Tarihli Resmi Gazete<\/p>\n<p>Say\u0131: 29678<\/p>\n<p><strong>Karar Say\u0131s\u0131 : 2016\/8661<\/strong><\/p>\n<p>Ekli \u201cBelgesiz \u0130hracat Kredileri ile Vergi Resim ve Har\u00e7 \u0130stisnas\u0131 Hakkk\u0131nda Kararda De\u011fi\u015fiklik Yap\u0131lmas\u0131na \u0130li\u015fkin Karar\u201d\u0131n y\u00fcr\u00fcrl\u00fc\u011fe konulmas\u0131; Ekonomi Bakanl\u0131\u011f\u0131n\u0131n 17\/3\/2016 tarihli ve 28616 say\u0131l\u0131 yaz\u0131s\u0131 \u00fczerine, 20\/2\/1930 tarihli ve 1567 say\u0131l\u0131 Kanunun 1 inci, 27\/6\/1963 tarihli ve 261 say\u0131l\u0131 Kanunun 1 inci, 14\/5\/1964 tarihli ve 474 say\u0131l\u0131 Kanunun 2 nci, 3\/6\/2011 tarihli vee 637 say\u0131l\u0131 Kanun H\u00fckm\u00fcnde Kararnamenin 7 nci maddeleri ile 2\/2\/1984 tarihli ve 2976 say\u0131l\u0131 Kanunun h\u00fck\u00fcmlerine g\u00f6re, Bakanlar Kurulu\u2019nca 21\/3\/2016 tarihinde kararla\u015ft\u0131r\u0131lm\u0131\u015ft\u0131r.<\/p>\n<p>Recep Tayyip ERDO\u011eAN<\/p>\n<p>CUMHURBA\u015eKANI<\/p>\n<p align=\"center\"><b>BELGES\u0130Z \u0130HRACAT KRED\u0130LER\u0130 \u0130LE VERG\u0130 RES\u0130M VE HAR\u00c7 \u0130ST\u0130SNASI<\/b><\/p>\n<p align=\"center\"><b>HAKKINDA KARARDA DE\u011e\u0130\u015e\u0130KL\u0130K YAPILMASINA \u0130L\u0130\u015eK\u0130N KARAR<\/b><\/p>\n<p><strong>MADDE 1-<\/strong>\u00a08\/1\/2010 tarihli ve 2010\/51 say\u0131l\u0131 Bakanlar Kurulu Karar\u0131 ile y\u00fcr\u00fcrl\u00fc\u011fe konulan Belgesiz \u0130hracat Kredileri ile Vergi Resim ve Har\u00e7 \u0130stisnas\u0131 Hakk\u0131nda Karar\u0131n 1 inci maddesinin birinci f\u0131kras\u0131nda yer alan \u201c31\/12\/2015\u201d ibaresi \u201c31\/12\/2016\u201d \u015feklinde de\u011fi\u015ftirilmi\u015ftir.<\/p>\n<p><b><strong>MADDE 2-<\/strong><\/b>\u00a0Bu Karar, 1\/1\/2016 tarihinden ge\u00e7erli olmak \u00fczere yay\u0131m\u0131 tarihinde y\u00fcr\u00fcrl\u00fc\u011fe girer.<\/p>\n<p><b>MADDE 3-\u00a0<\/b>Bu Karar h\u00fck\u00fcmlerini Ekonomi Bakan\u0131 y\u00fcr\u00fct\u00fcr.<\/p>\n","protected":false},"excerpt":{"rendered":"<p>Belgesiz \u0130hracat Kredileri ile Vergi Resim ve Har\u00e7 \u0130stisnas\u0131 Hakk\u0131nda Kararda De\u011fi\u015fiklik Yap\u0131lmas\u0131na \u0130li\u015fkin Karar (BKK 2016\/8661) &#8211; 08.04.2016 08 Nisan 2016 Tarihli Resmi Gazete Say\u0131: 29678 Karar Say\u0131s\u0131 : 2016\/8661 Ekli \u201cBelgesiz \u0130hracat Kredileri ile Vergi Resim ve Har\u00e7 \u0130stisnas\u0131 Hakkk\u0131nda Kararda De\u011fi\u015fiklik Yap\u0131lmas\u0131na \u0130li\u015fkin Karar\u201d\u0131n y\u00fcr\u00fcrl\u00fc\u011fe konulmas\u0131; Ekonomi Bakanl\u0131\u011f\u0131n\u0131n 17\/3\/2016 tarihli ve 28616 [&hellip;]<\/p>\n","protected":false},"author":5,"featured_media":0,"comment_status":"closed","ping_status":"closed","sticky":false,"template":"","format":"standard","meta":{"footnotes":""},"categories":[1],"tags":[],"class_list":{"0":"post-3248","1":"post","2":"type-post","3":"status-publish","4":"format-standard","6":"category-genel"},"_links":{"self":[{"href":"https:\/\/www.rcg.com.tr\/index.php?rest_route=\/wp\/v2\/posts\/3248"}],"collection":[{"href":"https:\/\/www.rcg.com.tr\/index.php?rest_route=\/wp\/v2\/posts"}],"about":[{"href":"https:\/\/www.rcg.com.tr\/index.php?rest_route=\/wp\/v2\/types\/post"}],"author":[{"embeddable":true,"href":"https:\/\/www.rcg.com.tr\/index.php?rest_route=\/wp\/v2\/users\/5"}],"replies":[{"embeddable":true,"href":"https:\/\/www.rcg.com.tr\/index.php?rest_route=%2Fwp%2Fv2%2Fcomments&post=3248"}],"version-history":[{"count":1,"href":"https:\/\/www.rcg.com.tr\/index.php?rest_route=\/wp\/v2\/posts\/3248\/revisions"}],"predecessor-version":[{"id":3249,"href":"https:\/\/www.rcg.com.tr\/index.php?rest_route=\/wp\/v2\/posts\/3248\/revisions\/3249"}],"wp:attachment":[{"href":"https:\/\/www.rcg.com.tr\/index.php?rest_route=%2Fwp%2Fv2%2Fmedia&parent=3248"}],"wp:term":[{"taxonomy":"category","embeddable":true,"href":"https:\/\/www.rcg.com.tr\/index.php?rest_route=%2Fwp%2Fv2%2Fcategories&post=3248"},{"taxonomy":"post_tag","embeddable":true,"href":"https:\/\/www.rcg.com.tr\/index.php?rest_route=%2Fwp%2Fv2%2Ftags&post=3248"}],"curies":[{"name":"wp","href":"https:\/\/api.w.org\/{rel}","templated":true}]}}