{"id":3239,"date":"2016-04-08T10:13:51","date_gmt":"2016-04-08T07:13:51","guid":{"rendered":"http:\/\/rcg.com.tr\/?p=3239"},"modified":"2016-04-08T10:13:51","modified_gmt":"2016-04-08T07:13:51","slug":"5520-sayili-kurumlar-vergisi-kanunu-sirkuleri-39-08-04-2016","status":"publish","type":"post","link":"https:\/\/www.rcg.com.tr\/?p=3239","title":{"rendered":"5520 say\u0131l\u0131 Kurumlar Vergisi Kanunu Sirk\u00fcleri \/39-08.04.2016"},"content":{"rendered":"<p align=\"center\"><strong>T.C.<\/strong><\/p>\n<p align=\"center\"><strong>MAL\u0130YE BAKANLI\u011eI<\/strong><\/p>\n<p align=\"center\"><strong>Gelir \u0130daresi Ba\u015fkanl\u0131\u011f\u0131<\/strong><\/p>\n<p align=\"center\"><strong>5520 say\u0131l\u0131 Kurumlar Vergisi Kanunu Sirk\u00fcleri \/39<\/strong><\/p>\n<p align=\"center\">\u00a0<\/p>\n<table border=\"0\" cellspacing=\"0\" cellpadding=\"0\">\n<tbody>\n<tr>\n<td valign=\"top\" width=\"240\">\n<p><strong>Konusu<\/strong><\/p>\n<\/td>\n<td valign=\"top\" width=\"491\">\n<p>: Ge\u00e7ici Vergi D\u00f6nemlerinde Yeniden De\u011ferleme Oran\u0131<\/p>\n<\/td>\n<\/tr>\n<tr>\n<td valign=\"top\" width=\"240\">\n<p><strong>Tarihi<\/strong><\/p>\n<\/td>\n<td valign=\"top\" width=\"491\">\n<p>: 05\/04\/2016<\/p>\n<\/td>\n<\/tr>\n<tr>\n<td valign=\"top\" width=\"240\">\n<p><strong>Say\u0131s\u0131<\/strong><\/p>\n<\/td>\n<td valign=\"top\" width=\"491\">: KVK-39\/ 2016-1 \/ Yat\u0131r\u0131m \u0130ndirimi &#8211; 28<\/td>\n<\/tr>\n<tr>\n<td valign=\"top\" width=\"240\">\n<p><strong>\u0130lgili oldu\u011fu maddeler<\/strong><\/p>\n<\/td>\n<td valign=\"top\" width=\"491\">\n<p>: Vergi Usul Kanunu M\u00fckerrer Madde 298 Gelir Vergisi Kanunu Ge\u00e7ici Madde 69<\/p>\n<\/td>\n<\/tr>\n<tr>\n<td valign=\"top\" width=\"240\">\n<p><strong>\u0130lgili oldu\u011fu kazan\u00e7 t\u00fcrleri<\/strong><\/p>\n<\/td>\n<td valign=\"top\" width=\"491\">\n<p>: Ticari Kazan\u00e7, Zirai Kazan\u00e7<\/p>\n<\/td>\n<\/tr>\n<\/tbody>\n<\/table>\n<p align=\"center\">\u00a0<\/p>\n<p>213 say\u0131l\u0131 Vergi Usul Kanununun m\u00fckerrer 298 inci maddesinin (B) f\u0131kras\u0131na istinaden y\u0131ll\u0131k olarak hesaplanan ve Bakanl\u0131\u011f\u0131m\u0131zca ilan edilen yeniden de\u011ferleme oran\u0131na, vergi kanunlar\u0131ndan kaynaklanan nedenlerden dolay\u0131 ge\u00e7ici vergi d\u00f6nemlerinde de ihtiya\u00e7 duyulmaktad\u0131r.<\/p>\n<p>2016 y\u0131l\u0131 birinci ge\u00e7ici vergi d\u00f6neminde uygulanacak yeniden de\u011ferleme oran\u0131 negatif oldu\u011fundan bu d\u00f6neme ili\u015fkin olarak yeniden de\u011ferleme yap\u0131lmayacakt\u0131r.<\/p>\n<p align=\"justify\">Duyurulur.<\/p>\n<p>&nbsp;<\/p>\n<table border=\"0\" cellspacing=\"0\" cellpadding=\"0\">\n<tbody>\n<tr>\n<td valign=\"top\" width=\"113\">\n<p>&nbsp;<\/p>\n<\/td>\n<td valign=\"top\" width=\"153\">\n<p>&nbsp;<\/p>\n<\/td>\n<td valign=\"top\" width=\"108\">\n<p>&nbsp;<\/p>\n<\/td>\n<td valign=\"top\" width=\"199\">\n<p align=\"center\"><strong>Adnan ERT\u00dcRK<\/strong><\/p>\n<p align=\"center\"><strong>Gelir \u0130daresi Ba\u015fkan\u0131<\/strong><\/p>\n<\/td>\n<\/tr>\n<\/tbody>\n<\/table>\n","protected":false},"excerpt":{"rendered":"<p>T.C. MAL\u0130YE BAKANLI\u011eI Gelir \u0130daresi Ba\u015fkanl\u0131\u011f\u0131 5520 say\u0131l\u0131 Kurumlar Vergisi Kanunu Sirk\u00fcleri \/39 \u00a0 Konusu : Ge\u00e7ici Vergi D\u00f6nemlerinde Yeniden De\u011ferleme Oran\u0131 Tarihi : 05\/04\/2016 Say\u0131s\u0131 : KVK-39\/ 2016-1 \/ Yat\u0131r\u0131m \u0130ndirimi &#8211; 28 \u0130lgili oldu\u011fu maddeler : Vergi Usul Kanunu M\u00fckerrer Madde 298 Gelir Vergisi Kanunu Ge\u00e7ici Madde 69 \u0130lgili oldu\u011fu kazan\u00e7 t\u00fcrleri : [&hellip;]<\/p>\n","protected":false},"author":5,"featured_media":0,"comment_status":"closed","ping_status":"closed","sticky":false,"template":"","format":"standard","meta":{"footnotes":""},"categories":[1],"tags":[],"class_list":{"0":"post-3239","1":"post","2":"type-post","3":"status-publish","4":"format-standard","6":"category-genel"},"_links":{"self":[{"href":"https:\/\/www.rcg.com.tr\/index.php?rest_route=\/wp\/v2\/posts\/3239"}],"collection":[{"href":"https:\/\/www.rcg.com.tr\/index.php?rest_route=\/wp\/v2\/posts"}],"about":[{"href":"https:\/\/www.rcg.com.tr\/index.php?rest_route=\/wp\/v2\/types\/post"}],"author":[{"embeddable":true,"href":"https:\/\/www.rcg.com.tr\/index.php?rest_route=\/wp\/v2\/users\/5"}],"replies":[{"embeddable":true,"href":"https:\/\/www.rcg.com.tr\/index.php?rest_route=%2Fwp%2Fv2%2Fcomments&post=3239"}],"version-history":[{"count":1,"href":"https:\/\/www.rcg.com.tr\/index.php?rest_route=\/wp\/v2\/posts\/3239\/revisions"}],"predecessor-version":[{"id":3240,"href":"https:\/\/www.rcg.com.tr\/index.php?rest_route=\/wp\/v2\/posts\/3239\/revisions\/3240"}],"wp:attachment":[{"href":"https:\/\/www.rcg.com.tr\/index.php?rest_route=%2Fwp%2Fv2%2Fmedia&parent=3239"}],"wp:term":[{"taxonomy":"category","embeddable":true,"href":"https:\/\/www.rcg.com.tr\/index.php?rest_route=%2Fwp%2Fv2%2Fcategories&post=3239"},{"taxonomy":"post_tag","embeddable":true,"href":"https:\/\/www.rcg.com.tr\/index.php?rest_route=%2Fwp%2Fv2%2Ftags&post=3239"}],"curies":[{"name":"wp","href":"https:\/\/api.w.org\/{rel}","templated":true}]}}