{"id":3226,"date":"2016-03-24T09:18:23","date_gmt":"2016-03-24T07:18:23","guid":{"rendered":"http:\/\/rcg.com.tr\/?p=3226"},"modified":"2016-03-24T09:18:23","modified_gmt":"2016-03-24T07:18:23","slug":"2015-takvim-yili-yillik-gelir-vergisi-beyannamelerinin-verilme-suresinin-uzatilmasi-23-03-2016","status":"publish","type":"post","link":"https:\/\/www.rcg.com.tr\/?p=3226","title":{"rendered":"2015 Takvim Y\u0131l\u0131 Y\u0131ll\u0131k Gelir Vergisi Beyannamelerinin Verilme S\u00fcresinin Uzat\u0131lmas\u0131.23.03.2016"},"content":{"rendered":"<p><strong>T.C.<\/strong><\/p>\n<p><strong>MAL\u0130YE BAKANLI\u011eI<\/strong><\/p>\n<p><strong>Gelir \u0130daresi Ba\u015fkanl\u0131\u011f\u0131<\/strong><\/p>\n<p><strong>\u00a0<\/strong><\/p>\n<p><strong>\u00a0<\/strong><\/p>\n<p><strong>VERG\u0130 USUL KANUNU S\u0130RK\u00dcLER\u0130\/81<\/strong><\/p>\n<p>&nbsp;<\/p>\n<p><strong>Konusu<\/strong>: 2015 Takvim Y\u0131l\u0131 Y\u0131ll\u0131k Gelir Vergisi Beyannamelerinin Verilme S\u00fcresinin Uzat\u0131lmas\u0131.<\/p>\n<p><strong>Tarihi<\/strong> : 23\/03\/2016<\/p>\n<p><strong>Say\u0131s\u0131<\/strong>\u00a0 : VUK-81 \/ 2016 -2<\/p>\n<p><strong>\u00a0<\/strong><\/p>\n<ol>\n<li><strong> Giri\u015f<\/strong><\/li>\n<\/ol>\n<p>&nbsp;<\/p>\n<p>Bakanl\u0131\u011f\u0131m\u0131za iletilen talepler do\u011frultusunda, Vergi Usul Kanununun m\u00fckerrer 28 inci maddesindeki yetkiye dayan\u0131larak; 2015 takvim y\u0131l\u0131 Y\u0131ll\u0131k Gelir Vergisi Beyannamelerinin verilme s\u00fcresinin uzat\u0131lmas\u0131 bu sirk\u00fclerin konusunu olu\u015fturmaktad\u0131r.<\/p>\n<p><strong>\u00a0<\/strong><\/p>\n<ol start=\"2\">\n<li><strong> Y\u0131ll\u0131k Gelir Vergisi Beyannamelerinin Verilme S\u00fcresinin Uzat\u0131lmas\u0131:<\/strong><\/li>\n<\/ol>\n<p><strong>\u00a0<\/strong><\/p>\n<p>25 Mart 2016 g\u00fcn\u00fc sonuna kadar verilmesi gereken 2015 takvim y\u0131l\u0131na ait Y\u0131ll\u0131k Gelir Vergisi Beyannamelerinin verilme s\u00fcreleri\u00a031 Mart 2016 Per\u015fembe g\u00fcn\u00fc mesai saati bitimine kadar uzat\u0131lm\u0131\u015ft\u0131r. Elektronik ortamda beyanname veren m\u00fckelleflerin, beyannamelerini g\u00fcn sonuna kadar g\u00f6nderebilmeleri m\u00fcmk\u00fcnd\u00fcr.<\/p>\n<p><strong>\u00a0<\/strong><\/p>\n<p>&nbsp;<\/p>\n<p>Duyurulur.<\/p>\n<p>&nbsp;<\/p>\n<p>&nbsp;<\/p>\n<p>&nbsp;<\/p>\n<p><strong>Adnan ERT\u00dcRK<\/strong><\/p>\n<p><strong>Gelir \u0130daresi Ba\u015fkan\u0131<\/strong><\/p>\n<p>&nbsp;<\/p>\n","protected":false},"excerpt":{"rendered":"<p>T.C. MAL\u0130YE BAKANLI\u011eI Gelir \u0130daresi Ba\u015fkanl\u0131\u011f\u0131 \u00a0 \u00a0 VERG\u0130 USUL KANUNU S\u0130RK\u00dcLER\u0130\/81 &nbsp; Konusu: 2015 Takvim Y\u0131l\u0131 Y\u0131ll\u0131k Gelir Vergisi Beyannamelerinin Verilme S\u00fcresinin Uzat\u0131lmas\u0131. Tarihi : 23\/03\/2016 Say\u0131s\u0131\u00a0 : VUK-81 \/ 2016 -2 \u00a0 Giri\u015f &nbsp; Bakanl\u0131\u011f\u0131m\u0131za iletilen talepler do\u011frultusunda, Vergi Usul Kanununun m\u00fckerrer 28 inci maddesindeki yetkiye dayan\u0131larak; 2015 takvim y\u0131l\u0131 Y\u0131ll\u0131k Gelir Vergisi [&hellip;]<\/p>\n","protected":false},"author":5,"featured_media":0,"comment_status":"closed","ping_status":"closed","sticky":false,"template":"","format":"standard","meta":{"footnotes":""},"categories":[1],"tags":[],"class_list":{"0":"post-3226","1":"post","2":"type-post","3":"status-publish","4":"format-standard","6":"category-genel"},"_links":{"self":[{"href":"https:\/\/www.rcg.com.tr\/index.php?rest_route=\/wp\/v2\/posts\/3226"}],"collection":[{"href":"https:\/\/www.rcg.com.tr\/index.php?rest_route=\/wp\/v2\/posts"}],"about":[{"href":"https:\/\/www.rcg.com.tr\/index.php?rest_route=\/wp\/v2\/types\/post"}],"author":[{"embeddable":true,"href":"https:\/\/www.rcg.com.tr\/index.php?rest_route=\/wp\/v2\/users\/5"}],"replies":[{"embeddable":true,"href":"https:\/\/www.rcg.com.tr\/index.php?rest_route=%2Fwp%2Fv2%2Fcomments&post=3226"}],"version-history":[{"count":1,"href":"https:\/\/www.rcg.com.tr\/index.php?rest_route=\/wp\/v2\/posts\/3226\/revisions"}],"predecessor-version":[{"id":3227,"href":"https:\/\/www.rcg.com.tr\/index.php?rest_route=\/wp\/v2\/posts\/3226\/revisions\/3227"}],"wp:attachment":[{"href":"https:\/\/www.rcg.com.tr\/index.php?rest_route=%2Fwp%2Fv2%2Fmedia&parent=3226"}],"wp:term":[{"taxonomy":"category","embeddable":true,"href":"https:\/\/www.rcg.com.tr\/index.php?rest_route=%2Fwp%2Fv2%2Fcategories&post=3226"},{"taxonomy":"post_tag","embeddable":true,"href":"https:\/\/www.rcg.com.tr\/index.php?rest_route=%2Fwp%2Fv2%2Ftags&post=3226"}],"curies":[{"name":"wp","href":"https:\/\/api.w.org\/{rel}","templated":true}]}}