{"id":3223,"date":"2016-03-21T10:07:38","date_gmt":"2016-03-21T08:07:38","guid":{"rendered":"http:\/\/rcg.com.tr\/?p=3223"},"modified":"2016-03-21T10:07:38","modified_gmt":"2016-03-21T08:07:38","slug":"0168549-bagimsiz-denetime-tabi-olacak-sirketlerin-belirlenmesine-dair-kararda-degisiklik-yapilmasi-hakkinda-karar-21-03-2016","status":"publish","type":"post","link":"https:\/\/www.rcg.com.tr\/?p=3223","title":{"rendered":"016\/8549 Ba\u011f\u0131ms\u0131z Denetime Tabi Olacak \u015eirketlerin Belirlenmesine Dair Kararda De\u011fi\u015fiklik Yap\u0131lmas\u0131 Hakk\u0131nda Karar &#8211; 21.03.2016"},"content":{"rendered":"<p><strong>2016\/8549 Ba\u011f\u0131ms\u0131z Denetime Tabi Olacak \u015eirketlerin Belirlenmesine Dair Kararda De\u011fi\u015fiklik Yap\u0131lmas\u0131 Hakk\u0131nda Karar &#8211; 21.03.2016<\/strong><\/p>\n<div>\n<p>Ekli\u201dBa\u011f\u0131ms\u0131z Denetime Tabi Olacak \u015eirketlerin Belirlenmesine Dair Kararda De\u011fi\u015fiklik Yap\u0131lmas\u0131 Hakk\u0131nda Karar\u201d\u0131n y\u00fcr\u00fcr l\u00fc\u011fe konulmas\u0131; Maliye Bakanl\u0131\u011f\u0131n\u0131n 12\/2\/2016 tarihli ve 216 say\u0131l\u0131 yaz\u0131s\u0131 \u00fczerine, <strong>6102 say\u0131l\u0131 T\u00fcrk Ticaret Kanununun <\/strong>397 nci maddesine g\u00f6re, Bakanlar Kurulu\u2019nca 16\/2\/2016 tarihinde \u00a0kararla\u015ft\u0131r\u0131lm\u0131\u015ft\u0131r.<\/p>\n<p>&nbsp;<\/p>\n<p>&nbsp;<\/p>\n<p>Recep Tayyip ERDO\u011eAN<\/p>\n<p>Cumhurba\u015fkan\u0131<\/p>\n<p><strong>BA\u011eIMSIZ DENET\u0130ME TAB\u0130\u00a0<\/strong><strong>O<\/strong><strong>L<\/strong><strong>A<\/strong><strong>C<\/strong><strong>A<\/strong><strong>K \u015e\u0130RKETLER<\/strong>\u0130<strong>N BEL\u0130RLENMES\u0130NE DA\u0130R KARARDA DE\u011e\u0130\u015e\u0130KL\u0130K YAPILMASI HAKKINDA KARAR<\/strong><\/p>\n<p>&nbsp;<\/p>\n<p><strong>M<\/strong><strong>AD<\/strong><strong>D<\/strong><strong>E \u00a01<\/strong>\u2013 \u00a019\/12\/2012 \u00a0tarihli \u00a0ve <strong>2012\/4213 \u00a0say\u0131l\u0131 \u00a0Bakanlar \u00a0Kurulu \u00a0Karar\u0131\u00a0<\/strong>ile \u00a0y\u00fcr\u00fcrl\u00fc\u011fe \u00a0konulan Ba\u011f\u0131ms\u0131z DenetimeTabi Olacak \u015eirketlerin Belirlenmesine Dair Karar\u0131n 3\u00fcnc\u00fc maddesinin birinci f\u0131kras\u0131n\u0131n<\/p>\n<p>(a) ve (b) bentleri a\u015fa\u011f\u0131daki \u015fekilde de\u011fi\u015ftirilmi\u015ftir.<\/p>\n<p>a)Aktif toplam\u0131 k\u0131rk milyon ve \u00fcst\u00fc T\u00fcrk Liras\u0131.<\/p>\n<p>b)Y\u0131ll\u0131k net sat\u0131\u015f has\u0131lat\u0131 seksen milyon ve \u00fcst\u00fc T\u00fcrk Liras\u0131.\u201d<\/p>\n<p>&nbsp;<\/p>\n<p><strong>M<\/strong><strong>AD<\/strong><strong>D<\/strong><strong>E2<\/strong>\u2013Ayn\u0131 Karara ekli (II) say\u0131l\u0131 listenin birinci s\u0131ras\u0131n\u0131n (a) ve (b) bentleri a\u015fa\u011f\u0131daki \u015fekilde de\u011fi\u015ftirilmi\u015ftir.<\/p>\n<p>a)Aktif toplam\u0131 otuz milyon ve \u00fcst\u00fc T\u00fcrk Liras\u0131.<\/p>\n<p>b)Y\u0131ll\u0131k net sat\u0131\u015f has\u0131lat\u0131 k\u0131rk milyon ve \u00fcst\u00fc T\u00fcrk Liras\u0131.\u201d<\/p>\n<p>&nbsp;<\/p>\n<p><strong>M<\/strong><strong>AD<\/strong><strong>D<\/strong><strong>E3<\/strong>\u2013Ayn\u0131 Karar\u0131 ekli (II) say\u0131l\u0131 listenin ikinci s\u0131ras\u0131n\u0131n (a) ve (b) bentleri a\u015fa\u011f\u0131daki \u015fekilde de\u011fi\u015ftirilmi\u015ftir.<\/p>\n<p>a)Aktif toplam\u0131 k\u0131rk milyon ve \u00fcst\u00fc T\u00fcrk Liras\u0131.<\/p>\n<p>b)Y\u0131ll\u0131k net sat\u0131\u015f has\u0131lat\u0131 altm\u0131\u015f milyon ve \u00fcst\u00fc T\u00fcrk Liras\u0131.\u201d<\/p>\n<p>&nbsp;<\/p>\n<p><strong>M<\/strong><strong>AD<\/strong><strong>D<\/strong><strong>E4<\/strong>\u2013Ayn\u0131 Karar\u0131 ekli (II) say\u0131l\u0131 listenin \u00fc\u00e7\u00fcnc\u00fc s\u0131ras\u0131n\u0131n (a) ve ( b) bentleri a\u015fa\u011f\u0131daki\u00a0\u015fekilde de\u011fi\u015ftirilmi\u015ftir.<\/p>\n<p>a)Aktif toplam\u0131 otuz milyonve \u00fcst\u00fc T\u00fcrk Liras\u0131.<\/p>\n<p>b)Y\u0131ll\u0131k net sat\u0131\u015f has\u0131lat\u0131 altm\u0131\u015f milyon ve \u00fcst\u00fc T\u00fcrk Liras\u0131.\u201d<\/p>\n<p>&nbsp;<\/p>\n<p><strong>M<\/strong><strong>AD<\/strong><strong>D<\/strong><strong>E5<\/strong>\u2013Ayn\u0131 Karar\u0131 ekli (II) say\u0131l\u0131 listenin d\u00f6rd\u00fcnc\u00fc s\u0131ras\u0131n\u0131n (a) ve (b) bentleri a\u015fa\u011f\u0131daki \u015fekilde de\u011fi\u015ftirilmi\u015ftir.<\/p>\n<\/div>\n<p>a)Aktif toplam\u0131 otuz milyonve \u00fcst\u00fc T\u00fcrk Liras\u0131.<\/p>\n<p>b)Y\u0131ll\u0131k net sat\u0131\u015f has\u0131lat\u0131 altm\u0131\u015f milyon ve \u00fcst\u00fc T\u00fcrk Liras\u0131.\u201d<\/p>\n<p>&nbsp;<\/p>\n<p><strong>M<\/strong><strong>AD<\/strong><strong>D<\/strong><strong>E6<\/strong>\u2013Ayn\u0131 Karar\u0131 ekli (II) say\u0131l\u0131 listenin alt\u0131nc\u0131 s\u0131ras\u0131n\u0131n (a) ve (b) bentleri a\u015fa\u011f\u0131daki \u015fekilde de\u011fi\u015ftirilmi\u015ftir.<\/p>\n<p>a)Aktif toplam\u0131 otuz milyonve \u00fcst\u00fc T\u00fcrk Liras\u0131.<\/p>\n<p>b)Y\u0131ll\u0131k net sat\u0131\u015f has\u0131lat\u0131 altm\u0131\u015f milyon ve \u00fcst\u00fc T\u00fcrk Liras\u0131.\u201d<\/p>\n<p>&nbsp;<\/p>\n<p><strong>M<\/strong><strong>AD<\/strong><strong>D<\/strong><strong>E7<\/strong>\u2013Ayn\u0131 Karar\u0131 ekli (II) say\u0131l\u0131 listenin yedinci s\u0131ras\u0131n\u0131n (a) ve (b) bentleri a\u015fa\u011f\u0131daki \u015fekilde de\u011fi\u015ftirilmi\u015ftir.<\/p>\n<p>a)Aktif toplam\u0131 otuz milyon ve \u00fcst\u00fc T\u00fcrk Liras\u0131.<\/p>\n<p>b)Y\u0131ll\u0131k net sat\u0131\u015f has\u0131lat\u0131 k\u0131rk milyon ve \u00fcst\u00fc T\u00fcrk Liras\u0131.\u201d<\/p>\n<p>&nbsp;<\/p>\n<p><strong>M<\/strong><strong>AD<\/strong><strong>D<\/strong><strong>E8<\/strong>\u2013Bu Karar 1\/1\/2016 tarihinden ge\u00e7erli olmak \u00fczere yay\u0131m\u0131 tarihinde y\u00fcr\u00fcrl\u00fc\u011fe girer.<\/p>\n<p>&nbsp;<\/p>\n<p><strong>M<\/strong><strong>AD<\/strong><strong>D<\/strong><strong>E9<\/strong>\u2013Bu Karar h\u00fck\u00fcmlerini Bakanlar Kurulu Y\u00fcr\u00fct\u00fcr.<\/p>\n","protected":false},"excerpt":{"rendered":"<p>2016\/8549 Ba\u011f\u0131ms\u0131z Denetime Tabi Olacak \u015eirketlerin Belirlenmesine Dair Kararda De\u011fi\u015fiklik Yap\u0131lmas\u0131 Hakk\u0131nda Karar &#8211; 21.03.2016 Ekli\u201dBa\u011f\u0131ms\u0131z Denetime Tabi Olacak \u015eirketlerin Belirlenmesine Dair Kararda De\u011fi\u015fiklik Yap\u0131lmas\u0131 Hakk\u0131nda Karar\u201d\u0131n y\u00fcr\u00fcr l\u00fc\u011fe konulmas\u0131; Maliye Bakanl\u0131\u011f\u0131n\u0131n 12\/2\/2016 tarihli ve 216 say\u0131l\u0131 yaz\u0131s\u0131 \u00fczerine, 6102 say\u0131l\u0131 T\u00fcrk Ticaret Kanununun 397 nci maddesine g\u00f6re, Bakanlar Kurulu\u2019nca 16\/2\/2016 tarihinde \u00a0kararla\u015ft\u0131r\u0131lm\u0131\u015ft\u0131r. &nbsp; &nbsp; [&hellip;]<\/p>\n","protected":false},"author":5,"featured_media":0,"comment_status":"closed","ping_status":"closed","sticky":false,"template":"","format":"standard","meta":{"footnotes":""},"categories":[1],"tags":[],"class_list":{"0":"post-3223","1":"post","2":"type-post","3":"status-publish","4":"format-standard","6":"category-genel"},"_links":{"self":[{"href":"https:\/\/www.rcg.com.tr\/index.php?rest_route=\/wp\/v2\/posts\/3223"}],"collection":[{"href":"https:\/\/www.rcg.com.tr\/index.php?rest_route=\/wp\/v2\/posts"}],"about":[{"href":"https:\/\/www.rcg.com.tr\/index.php?rest_route=\/wp\/v2\/types\/post"}],"author":[{"embeddable":true,"href":"https:\/\/www.rcg.com.tr\/index.php?rest_route=\/wp\/v2\/users\/5"}],"replies":[{"embeddable":true,"href":"https:\/\/www.rcg.com.tr\/index.php?rest_route=%2Fwp%2Fv2%2Fcomments&post=3223"}],"version-history":[{"count":1,"href":"https:\/\/www.rcg.com.tr\/index.php?rest_route=\/wp\/v2\/posts\/3223\/revisions"}],"predecessor-version":[{"id":3224,"href":"https:\/\/www.rcg.com.tr\/index.php?rest_route=\/wp\/v2\/posts\/3223\/revisions\/3224"}],"wp:attachment":[{"href":"https:\/\/www.rcg.com.tr\/index.php?rest_route=%2Fwp%2Fv2%2Fmedia&parent=3223"}],"wp:term":[{"taxonomy":"category","embeddable":true,"href":"https:\/\/www.rcg.com.tr\/index.php?rest_route=%2Fwp%2Fv2%2Fcategories&post=3223"},{"taxonomy":"post_tag","embeddable":true,"href":"https:\/\/www.rcg.com.tr\/index.php?rest_route=%2Fwp%2Fv2%2Ftags&post=3223"}],"curies":[{"name":"wp","href":"https:\/\/api.w.org\/{rel}","templated":true}]}}