{"id":3220,"date":"2016-03-07T11:35:51","date_gmt":"2016-03-07T09:35:51","guid":{"rendered":"http:\/\/rcg.com.tr\/?p=3220"},"modified":"2016-03-07T11:35:51","modified_gmt":"2016-03-07T09:35:51","slug":"asgari-ucret-destek-tutari-duyurusu-yayimlanmistir-07-03-2016","status":"publish","type":"post","link":"https:\/\/www.rcg.com.tr\/?p=3220","title":{"rendered":"Asgari \u00dccret Destek Tutar\u0131 Duyurusu Yay\u0131mlanm\u0131\u015ft\u0131r.07.03.2016"},"content":{"rendered":"<p><strong>K<\/strong><strong>ONU : <\/strong>Asgari \u00dccret Destek Tutar\u0131 Duyurusu Yay\u0131mlanm\u0131\u015ft\u0131r.<\/p>\n<p>Sosyal G\u00fcvenlik Kurumu Sigorta Primleri Genel M\u00fcd\u00fcrl\u00fc\u011f\u00fc taraf\u0131ndan asgari \u00fccret destek tutarlar\u0131na ili\u015fkin duyuru yay\u0131mlanm\u0131\u015ft\u0131r.<\/p>\n<p>6661 say\u0131l\u0131 Kanunla 5510 say\u0131l\u0131 Sosyal Sigortalar ve Genel Sa\u011fl\u0131k Sigortas\u0131 Kanununa eklenen ge\u00e7ici 68 inci madde ile haklar\u0131nda uzun vadeli sigorta kolu h\u00fck\u00fcmleri uygulanan sigortal\u0131lardan dolay\u0131 i\u015fverenlere 2016\/Ocak ila 2016\/Aral\u0131k d\u00f6neminde uygulanmak \u00fczere Hazine deste\u011fi verilmesi h\u00fckme ba\u011flanm\u0131\u015ft\u0131r.<\/p>\n<p><u>\u00a0Duyuruda \u00a0hazine\u00a0 \u00a0yard\u0131m\u0131n\u0131n\u00a0 \u00a0uygulamas\u0131na\u00a0 \u00a0il i\u015fk in\u00a0 \u00a0a\u00e7\u0131k lamalar\u00a0 \u00a0yap\u0131lm\u0131\u015f\u00a0 \u00a0olup\u00a0 \u00a0yap\u0131lan <\/u><\/p>\n<p><u>\u00a0a\u00e7\u0131klamalar\u0131n \u00f6zeti a\u015fa\u011f\u0131dad\u0131r ; <\/u><\/p>\n<p>-Hazine deste\u011finden yararlanmak i\u00e7in i\u015fverenlerden ba\u015fvuru \u015fart\u0131 aranmayacakt\u0131r. Gerekli \u015fartlar\u0131 ta\u015f\u0131yan i\u015fverenler, Kanun h\u00fck\u00fcmlerinden herhangi bir i\u015flem yapmaks\u0131z\u0131n yararlanacaklard\u0131r.<\/p>\n<p>-\u0130lgili madde uyar\u0131nca verilecek destek tutar\u0131 sigorta primlerinin \u00f6denmesi gereken ay\u0131\/d\u00f6nemi takip eden ayda\/d\u00f6nemde tahakkuk edecek prim bor\u00e7lar\u0131na mahsup edilecektir.<\/p>\n<p>-Buna g\u00f6re; 2016\/Ocak ay\u0131nda \u00e7al\u0131\u015ft\u0131r\u0131lan sigortal\u0131lardan dolay\u0131 yararlan\u0131lacak olan Hazine deste\u011fi tutar\u0131 2016\/Mart ay\u0131nda bankaya yap\u0131lacak \u00f6deme s\u0131ras\u0131nda, bankada asgari \u00fccret destek tutar\u0131 d\u00fc\u015f\u00fclm\u00fc\u015f miktar g\u00f6r\u00fcnece\u011finden, bankaca belirtilen tutar \u00f6denmek suretiyle mahsup i\u015flemi yap\u0131lacakt\u0131r. Takip eden aylarda da mahsup i\u015flemi belirtildi\u011fi \u015fekilde ger\u00e7ekle\u015ftirilecektir.<\/p>\n<p><strong>\u0130\u015fverenlerin, e-bildirge kullan\u0131c\u0131 ekran\u0131nda bulunan Ayl\u0131k Prim ve Hizmet Belgesi \u0130\u015flemleri alt\u0131nda \u201c6661 Say\u0131l\u0131 Kanun Gere\u011fi Asgari \u00dccret Destek Tutarlar\u0131 G\u00f6r\u00fcnt\u00fcleme\u201d men\u00fcs\u00fcnden yararlanacaklar\u0131 Asgari \u00dccret Destek tutarlar\u0131n\u0131 g\u00f6rmeleri m\u00fcmk\u00fcn bulunmaktad\u0131r. S\u00f6z konusu ekran g\u00f6r\u00fcnt\u00fcs\u00fc de duyuruya eklenmi\u015ftir.<\/strong><\/p>\n<p style=\"text-align: center;\">\n<p>&nbsp;<\/p>\n<p>&nbsp;<\/p>\n<p>S\u00f6z konusu duyuruya a\u015fa\u011f\u0131daki linkten ula\u015fabilirsiniz.<\/p>\n<p>&nbsp;<\/p>\n<p><a href=\"http:\/\/www.sgk.gov.tr\/wps\/wcm\/connect\/8e0c33da-164d-432a-9bcb-f4aa1fc5104e\/DUYURU-ASGAR%C4%B0%2B%C3%9CCRET%2BDESTEK%2BTUTARINA%2B%C4%B0L%C4%B0%C5%9EK%C4%B0N%2BDUYURU.pdf?MOD=AJPERES&amp;amp;CACHEID=8e0c33da-164d-432a-9bcb-f4aa1fc5104e\">http:\/\/www.sgk.gov.tr\/wps\/wcm\/connect\/8e0c33da-164d-432a-9bcb-<\/a> <a href=\"http:\/\/www.sgk.gov.tr\/wps\/wcm\/connect\/8e0c33da-164d-432a-9bcb-f4aa1fc5104e\/DUYURU-ASGAR%C4%B0%2B%C3%9CCRET%2BDESTEK%2BTUTARINA%2B%C4%B0L%C4%B0%C5%9EK%C4%B0N%2BDUYURU.pdf?MOD=AJPERES&amp;amp;CACHEID=8e0c33da-164d-432a-9bcb-f4aa1fc5104e\">f4aa1fc5104e\/DUYURU-<\/a> <a href=\"http:\/\/www.sgk.gov.tr\/wps\/wcm\/connect\/8e0c33da-164d-432a-9bcb-f4aa1fc5104e\/DUYURU-ASGAR%C4%B0%2B%C3%9CCRET%2BDESTEK%2BTUTARINA%2B%C4%B0L%C4%B0%C5%9EK%C4%B0N%2BDUYURU.pdf?MOD=AJPERES&amp;amp;CACHEID=8e0c33da-164d-432a-9bcb-f4aa1fc5104e\">ASGAR%C4%B0+%C3%9CCRET+DESTEK+TUTARINA+%C4%B0L%C4%B0%C5%9<\/a> <a href=\"http:\/\/www.sgk.gov.tr\/wps\/wcm\/connect\/8e0c33da-164d-432a-9bcb-f4aa1fc5104e\/DUYURU-ASGAR%C4%B0%2B%C3%9CCRET%2BDESTEK%2BTUTARINA%2B%C4%B0L%C4%B0%C5%9EK%C4%B0N%2BDUYURU.pdf?MOD=AJPERES&amp;amp;CACHEID=8e0c33da-164d-432a-9bcb-f4aa1fc5104e\">EK%C4%B0N+DUYURU.pdf?MOD=AJPERES&amp;CACHEID=8e0c33da-164d-432a-9bcb-<\/a><\/p>\n<p><a href=\"http:\/\/www.sgk.gov.tr\/wps\/wcm\/connect\/8e0c33da-164d-432a-9bcb-f4aa1fc5104e\/DUYURU-ASGAR%C4%B0%2B%C3%9CCRET%2BDESTEK%2BTUTARINA%2B%C4%B0L%C4%B0%C5%9EK%C4%B0N%2BDUYURU.pdf?MOD=AJPERES&amp;amp;CACHEID=8e0c33da-164d-432a-9bcb-f4aa1fc5104e\">f4aa1fc5104e<\/a><\/p>\n","protected":false},"excerpt":{"rendered":"<p>KONU : Asgari \u00dccret Destek Tutar\u0131 Duyurusu Yay\u0131mlanm\u0131\u015ft\u0131r. Sosyal G\u00fcvenlik Kurumu Sigorta Primleri Genel M\u00fcd\u00fcrl\u00fc\u011f\u00fc taraf\u0131ndan asgari \u00fccret destek tutarlar\u0131na ili\u015fkin duyuru yay\u0131mlanm\u0131\u015ft\u0131r. 6661 say\u0131l\u0131 Kanunla 5510 say\u0131l\u0131 Sosyal Sigortalar ve Genel Sa\u011fl\u0131k Sigortas\u0131 Kanununa eklenen ge\u00e7ici 68 inci madde ile haklar\u0131nda uzun vadeli sigorta kolu h\u00fck\u00fcmleri uygulanan sigortal\u0131lardan dolay\u0131 i\u015fverenlere 2016\/Ocak ila 2016\/Aral\u0131k d\u00f6neminde [&hellip;]<\/p>\n","protected":false},"author":5,"featured_media":0,"comment_status":"closed","ping_status":"closed","sticky":false,"template":"","format":"standard","meta":{"footnotes":""},"categories":[1],"tags":[],"class_list":{"0":"post-3220","1":"post","2":"type-post","3":"status-publish","4":"format-standard","6":"category-genel"},"_links":{"self":[{"href":"https:\/\/www.rcg.com.tr\/index.php?rest_route=\/wp\/v2\/posts\/3220"}],"collection":[{"href":"https:\/\/www.rcg.com.tr\/index.php?rest_route=\/wp\/v2\/posts"}],"about":[{"href":"https:\/\/www.rcg.com.tr\/index.php?rest_route=\/wp\/v2\/types\/post"}],"author":[{"embeddable":true,"href":"https:\/\/www.rcg.com.tr\/index.php?rest_route=\/wp\/v2\/users\/5"}],"replies":[{"embeddable":true,"href":"https:\/\/www.rcg.com.tr\/index.php?rest_route=%2Fwp%2Fv2%2Fcomments&post=3220"}],"version-history":[{"count":1,"href":"https:\/\/www.rcg.com.tr\/index.php?rest_route=\/wp\/v2\/posts\/3220\/revisions"}],"predecessor-version":[{"id":3221,"href":"https:\/\/www.rcg.com.tr\/index.php?rest_route=\/wp\/v2\/posts\/3220\/revisions\/3221"}],"wp:attachment":[{"href":"https:\/\/www.rcg.com.tr\/index.php?rest_route=%2Fwp%2Fv2%2Fmedia&parent=3220"}],"wp:term":[{"taxonomy":"category","embeddable":true,"href":"https:\/\/www.rcg.com.tr\/index.php?rest_route=%2Fwp%2Fv2%2Fcategories&post=3220"},{"taxonomy":"post_tag","embeddable":true,"href":"https:\/\/www.rcg.com.tr\/index.php?rest_route=%2Fwp%2Fv2%2Ftags&post=3220"}],"curies":[{"name":"wp","href":"https:\/\/api.w.org\/{rel}","templated":true}]}}