{"id":3170,"date":"2015-06-23T08:56:09","date_gmt":"2015-06-23T05:56:09","guid":{"rendered":"http:\/\/rcg.com.tr\/?p=3170"},"modified":"2015-06-23T08:56:09","modified_gmt":"2015-06-23T05:56:09","slug":"1-sira-no-lu-turkiye-avrupa-birligi-katilim-oncesi-yardim-araci-ipa-cerceve-anlasmasi-genel-tebliginde-degisiklik-yapan-teblig-resmi-gazetede-yayimlandi-10-06-2015","status":"publish","type":"post","link":"https:\/\/www.rcg.com.tr\/?p=3170","title":{"rendered":"1 S\u0131ra No.lu T\u00fcrkiye-Avrupa Birli\u011fi Kat\u0131l\u0131m \u00d6ncesi Yard\u0131m Arac\u0131 (IPA) \u00c7er\u00e7eve Anla\u015fmas\u0131 Genel Tebli\u011finde De\u011fi\u015fiklik Yapan Tebli\u011f Resmi Gazete&#8217;de Yay\u0131mland\u0131 &#8211; 10.06.2015"},"content":{"rendered":"<p><strong>1 S\u0131ra No.lu T\u00fcrkiye-Avrupa Birli\u011fi Kat\u0131l\u0131m \u00d6ncesi Yard\u0131m Arac\u0131 (IPA) \u00c7er\u00e7eve Anla\u015fmas\u0131 Genel Tebli\u011finde De\u011fi\u015fiklik Yapan Tebli\u011f Resmi Gazete&#8217;de Yay\u0131mland\u0131 &#8211; 10.06.2015<\/strong><\/p>\n<p>&nbsp;<\/p>\n<p>http:\/\/www.randiman.com.tr\/panel\/upload\/10062015092450.pdf<\/p>\n","protected":false},"excerpt":{"rendered":"<p>1 S\u0131ra No.lu T\u00fcrkiye-Avrupa Birli\u011fi Kat\u0131l\u0131m \u00d6ncesi Yard\u0131m Arac\u0131 (IPA) \u00c7er\u00e7eve Anla\u015fmas\u0131 Genel Tebli\u011finde De\u011fi\u015fiklik Yapan Tebli\u011f Resmi Gazete&#8217;de Yay\u0131mland\u0131 &#8211; 10.06.2015 &nbsp; http:\/\/www.randiman.com.tr\/panel\/upload\/10062015092450.pdf<\/p>\n","protected":false},"author":5,"featured_media":0,"comment_status":"closed","ping_status":"closed","sticky":false,"template":"","format":"standard","meta":{"footnotes":""},"categories":[1],"tags":[],"class_list":{"0":"post-3170","1":"post","2":"type-post","3":"status-publish","4":"format-standard","6":"category-genel"},"_links":{"self":[{"href":"https:\/\/www.rcg.com.tr\/index.php?rest_route=\/wp\/v2\/posts\/3170"}],"collection":[{"href":"https:\/\/www.rcg.com.tr\/index.php?rest_route=\/wp\/v2\/posts"}],"about":[{"href":"https:\/\/www.rcg.com.tr\/index.php?rest_route=\/wp\/v2\/types\/post"}],"author":[{"embeddable":true,"href":"https:\/\/www.rcg.com.tr\/index.php?rest_route=\/wp\/v2\/users\/5"}],"replies":[{"embeddable":true,"href":"https:\/\/www.rcg.com.tr\/index.php?rest_route=%2Fwp%2Fv2%2Fcomments&post=3170"}],"version-history":[{"count":1,"href":"https:\/\/www.rcg.com.tr\/index.php?rest_route=\/wp\/v2\/posts\/3170\/revisions"}],"predecessor-version":[{"id":3171,"href":"https:\/\/www.rcg.com.tr\/index.php?rest_route=\/wp\/v2\/posts\/3170\/revisions\/3171"}],"wp:attachment":[{"href":"https:\/\/www.rcg.com.tr\/index.php?rest_route=%2Fwp%2Fv2%2Fmedia&parent=3170"}],"wp:term":[{"taxonomy":"category","embeddable":true,"href":"https:\/\/www.rcg.com.tr\/index.php?rest_route=%2Fwp%2Fv2%2Fcategories&post=3170"},{"taxonomy":"post_tag","embeddable":true,"href":"https:\/\/www.rcg.com.tr\/index.php?rest_route=%2Fwp%2Fv2%2Ftags&post=3170"}],"curies":[{"name":"wp","href":"https:\/\/api.w.org\/{rel}","templated":true}]}}