{"id":3161,"date":"2015-06-23T08:51:12","date_gmt":"2015-06-23T05:51:12","guid":{"rendered":"http:\/\/rcg.com.tr\/?p=3161"},"modified":"2015-06-23T08:51:12","modified_gmt":"2015-06-23T05:51:12","slug":"gelir-ve-kurum-gecici-vergi-beyannamelerinin-verilme-sureleri-18-mayis-2015-pazartesi-gunu-sonuna-kadar-uzatildi-14-05-2015","status":"publish","type":"post","link":"https:\/\/www.rcg.com.tr\/?p=3161","title":{"rendered":"Gelir ve Kurum Ge\u00e7ici Vergi Beyannamelerinin Verilme S\u00fcreleri 18 May\u0131s 2015 Pazartesi G\u00fcn\u00fc Sonuna Kadar Uzat\u0131ld\u0131. &#8211; 14.05.2015"},"content":{"rendered":"<p><strong>Gelir ve Kurum Ge\u00e7ici Vergi Beyannamelerinin Verilme S\u00fcreleri 18 May\u0131s 2015 Pazartesi G\u00fcn\u00fc Sonuna Kadar Uzat\u0131ld\u0131. &#8211; 14.05.2015<\/strong><\/p>\n<p>&nbsp;<\/p>\n<table border=\"0\" width=\"670\" cellspacing=\"0\" cellpadding=\"0\">\n<tbody>\n<tr valign=\"top\">\n<td width=\"76\"><b>Tarih<\/b><\/td>\n<td width=\"574\">14\/05\/2015<\/td>\n<\/tr>\n<tr valign=\"top\">\n<td width=\"76\"><b>Say\u0131<\/b><\/td>\n<td width=\"574\">VUK-78 \/ 2015-8<\/td>\n<\/tr>\n<tr valign=\"top\">\n<td width=\"76\"><b>Kapsam<\/b><\/td>\n<td width=\"574\"><img loading=\"lazy\" decoding=\"async\" src=\"http:\/\/www.gib.gov.tr\/icons\/ecblank.gif\" alt=\"\" width=\"1\" height=\"1\" border=\"0\" \/><\/td>\n<\/tr>\n<tr valign=\"top\">\n<td colspan=\"2\" width=\"630\">\n<div id=\"mevzuatcontent\">\n<p align=\"center\"><strong>T.C.<\/strong><\/p>\n<p align=\"center\"><strong>MAL\u0130YE BAKANLI\u011eI<\/strong><\/p>\n<p align=\"center\"><strong>Gelir \u0130daresi Ba\u015fkanl\u0131\u011f\u0131<\/strong><\/p>\n<p>&nbsp;<\/p>\n<p align=\"center\"><strong>VERG\u0130 USUL KANUNU S\u0130RK\u00dcLER\u0130\/78<\/strong><\/p>\n<p align=\"center\">\n<p><strong>Konusu<\/strong>: 2015 I. Ge\u00e7ici Vergi D\u00f6nemine (Ocak-\u015eubat-Mart) Ait Gelir\u00a0 ve Kurum Ge\u00e7ici Vergi Beyan S\u00fcresinin Uzat\u0131lmas\u0131.<\/p>\n<p><strong>Tarihi<\/strong>: 14\/05\/2015<\/p>\n<p><strong>Say\u0131s\u0131<\/strong>: VUK-78 \/ 2015-8<\/p>\n<p>&nbsp;<\/p>\n<p><strong>1. Giri\u015f:<\/strong><\/p>\n<p>2015 I. Ge\u00e7ici Vergi D\u00f6nemine (Ocak-\u015eubat-Mart) Ait Gelir ve Kurumlar Vergisi M\u00fckellefleri i\u00e7in Ge\u00e7ici Vergi Beyannamelerinin verilme s\u00fcresinin uzat\u0131lmas\u0131 bu sirk\u00fclerin konusunu olu\u015fturmaktad\u0131r.<\/p>\n<p><strong>2. Gelir ve Kurum Ge\u00e7ici Vergi Beyannamelerinin Verilme S\u00fcresinin Uzat\u0131lmas\u0131:<\/strong><\/p>\n<p>Bakanl\u0131\u011f\u0131m\u0131za gelen yo\u011fun talep nedeniyle, 213 say\u0131l\u0131 Vergi Usul Kanununun m\u00fckerrer 28 inci maddesindeki yetkiye dayan\u0131larak;<\/p>\n<p>14 May\u0131s 2015 g\u00fcn\u00fc sonuna kadar verilmesi gereken 2015 I. Ge\u00e7ici Vergi D\u00f6nemine (Ocak-\u015eubat-Mart) Ait Gelir ve Kurum Ge\u00e7ici Vergi Beyannamelerinin verilme s\u00fcreleri 18 May\u0131s 2015 Pazartesi g\u00fcn\u00fc sonuna kadar uzat\u0131lm\u0131\u015ft\u0131r.<\/p>\n<p>Beyanname verme s\u00fcresinin uzat\u0131lmas\u0131 \u00f6deme s\u00fcresini etkilemeyece\u011finden, m\u00fckelleflerin beyan ettikleri vergileri kanuni s\u00fcresinde (18 May\u0131s 2015 Pazartesi) \u00f6deyecekleri tabiidir.<\/p>\n<p>Duyurulur.<\/p>\n<p>&nbsp;<\/p>\n<table border=\"0\" cellspacing=\"0\" cellpadding=\"0\">\n<tbody>\n<tr>\n<td valign=\"top\" width=\"205\">&nbsp;<\/td>\n<td valign=\"top\" width=\"205\">&nbsp;<\/td>\n<td valign=\"top\" width=\"205\">\n<p align=\"center\"><strong>Adnan ERT\u00dcRK<\/strong><\/p>\n<\/td>\n<\/tr>\n<tr>\n<td valign=\"top\" width=\"205\">&nbsp;<\/td>\n<td valign=\"top\" width=\"205\">&nbsp;<\/td>\n<td valign=\"top\" width=\"205\">\n<p align=\"center\"><strong>Gelir \u0130daresi Ba\u015fkan\u0131<\/strong><\/p>\n<\/td>\n<\/tr>\n<\/tbody>\n<\/table>\n<p>&nbsp;<\/p>\n<\/div>\n<\/td>\n<\/tr>\n<\/tbody>\n<\/table>\n","protected":false},"excerpt":{"rendered":"<p>Gelir ve Kurum Ge\u00e7ici Vergi Beyannamelerinin Verilme S\u00fcreleri 18 May\u0131s 2015 Pazartesi G\u00fcn\u00fc Sonuna Kadar Uzat\u0131ld\u0131. &#8211; 14.05.2015 &nbsp; Tarih 14\/05\/2015 Say\u0131 VUK-78 \/ 2015-8 Kapsam T.C. MAL\u0130YE BAKANLI\u011eI Gelir \u0130daresi Ba\u015fkanl\u0131\u011f\u0131 &nbsp; VERG\u0130 USUL KANUNU S\u0130RK\u00dcLER\u0130\/78 Konusu: 2015 I. Ge\u00e7ici Vergi D\u00f6nemine (Ocak-\u015eubat-Mart) Ait Gelir\u00a0 ve Kurum Ge\u00e7ici Vergi Beyan S\u00fcresinin Uzat\u0131lmas\u0131. Tarihi: 14\/05\/2015 [&hellip;]<\/p>\n","protected":false},"author":5,"featured_media":0,"comment_status":"closed","ping_status":"closed","sticky":false,"template":"","format":"standard","meta":{"footnotes":""},"categories":[1],"tags":[],"class_list":{"0":"post-3161","1":"post","2":"type-post","3":"status-publish","4":"format-standard","6":"category-genel"},"_links":{"self":[{"href":"https:\/\/www.rcg.com.tr\/index.php?rest_route=\/wp\/v2\/posts\/3161"}],"collection":[{"href":"https:\/\/www.rcg.com.tr\/index.php?rest_route=\/wp\/v2\/posts"}],"about":[{"href":"https:\/\/www.rcg.com.tr\/index.php?rest_route=\/wp\/v2\/types\/post"}],"author":[{"embeddable":true,"href":"https:\/\/www.rcg.com.tr\/index.php?rest_route=\/wp\/v2\/users\/5"}],"replies":[{"embeddable":true,"href":"https:\/\/www.rcg.com.tr\/index.php?rest_route=%2Fwp%2Fv2%2Fcomments&post=3161"}],"version-history":[{"count":1,"href":"https:\/\/www.rcg.com.tr\/index.php?rest_route=\/wp\/v2\/posts\/3161\/revisions"}],"predecessor-version":[{"id":3162,"href":"https:\/\/www.rcg.com.tr\/index.php?rest_route=\/wp\/v2\/posts\/3161\/revisions\/3162"}],"wp:attachment":[{"href":"https:\/\/www.rcg.com.tr\/index.php?rest_route=%2Fwp%2Fv2%2Fmedia&parent=3161"}],"wp:term":[{"taxonomy":"category","embeddable":true,"href":"https:\/\/www.rcg.com.tr\/index.php?rest_route=%2Fwp%2Fv2%2Fcategories&post=3161"},{"taxonomy":"post_tag","embeddable":true,"href":"https:\/\/www.rcg.com.tr\/index.php?rest_route=%2Fwp%2Fv2%2Ftags&post=3161"}],"curies":[{"name":"wp","href":"https:\/\/api.w.org\/{rel}","templated":true}]}}