{"id":3159,"date":"2015-06-23T08:50:05","date_gmt":"2015-06-23T05:50:05","guid":{"rendered":"http:\/\/rcg.com.tr\/?p=3159"},"modified":"2015-06-23T08:50:05","modified_gmt":"2015-06-23T05:50:05","slug":"elektronik-defter-e-defter-uygulamasina-dahil-olan-mukelleflerimizce-30-nisan-2015-gunu-sonuna-kadar-olusturulmasi-ve-imzalanmasi-gereken-e-defterlerin-olusturma-ve-imzalanma-islemleri-29-mayis-201","status":"publish","type":"post","link":"https:\/\/www.rcg.com.tr\/?p=3159","title":{"rendered":"Elektronik Defter (e-Defter) Uygulamas\u0131na Dahil Olan M\u00fckelleflerimizce 30 Nisan 2015 G\u00fcn\u00fc Sonuna Kadar Olu\u015fturulmas\u0131 ve \u0130mzalanmas\u0131 Gereken e-Defterlerin, Olu\u015fturma ve \u0130mzalanma \u0130\u015flemleri 29 May\u0131s 2015 Cuma G\u00fcn\u00fc Sonuna Kadar Uzat\u0131lm\u0131\u015ft\u0131r. &#8211; 30.04.2015"},"content":{"rendered":"<p><strong>Elektronik Defter (e-Defter) Uygulamas\u0131na Dahil Olan M\u00fckelleflerimizce 30 Nisan 2015 G\u00fcn\u00fc Sonuna Kadar Olu\u015fturulmas\u0131 ve \u0130mzalanmas\u0131 Gereken e-Defterlerin, Olu\u015fturma ve \u0130mzalanma \u0130\u015flemleri 29 May\u0131s 2015 Cuma G\u00fcn\u00fc Sonuna Kadar Uzat\u0131lm\u0131\u015ft\u0131r. &#8211; 30.04.2015<\/strong><\/p>\n<p>&nbsp;<\/p>\n<table border=\"0\" width=\"670\" cellspacing=\"0\" cellpadding=\"0\">\n<tbody>\n<tr valign=\"top\">\n<td width=\"76\"><b>Tarih<\/b><\/td>\n<td width=\"574\">30\/04\/2015<\/td>\n<\/tr>\n<tr valign=\"top\">\n<td width=\"76\"><b>Say\u0131<\/b><\/td>\n<td width=\"574\">VUK-77 \/ 2015-7<\/td>\n<\/tr>\n<tr valign=\"top\">\n<td width=\"76\"><b>Kapsam<\/b><\/td>\n<td width=\"574\"><img loading=\"lazy\" decoding=\"async\" src=\"http:\/\/www.gib.gov.tr\/icons\/ecblank.gif\" alt=\"\" width=\"1\" height=\"1\" border=\"0\" \/><\/td>\n<\/tr>\n<tr valign=\"top\">\n<td colspan=\"2\" width=\"630\">\n<div id=\"mevzuatcontent\">\n<p align=\"center\"><strong>T.C.<\/strong><\/p>\n<p align=\"center\"><strong>MAL\u0130YE BAKANLI\u011eI<\/strong><\/p>\n<p align=\"center\"><strong>Gelir \u0130daresi Ba\u015fkanl\u0131\u011f\u0131<\/strong><\/p>\n<p>&nbsp;<\/p>\n<p align=\"center\"><strong>VERG\u0130 USUL KANUNU S\u0130RK\u00dcLER\u0130\/77<\/strong><\/p>\n<p>&nbsp;<\/p>\n<p><strong>Konusu<\/strong>: Elektronik defter (e-Defter) uygulamas\u0131na dahil olan m\u00fckelleflerimizce\u00a0\u00a030 Nisan 2015 g\u00fcn\u00fc sonuna kadar tamamlanmas\u0131 gereken &#8220;e-Defterlerin olu\u015fturulmas\u0131 ve imzalanmas\u0131&#8221; i\u015flemlerinin yerine getirilme s\u00fcresinin uzat\u0131lmas\u0131.<\/p>\n<p><strong>Tarihi<\/strong>\u00a0: 30\/04\/2015<\/p>\n<p><strong>Say\u0131s\u0131<\/strong>\u00a0 : VUK-77 \/ 2015-7<\/p>\n<p>&nbsp;<\/p>\n<p><strong>1. Giri\u015f:<\/strong><\/p>\n<p>Bilindi\u011fi \u00fczere 22\/04\/2015 tarih ve VUK-75 \/ 2015-5 say\u0131l\u0131 Vergi Usul Kanunu Sirk\u00fcleri ile 30 Nisan 2015 tarihine kadar Elektronik Defter Uygulamas\u0131 arac\u0131l\u0131\u011f\u0131 ile Ba\u015fkanl\u0131\u011f\u0131m\u0131z Bilgi \u0130\u015flem Sistemine y\u00fcklenilmesi gereken elektronik defter beratlar\u0131n\u0131n y\u00fcklenme s\u00fcresi 29\/05\/2015 Cuma g\u00fcn\u00fc sonuna kadar uzat\u0131lm\u0131\u015ft\u0131.<\/p>\n<p>Bakanl\u0131\u011f\u0131m\u0131za iletilen talepler \u00fczerine,\u00a0 Nisan ay\u0131n\u0131n hem e-Defter uygulama i\u015flemlerinin yo\u011funla\u015ft\u0131\u011f\u0131 ilk ay hem de meslek mensuplar\u0131nca haz\u0131rlanmas\u0131 gereken beyan ve bildirimler a\u00e7\u0131s\u0131ndan yo\u011fun bir ay olmas\u0131 nedeniyle Vergi Usul Kanununun m\u00fckerrer 242 nci maddesindeki yetkiye dayan\u0131larak; 30 Nisan 2015 g\u00fcn\u00fc sonuna kadar olu\u015fturulmas\u0131 ve imzalanmas\u0131 gereken e-Defterlerin olu\u015fturulmas\u0131 ve imzalanmas\u0131 i\u015flemlerinin yerine getirilme s\u00fcresinin uzat\u0131lmas\u0131 bu sirk\u00fclerin konusunu olu\u015fturmaktad\u0131r.<\/p>\n<p><strong>2. Elektronik Defterlerin Olu\u015fturulma ve \u0130mzalanma S\u00fcresinin Uzat\u0131lmas\u0131:<\/strong><\/p>\n<p>30 Nisan 2015 g\u00fcn\u00fc sonuna kadar olu\u015fturulmas\u0131 ve imzalanmas\u0131 gereken e-Defterlerin olu\u015fturulma ve imzalanma s\u00fcresi, birinci b\u00f6l\u00fcmde belirtilen durumlar ve yetki \u00e7er\u00e7evesinde; 29 May\u0131s 2015 Cuma g\u00fcn\u00fc sonuna kadar uzat\u0131lm\u0131\u015ft\u0131r.<\/p>\n<p>Duyurulur.<\/p>\n<p>&nbsp;<\/p>\n<table border=\"0\" cellspacing=\"0\" cellpadding=\"0\">\n<tbody>\n<tr>\n<td valign=\"top\" width=\"205\">&nbsp;<\/td>\n<td valign=\"top\" width=\"205\">&nbsp;<\/td>\n<td valign=\"top\" width=\"205\">\n<p align=\"center\"><strong>Adnan ERT\u00dcRK<\/strong><\/p>\n<\/td>\n<\/tr>\n<tr>\n<td valign=\"top\" width=\"205\">&nbsp;<\/td>\n<td valign=\"top\" width=\"205\">&nbsp;<\/td>\n<td valign=\"top\" width=\"205\">\n<p align=\"center\"><strong>Gelir \u0130daresi Ba\u015fkan\u0131<\/strong><\/p>\n<\/td>\n<\/tr>\n<\/tbody>\n<\/table>\n<\/div>\n<\/td>\n<\/tr>\n<\/tbody>\n<\/table>\n","protected":false},"excerpt":{"rendered":"<p>Elektronik Defter (e-Defter) Uygulamas\u0131na Dahil Olan M\u00fckelleflerimizce 30 Nisan 2015 G\u00fcn\u00fc Sonuna Kadar Olu\u015fturulmas\u0131 ve \u0130mzalanmas\u0131 Gereken e-Defterlerin, Olu\u015fturma ve \u0130mzalanma \u0130\u015flemleri 29 May\u0131s 2015 Cuma G\u00fcn\u00fc Sonuna Kadar Uzat\u0131lm\u0131\u015ft\u0131r. &#8211; 30.04.2015 &nbsp; Tarih 30\/04\/2015 Say\u0131 VUK-77 \/ 2015-7 Kapsam T.C. MAL\u0130YE BAKANLI\u011eI Gelir \u0130daresi Ba\u015fkanl\u0131\u011f\u0131 &nbsp; VERG\u0130 USUL KANUNU S\u0130RK\u00dcLER\u0130\/77 &nbsp; Konusu: Elektronik defter [&hellip;]<\/p>\n","protected":false},"author":5,"featured_media":0,"comment_status":"closed","ping_status":"closed","sticky":false,"template":"","format":"standard","meta":{"footnotes":""},"categories":[1],"tags":[],"class_list":{"0":"post-3159","1":"post","2":"type-post","3":"status-publish","4":"format-standard","6":"category-genel"},"_links":{"self":[{"href":"https:\/\/www.rcg.com.tr\/index.php?rest_route=\/wp\/v2\/posts\/3159"}],"collection":[{"href":"https:\/\/www.rcg.com.tr\/index.php?rest_route=\/wp\/v2\/posts"}],"about":[{"href":"https:\/\/www.rcg.com.tr\/index.php?rest_route=\/wp\/v2\/types\/post"}],"author":[{"embeddable":true,"href":"https:\/\/www.rcg.com.tr\/index.php?rest_route=\/wp\/v2\/users\/5"}],"replies":[{"embeddable":true,"href":"https:\/\/www.rcg.com.tr\/index.php?rest_route=%2Fwp%2Fv2%2Fcomments&post=3159"}],"version-history":[{"count":1,"href":"https:\/\/www.rcg.com.tr\/index.php?rest_route=\/wp\/v2\/posts\/3159\/revisions"}],"predecessor-version":[{"id":3160,"href":"https:\/\/www.rcg.com.tr\/index.php?rest_route=\/wp\/v2\/posts\/3159\/revisions\/3160"}],"wp:attachment":[{"href":"https:\/\/www.rcg.com.tr\/index.php?rest_route=%2Fwp%2Fv2%2Fmedia&parent=3159"}],"wp:term":[{"taxonomy":"category","embeddable":true,"href":"https:\/\/www.rcg.com.tr\/index.php?rest_route=%2Fwp%2Fv2%2Fcategories&post=3159"},{"taxonomy":"post_tag","embeddable":true,"href":"https:\/\/www.rcg.com.tr\/index.php?rest_route=%2Fwp%2Fv2%2Ftags&post=3159"}],"curies":[{"name":"wp","href":"https:\/\/api.w.org\/{rel}","templated":true}]}}