{"id":3157,"date":"2015-06-23T08:48:53","date_gmt":"2015-06-23T05:48:53","guid":{"rendered":"http:\/\/rcg.com.tr\/?p=3157"},"modified":"2015-06-23T08:48:53","modified_gmt":"2015-06-23T05:48:53","slug":"kurumlar-vergisi-beyannamelerinin-verilme-sureleri-30-nisan-2015-persembe-gunu-sonuna-kadar-uzatilmistir-24-04-2015","status":"publish","type":"post","link":"https:\/\/www.rcg.com.tr\/?p=3157","title":{"rendered":"Kurumlar Vergisi Beyannamelerinin Verilme S\u00fcreleri 30 Nisan 2015 Per\u015fembe G\u00fcn\u00fc Sonuna Kadar Uzat\u0131lm\u0131\u015ft\u0131r. &#8211; 24.04.2015"},"content":{"rendered":"<p><strong>Kurumlar Vergisi Beyannamelerinin Verilme S\u00fcreleri 30 Nisan 2015 Per\u015fembe G\u00fcn\u00fc Sonuna Kadar Uzat\u0131lm\u0131\u015ft\u0131r. &#8211; 24.04.2015<\/strong><\/p>\n<p>&nbsp;<\/p>\n<table border=\"0\" width=\"670\" cellspacing=\"0\" cellpadding=\"0\">\n<tbody>\n<tr valign=\"top\">\n<td width=\"76\"><b>Tarih<\/b><\/td>\n<td width=\"574\">24\/04\/2015<\/td>\n<\/tr>\n<tr valign=\"top\">\n<td width=\"76\"><b>Say\u0131<\/b><\/td>\n<td width=\"574\">VUK-76 \/ 2015-6<\/td>\n<\/tr>\n<tr valign=\"top\">\n<td width=\"76\"><b>Kapsam<\/b><\/td>\n<td width=\"574\"><img loading=\"lazy\" decoding=\"async\" src=\"http:\/\/www.gib.gov.tr\/icons\/ecblank.gif\" alt=\"\" width=\"1\" height=\"1\" border=\"0\" \/><\/td>\n<\/tr>\n<tr valign=\"top\">\n<td colspan=\"2\" width=\"630\">\n<div id=\"mevzuatcontent\">\n<p align=\"center\"><strong>T.C.<\/strong><\/p>\n<p align=\"center\"><strong>MAL\u0130YE BAKANLI\u011eI<\/strong><\/p>\n<p align=\"center\"><strong>Gelir \u0130daresi Ba\u015fkanl\u0131\u011f\u0131<\/strong><\/p>\n<p>&nbsp;<\/p>\n<p align=\"center\"><strong>VERG\u0130 USUL KANUNU S\u0130RK\u00dcLER\u0130\/76<\/strong><\/p>\n<p>&nbsp;<\/p>\n<p><strong>Konusu<\/strong>: 2014 Hesap D\u00f6nemine Ait Kurumlar Vergisi Beyannamelerinin Verilme S\u00fcresinin Uzat\u0131lmas\u0131.<\/p>\n<p><strong>Tarihi<\/strong>\u00a0: 24\/04\/2015<\/p>\n<p><strong>Say\u0131s\u0131<\/strong>\u00a0 : VUK-76 \/ 2015-6<\/p>\n<p>&nbsp;<\/p>\n<p>&nbsp;<\/p>\n<p><strong>1. Giri\u015f:<\/strong><\/p>\n<p align=\"justify\">Bakanl\u0131\u011f\u0131m\u0131za gelen yo\u011fun talep nedeniyle, 213 say\u0131l\u0131 Vergi Usul Kanununun m\u00fckerrer 28 inci maddesindeki yetkiye dayan\u0131larak; 2014 hesap d\u00f6nemine ait Kurumlar Vergisi Beyannamelerinin verilme s\u00fcresinin uzat\u0131lmas\u0131 bu sirk\u00fclerin konusunu olu\u015fturmaktad\u0131r.<\/p>\n<p align=\"justify\"><strong>2. Kurumlar Vergisi Beyannamelerinin Verilme S\u00fcresinin Uzat\u0131lmas\u0131:<\/strong><\/p>\n<p align=\"justify\">2014 hesap d\u00f6nemine ait Kurumlar Vergisi Beyannamelerinin verilme s\u00fcreleri 30 Nisan 2015 Per\u015fembe g\u00fcn\u00fc sonuna kadar uzat\u0131lm\u0131\u015ft\u0131r.<\/p>\n<p align=\"justify\">Duyurulur.<\/p>\n<p>&nbsp;<\/p>\n<p>&nbsp;<\/p>\n<p>&nbsp;<\/p>\n<p>&nbsp;<\/p>\n<p><strong>\u00a0\u00a0 Adnan ERT\u00dcRK<\/strong><\/p>\n<p><strong>Gelir \u0130daresi Ba\u015fkan\u0131<\/strong><\/p>\n<\/div>\n<\/td>\n<\/tr>\n<\/tbody>\n<\/table>\n","protected":false},"excerpt":{"rendered":"<p>Kurumlar Vergisi Beyannamelerinin Verilme S\u00fcreleri 30 Nisan 2015 Per\u015fembe G\u00fcn\u00fc Sonuna Kadar Uzat\u0131lm\u0131\u015ft\u0131r. &#8211; 24.04.2015 &nbsp; Tarih 24\/04\/2015 Say\u0131 VUK-76 \/ 2015-6 Kapsam T.C. MAL\u0130YE BAKANLI\u011eI Gelir \u0130daresi Ba\u015fkanl\u0131\u011f\u0131 &nbsp; VERG\u0130 USUL KANUNU S\u0130RK\u00dcLER\u0130\/76 &nbsp; Konusu: 2014 Hesap D\u00f6nemine Ait Kurumlar Vergisi Beyannamelerinin Verilme S\u00fcresinin Uzat\u0131lmas\u0131. Tarihi\u00a0: 24\/04\/2015 Say\u0131s\u0131\u00a0 : VUK-76 \/ 2015-6 &nbsp; &nbsp; [&hellip;]<\/p>\n","protected":false},"author":5,"featured_media":0,"comment_status":"closed","ping_status":"closed","sticky":false,"template":"","format":"standard","meta":{"footnotes":""},"categories":[1],"tags":[],"class_list":{"0":"post-3157","1":"post","2":"type-post","3":"status-publish","4":"format-standard","6":"category-genel"},"_links":{"self":[{"href":"https:\/\/www.rcg.com.tr\/index.php?rest_route=\/wp\/v2\/posts\/3157"}],"collection":[{"href":"https:\/\/www.rcg.com.tr\/index.php?rest_route=\/wp\/v2\/posts"}],"about":[{"href":"https:\/\/www.rcg.com.tr\/index.php?rest_route=\/wp\/v2\/types\/post"}],"author":[{"embeddable":true,"href":"https:\/\/www.rcg.com.tr\/index.php?rest_route=\/wp\/v2\/users\/5"}],"replies":[{"embeddable":true,"href":"https:\/\/www.rcg.com.tr\/index.php?rest_route=%2Fwp%2Fv2%2Fcomments&post=3157"}],"version-history":[{"count":1,"href":"https:\/\/www.rcg.com.tr\/index.php?rest_route=\/wp\/v2\/posts\/3157\/revisions"}],"predecessor-version":[{"id":3158,"href":"https:\/\/www.rcg.com.tr\/index.php?rest_route=\/wp\/v2\/posts\/3157\/revisions\/3158"}],"wp:attachment":[{"href":"https:\/\/www.rcg.com.tr\/index.php?rest_route=%2Fwp%2Fv2%2Fmedia&parent=3157"}],"wp:term":[{"taxonomy":"category","embeddable":true,"href":"https:\/\/www.rcg.com.tr\/index.php?rest_route=%2Fwp%2Fv2%2Fcategories&post=3157"},{"taxonomy":"post_tag","embeddable":true,"href":"https:\/\/www.rcg.com.tr\/index.php?rest_route=%2Fwp%2Fv2%2Ftags&post=3157"}],"curies":[{"name":"wp","href":"https:\/\/api.w.org\/{rel}","templated":true}]}}