{"id":3134,"date":"2015-04-13T10:10:11","date_gmt":"2015-04-13T07:10:11","guid":{"rendered":"http:\/\/rcg.com.tr\/?p=3134"},"modified":"2015-04-13T10:10:11","modified_gmt":"2015-04-13T07:10:11","slug":"yatirimlarda-devlet-yardimlari-hakkinda-kararda-degisiklik-yapilmasina-dair-karar-08-04-2015","status":"publish","type":"post","link":"https:\/\/www.rcg.com.tr\/?p=3134","title":{"rendered":"Yat\u0131r\u0131mlarda Devlet Yard\u0131mlar\u0131 Hakk\u0131nda Kararda De\u011fi\u015fiklik Yap\u0131lmas\u0131na Dair Karar &#8211; 08.04.2015"},"content":{"rendered":"<p>Yat\u0131r\u0131mlarda Devlet Yard\u0131mlar\u0131 Hakk\u0131nda Kararda De\u011fi\u015fiklik Yap\u0131lmas\u0131na Dair Karar &#8211; 08.04.2015<br \/>\n8 Nisan 2015 \u00c7AR\u015eAMBA<\/p>\n<p>Resm\u00ee Gazete<\/p>\n<p>Say\u0131 : 29320<\/p>\n<p>BAKANLAR KURULU KARARI<\/p>\n<p>Karar Say\u0131s\u0131 : 2015\/7496<\/p>\n<p>Ekli \u201cYat\u0131r\u0131mlarda Devlet Yard\u0131mlar\u0131 Hakk\u0131nda Kararda De\u011fi\u015fiklik Yap\u0131lmas\u0131na Dair Karar\u201d\u0131n y\u00fcr\u00fcrl\u00fc\u011fe konulmas\u0131; Ekonomi Bakanl\u0131\u011f\u0131n\u0131n 9\/2\/2015 tarihli ve 16845 say\u0131l\u0131 yaz\u0131s\u0131 \u00fczerine, 14\/5\/1964 tarihli ve 474 say\u0131l\u0131 Kanunun 2 nci, 25\/10\/1984 tarihli ve 3065 say\u0131l\u0131 Kanunun 13 \u00fcnc\u00fc ve ge\u00e7ici 30 uncu, 29\/6\/2001 tarihli ve 4706 say\u0131l\u0131 Kanunun ek 3 \u00fcnc\u00fc, 31\/5\/2006 tarihli ve 5510 say\u0131l\u0131 Kanunun ek 2 nci, 3\/6\/2011 tarihli ve 637 say\u0131l\u0131 Kanun H\u00fckm\u00fcnde Kararnamenin 11 inci ve 26 nc\u0131 maddeleri ile 13\/6\/2006 tarihli ve 5520 say\u0131l\u0131 Kanunun 32\/A maddesine g\u00f6re, Bakanlar Kurulu\u2019nca 16\/3\/2015 tarihinde kararla\u015ft\u0131r\u0131lm\u0131\u015ft\u0131r.<\/p>\n<p>                                                                                                                            Recep Tayyip ERDO\u011eAN<\/p>\n<p>                                                                                                                                CUMHURBA\u015eKANI<\/p>\n<p>    Ahmet DAVUTO\u011eLU<\/p>\n<p>                    Ba\u015fbakan<\/p>\n<p>                     B. ARIN\u00c7                                                   A. BABACAN                                           Y. AKDO\u011eAN                                                 N. AVCI<\/p>\n<p>          Ba\u015fbakan Yard\u0131mc\u0131s\u0131                                  Ba\u015fbakan Yard\u0131mc\u0131s\u0131                               Ba\u015fbakan Yard\u0131mc\u0131s\u0131                             Ba\u015fbakan Yard\u0131mc\u0131s\u0131 V.<\/p>\n<p>                       K. \u0130PEK                                                         A. \u0130SLAM                                                   V. BOZKIR                                                      F. I\u015eIK<\/p>\n<p>                 Adalet Bakan\u0131                             Aile ve Sosyal Politikalar Bakan\u0131                   Avrupa Birli\u011fi Bakan\u0131                  Bilim, Sanayi ve Teknoloji Bakan\u0131<\/p>\n<p>                      F. \u00c7EL\u0130K                                                     \u0130. G\u00dcLL\u00dcCE                                                A. \u00c7. KILI\u00c7                                               N. ZEYBEKC\u0130<\/p>\n<p>\u00c7al\u0131\u015fma ve Sosyal G\u00fcvenlik Bakan\u0131           \u00c7evre ve \u015eehircilik Bakan\u0131                            D\u0131\u015fi\u015fleri Bakan\u0131 V.                                      Ekonomi Bakan\u0131<\/p>\n<p>                     T. YILDIZ                                                      A. \u00c7. KILI\u00c7                                                 M. M. EKER                                               N. CAN\u0130KL\u0130<\/p>\n<p>Enerji ve Tabii Kaynaklar Bakan\u0131                   Gen\u00e7lik ve Spor Bakan\u0131                G\u0131da, Tar\u0131m ve Hayvanc\u0131l\u0131k Bakan\u0131             G\u00fcmr\u00fck ve Ticaret Bakan\u0131<\/p>\n<p>                   S. \u00d6ZT\u00dcRK                                                    C. YILMAZ                                                   \u00d6. \u00c7EL\u0130K                                                   M. \u015e\u0130M\u015eEK<\/p>\n<p>                 \u0130\u00e7i\u015fleri Bakan\u0131                                             Kalk\u0131nma Bakan\u0131                                K\u00fclt\u00fcr ve Turizm Bakan\u0131                                  Maliye Bakan\u0131<\/p>\n<p>                                                             N. AVCI                                                     \u0130. YILMAZ                                                       V. ERO\u011eLU<\/p>\n<p>                                                   Mill\u00ee E\u011fitim Bakan\u0131                               Mill\u00ee Savunma Bakan\u0131                                Orman ve Su \u0130\u015fleri Bakan\u0131<\/p>\n<p>                                                              M. M\u00dcEZZ\u0130NO\u011eLU                                                                                    F. B\u0130LG\u0130N<\/p>\n<p>                                                                     Sa\u011fl\u0131k Bakan\u0131                                                          Ula\u015ft\u0131rma, Denizcilik ve Haberle\u015fme Bakan\u0131<\/p>\n<p>Karar\u0131 g\u00f6rmek i\u00e7in t\u0131klay\u0131n\u0131z.<\/p>\n","protected":false},"excerpt":{"rendered":"<p>Yat\u0131r\u0131mlarda Devlet Yard\u0131mlar\u0131 Hakk\u0131nda Kararda De\u011fi\u015fiklik Yap\u0131lmas\u0131na Dair Karar &#8211; 08.04.2015 8 Nisan 2015 \u00c7AR\u015eAMBA Resm\u00ee Gazete Say\u0131 : 29320 BAKANLAR KURULU KARARI Karar Say\u0131s\u0131 : 2015\/7496 Ekli \u201cYat\u0131r\u0131mlarda Devlet Yard\u0131mlar\u0131 Hakk\u0131nda Kararda De\u011fi\u015fiklik Yap\u0131lmas\u0131na Dair Karar\u201d\u0131n y\u00fcr\u00fcrl\u00fc\u011fe konulmas\u0131; Ekonomi Bakanl\u0131\u011f\u0131n\u0131n 9\/2\/2015 tarihli ve 16845 say\u0131l\u0131 yaz\u0131s\u0131 \u00fczerine, 14\/5\/1964 tarihli ve 474 say\u0131l\u0131 Kanunun 2 [&hellip;]<\/p>\n","protected":false},"author":5,"featured_media":0,"comment_status":"closed","ping_status":"closed","sticky":false,"template":"","format":"standard","meta":{"footnotes":""},"categories":[1],"tags":[],"class_list":{"0":"post-3134","1":"post","2":"type-post","3":"status-publish","4":"format-standard","6":"category-genel"},"_links":{"self":[{"href":"https:\/\/www.rcg.com.tr\/index.php?rest_route=\/wp\/v2\/posts\/3134"}],"collection":[{"href":"https:\/\/www.rcg.com.tr\/index.php?rest_route=\/wp\/v2\/posts"}],"about":[{"href":"https:\/\/www.rcg.com.tr\/index.php?rest_route=\/wp\/v2\/types\/post"}],"author":[{"embeddable":true,"href":"https:\/\/www.rcg.com.tr\/index.php?rest_route=\/wp\/v2\/users\/5"}],"replies":[{"embeddable":true,"href":"https:\/\/www.rcg.com.tr\/index.php?rest_route=%2Fwp%2Fv2%2Fcomments&post=3134"}],"version-history":[{"count":1,"href":"https:\/\/www.rcg.com.tr\/index.php?rest_route=\/wp\/v2\/posts\/3134\/revisions"}],"predecessor-version":[{"id":3135,"href":"https:\/\/www.rcg.com.tr\/index.php?rest_route=\/wp\/v2\/posts\/3134\/revisions\/3135"}],"wp:attachment":[{"href":"https:\/\/www.rcg.com.tr\/index.php?rest_route=%2Fwp%2Fv2%2Fmedia&parent=3134"}],"wp:term":[{"taxonomy":"category","embeddable":true,"href":"https:\/\/www.rcg.com.tr\/index.php?rest_route=%2Fwp%2Fv2%2Fcategories&post=3134"},{"taxonomy":"post_tag","embeddable":true,"href":"https:\/\/www.rcg.com.tr\/index.php?rest_route=%2Fwp%2Fv2%2Ftags&post=3134"}],"curies":[{"name":"wp","href":"https:\/\/api.w.org\/{rel}","templated":true}]}}