{"id":3123,"date":"2015-04-01T09:27:26","date_gmt":"2015-04-01T06:27:26","guid":{"rendered":"http:\/\/rcg.com.tr\/?p=3123"},"modified":"2015-04-01T09:27:26","modified_gmt":"2015-04-01T06:27:26","slug":"2014-yilina-iliskin-bilanco-esasina-gore-defter-tutan-gelir-vergisi-mukellefleri-icin-kesin-mizan-bildirimi-nin-verilme-suresi-ile-elektronik-defter-uygulamasi-kapsaminda-31-mart-2015-tari","status":"publish","type":"post","link":"https:\/\/www.rcg.com.tr\/?p=3123","title":{"rendered":"2014 y\u0131l\u0131na ili\u015fkin bilan\u00e7o esas\u0131na g\u00f6re defter tutan gelir vergisi m\u00fckellefleri i\u00e7in &#8216; Kesin Mizan Bildirimi &#8216; nin verilme s\u00fcresi ile &#8216; Elektronik Defter &#8216; uygulamas\u0131 kapsam\u0131nda 31 Mart 2015 tarihine kadar Gelir \u0130daresi Ba\u015fkanl\u0131\u011f\u0131 Bilgi \u0130\u015flem Sistemine y\u00fcklenmesi gereken &#8216; Elektronik Defter Beratlar\u0131 &#8216;n\u0131n y\u00fcklenme s\u00fcresinin uzat\u0131lmas\u0131."},"content":{"rendered":"<p>2014 y\u0131l\u0131na ili\u015fkin bilan\u00e7o esas\u0131na g\u00f6re defter tutan gelir vergisi m\u00fckellefleri i\u00e7in &#8216; Kesin Mizan Bildirimi &#8216; nin verilme s\u00fcresi ile &#8216; Elektronik Defter &#8216; uygulamas\u0131 kapsam\u0131nda 31 Mart 2015 tarihine kadar Gelir \u0130daresi Ba\u015fkanl\u0131\u011f\u0131 Bilgi \u0130\u015flem Sistemine y\u00fcklenmesi gereken &#8216; Elektronik Defter Beratlar\u0131 &#8216;n\u0131n y\u00fcklenme s\u00fcresinin uzat\u0131lmas\u0131.<\/p>\n<p>Tarih\t31\/03\/2015<br \/>\nSay\u0131\tVUK-74 \/ 2015-4<br \/>\nKapsam\t<\/p>\n<p>T.C.<\/p>\n<p>MAL\u0130YE BAKANLI\u011eI<\/p>\n<p>Gelir \u0130daresi Ba\u015fkanl\u0131\u011f\u0131<\/p>\n<p>VERG\u0130 USUL KANUNU S\u0130RK\u00dcLER\u0130\/74<\/p>\n<p>Konusu: 2014 y\u0131l\u0131na ili\u015fkin bilan\u00e7o esas\u0131na g\u00f6re defter tutan gelir vergisi m\u00fckellefleri i\u00e7in &#8220;Kesin Mizan Bildirimi&#8221;nin verilme s\u00fcresi ile &#8220;Elektronik Defter&#8221; uygulamas\u0131 kapsam\u0131nda 31 Mart 2015 tarihine kadar Gelir \u0130daresi Ba\u015fkanl\u0131\u011f\u0131 Bilgi \u0130\u015flem Sistemine y\u00fcklenmesi gereken &#8220;Elektronik Defter Beratlar\u0131&#8221;n\u0131n y\u00fcklenme s\u00fcresinin uzat\u0131lmas\u0131.<\/p>\n<p>Tarihi : 31\/03\/2015<\/p>\n<p>Say\u0131s\u0131  : VUK-74 \/ 2015-4<\/p>\n<p>1. Giri\u015f:<\/p>\n<p>\u00dclke genelinde ya\u015fanan elektrik kesintisi nedeniyle, 213 say\u0131l\u0131 Vergi Usul Kanununun m\u00fckerrer 28 inci maddesindeki yetkiye dayan\u0131larak; 2014 y\u0131l\u0131na ili\u015fkin bilan\u00e7o esas\u0131na g\u00f6re defter tutan gelir vergisi m\u00fckellefleri i\u00e7in &#8220;Kesin Mizan Bildirimi&#8221;nin verilme s\u00fcresi ile &#8220;Elektronik Defter&#8221; uygulamas\u0131 kapsam\u0131nda 31 Mart 2015 tarihine kadar Gelir \u0130daresi Ba\u015fkanl\u0131\u011f\u0131 Bilgi \u0130\u015flem Sistemine y\u00fcklenmesi gereken &#8220;Elektronik Defter Beratlar\u0131&#8221;n\u0131n y\u00fcklenme s\u00fcresinin uzat\u0131lmas\u0131 bu sirk\u00fclerin konusunu olu\u015fturmaktad\u0131r.<\/p>\n<p>2. Kesin Mizan Bildiriminin Verilme S\u00fcresinin Uzat\u0131lmas\u0131:<\/p>\n<p>31 Mart 2015 g\u00fcn\u00fc sonuna kadar verilmesi gereken 2014 y\u0131l\u0131na ili\u015fkin bilan\u00e7o esas\u0131na g\u00f6re defter tutan gelir vergisi m\u00fckellefleri i\u00e7in &#8220;Kesin Mizan Bildirimi&#8221;nin verilme s\u00fcresi 2 Nisan 2015 Per\u015fembe g\u00fcn\u00fc sonuna kadar uzat\u0131lm\u0131\u015ft\u0131r.<\/p>\n<p>3. Elektronik Defter Beratlar\u0131n\u0131n Y\u00fcklenme S\u00fcresinin Uzat\u0131lmas\u0131:<\/p>\n<p>31 Mart 2015 g\u00fcn\u00fc sonuna kadar Gelir \u0130daresi Ba\u015fkanl\u0131\u011f\u0131 Bilgi \u0130\u015flem Sistemine y\u00fcklenmesi gereken &#8220;Elektronik Defter Beratlar\u0131&#8221;n\u0131n y\u00fcklenme s\u00fcresi 2 Nisan 2015 Per\u015fembe g\u00fcn\u00fc sonuna kadar uzat\u0131lm\u0131\u015ft\u0131r.<\/p>\n<p>Duyurulur.<\/p>\n<p>   Adnan ERT\u00dcRK<\/p>\n<p>Gelir \u0130daresi Ba\u015fkan\u0131<\/p>\n","protected":false},"excerpt":{"rendered":"<p>2014 y\u0131l\u0131na ili\u015fkin bilan\u00e7o esas\u0131na g\u00f6re defter tutan gelir vergisi m\u00fckellefleri i\u00e7in &#8216; Kesin Mizan Bildirimi &#8216; nin verilme s\u00fcresi ile &#8216; Elektronik Defter &#8216; uygulamas\u0131 kapsam\u0131nda 31 Mart 2015 tarihine kadar Gelir \u0130daresi Ba\u015fkanl\u0131\u011f\u0131 Bilgi \u0130\u015flem Sistemine y\u00fcklenmesi gereken &#8216; Elektronik Defter Beratlar\u0131 &#8216;n\u0131n y\u00fcklenme s\u00fcresinin uzat\u0131lmas\u0131. Tarih 31\/03\/2015 Say\u0131 VUK-74 \/ 2015-4 Kapsam [&hellip;]<\/p>\n","protected":false},"author":5,"featured_media":0,"comment_status":"closed","ping_status":"closed","sticky":false,"template":"","format":"standard","meta":{"footnotes":""},"categories":[1],"tags":[],"class_list":{"0":"post-3123","1":"post","2":"type-post","3":"status-publish","4":"format-standard","6":"category-genel"},"_links":{"self":[{"href":"https:\/\/www.rcg.com.tr\/index.php?rest_route=\/wp\/v2\/posts\/3123"}],"collection":[{"href":"https:\/\/www.rcg.com.tr\/index.php?rest_route=\/wp\/v2\/posts"}],"about":[{"href":"https:\/\/www.rcg.com.tr\/index.php?rest_route=\/wp\/v2\/types\/post"}],"author":[{"embeddable":true,"href":"https:\/\/www.rcg.com.tr\/index.php?rest_route=\/wp\/v2\/users\/5"}],"replies":[{"embeddable":true,"href":"https:\/\/www.rcg.com.tr\/index.php?rest_route=%2Fwp%2Fv2%2Fcomments&post=3123"}],"version-history":[{"count":1,"href":"https:\/\/www.rcg.com.tr\/index.php?rest_route=\/wp\/v2\/posts\/3123\/revisions"}],"predecessor-version":[{"id":3124,"href":"https:\/\/www.rcg.com.tr\/index.php?rest_route=\/wp\/v2\/posts\/3123\/revisions\/3124"}],"wp:attachment":[{"href":"https:\/\/www.rcg.com.tr\/index.php?rest_route=%2Fwp%2Fv2%2Fmedia&parent=3123"}],"wp:term":[{"taxonomy":"category","embeddable":true,"href":"https:\/\/www.rcg.com.tr\/index.php?rest_route=%2Fwp%2Fv2%2Fcategories&post=3123"},{"taxonomy":"post_tag","embeddable":true,"href":"https:\/\/www.rcg.com.tr\/index.php?rest_route=%2Fwp%2Fv2%2Ftags&post=3123"}],"curies":[{"name":"wp","href":"https:\/\/api.w.org\/{rel}","templated":true}]}}