{"id":3104,"date":"2015-01-02T10:02:58","date_gmt":"2015-01-02T08:02:58","guid":{"rendered":"http:\/\/rcg.com.tr\/?p=3104"},"modified":"2015-01-02T10:02:58","modified_gmt":"2015-01-02T08:02:58","slug":"bazi-mallara-uygulanacak-tutun-fonu-tutarlarinin-belirlenmesine-dair-kararda-degisiklik-yapilmasi-hakkinda-karar-01-01-2015","status":"publish","type":"post","link":"https:\/\/www.rcg.com.tr\/?p=3104","title":{"rendered":"Baz\u0131 Mallara Uygulanacak T\u00fct\u00fcn Fonu Tutarlar\u0131n\u0131n Belirlenmesine Dair Kararda De\u011fi\u015fiklik Yap\u0131lmas\u0131 Hakk\u0131nda Karar &#8211; 01.01.2015"},"content":{"rendered":"<p>1 Ocak 2015 PER\u015eEMBE<\/p>\n<p>Resm\u00ee Gazete<\/p>\n<p>Say\u0131 : 29223<\/p>\n<p>BAKANLAR KURULU KARARI<\/p>\n<p>Karar Say\u0131s\u0131 : 2014\/7145<\/p>\n<p>Ekli \u201cBaz\u0131 Mallara Uygulanacak T\u00fct\u00fcn Fonu Tutarlar\u0131n\u0131n Belirlenmesine Dair Kararda De\u011fi\u015fiklik Yap\u0131lmas\u0131 Hakk\u0131nda Karar\u201d\u0131n y\u00fcr\u00fcrl\u00fc\u011fe konulmas\u0131; Maliye Bakanl\u0131\u011f\u0131n\u0131n 29\/12\/2014 tarihli ve 778 say\u0131l\u0131 yaz\u0131s\u0131 \u00fczerine, 4629 say\u0131l\u0131 Baz\u0131 Fonlar\u0131n Tasfiyesi Hakk\u0131nda Kanunun ge\u00e7ici 1 inci maddesine g\u00f6re, Bakanlar Kurulu\u2019nca 29\/12\/2014 tarihinde kararla\u015ft\u0131r\u0131lm\u0131\u015ft\u0131r.<\/p>\n<p>                                                                                                                                                                                                              Recep Tayyip ERDO\u011eAN<\/p>\n<p>                                                                                                                                                                                                                   CUMHURBA\u015eKANI<\/p>\n<p>       Ahmet DAVUTO\u011eLU<\/p>\n<p>                    Ba\u015fbakan<\/p>\n<p>                     B. ARIN\u00c7                                                   A. BABACAN                               Y. AKDO\u011eAN                                  N. KURTULMU\u015e<\/p>\n<p>          Ba\u015fbakan Yard\u0131mc\u0131s\u0131                                  Ba\u015fbakan Yard\u0131mc\u0131s\u0131                   Ba\u015fbakan Yard\u0131mc\u0131s\u0131                         Ba\u015fbakan Yard\u0131mc\u0131s\u0131<\/p>\n<p>                   B. BOZDA\u011e                                                     A. \u0130SLAM                                       V. BOZKIR                                                F. I\u015eIK<\/p>\n<p>                 Adalet Bakan\u0131                             Aile ve Sosyal Politikalar Bakan\u0131       Avrupa Birli\u011fi Bakan\u0131            Bilim, Sanayi ve Teknoloji Bakan\u0131<\/p>\n<p>                      F. \u00c7EL\u0130K                                                     \u0130. G\u00dcLL\u00dcCE                              M. \u00c7AVU\u015eO\u011eLU                                  N. ZEYBEKC\u0130<\/p>\n<p>\u00c7al\u0131\u015fma ve Sosyal G\u00fcvenlik Bakan\u0131           \u00c7evre ve \u015eehircilik Bakan\u0131                   D\u0131\u015fi\u015fleri Bakan\u0131                                  Ekonomi Bakan\u0131<\/p>\n<p>                     T. YILDIZ                                                      A. \u00c7. KILI\u00c7                                     M. M. EKER                                         N. CAN\u0130KL\u0130<\/p>\n<p>Enerji ve Tabii Kaynaklar Bakan\u0131                   Gen\u00e7lik ve Spor Bakan\u0131    G\u0131da, Tar\u0131m ve Hayvanc\u0131l\u0131k Bakan\u0131       G\u00fcmr\u00fck ve Ticaret Bakan\u0131<\/p>\n<p>                       E. ALA                                                        C. YILMAZ                                       \u00d6. \u00c7EL\u0130K                                             M. \u015e\u0130M\u015eEK<\/p>\n<p>                 \u0130\u00e7i\u015fleri Bakan\u0131                                             Kalk\u0131nma Bakan\u0131                    K\u00fclt\u00fcr ve Turizm Bakan\u0131                            Maliye Bakan\u0131<\/p>\n<p>                                             N. AVCI                                             \u0130. YILMAZ                                            V. ERO\u011eLU<\/p>\n<p>                                  Mill\u00ee E\u011fitim Bakan\u0131                       Mill\u00ee Savunma Bakan\u0131                     Orman ve Su \u0130\u015fleri Bakan\u0131<\/p>\n<p>                                                        M. M\u00dcEZZ\u0130NO\u011eLU                                                L. ELVAN<\/p>\n<p>                                                               Sa\u011fl\u0131k Bakan\u0131                      Ula\u015ft\u0131rma, Denizcilik ve Haberle\u015fme Bakan\u0131<\/p>\n<p><a href=\"http:\/\/www.resmigazete.gov.tr\/eskiler\/2015\/01\/20150101-11-1.pdf\">Eki i\u00e7in t\u0131klay\u0131n\u0131z<\/a><\/p>\n","protected":false},"excerpt":{"rendered":"<p>1 Ocak 2015 PER\u015eEMBE Resm\u00ee Gazete Say\u0131 : 29223 BAKANLAR KURULU KARARI Karar Say\u0131s\u0131 : 2014\/7145 Ekli \u201cBaz\u0131 Mallara Uygulanacak T\u00fct\u00fcn Fonu Tutarlar\u0131n\u0131n Belirlenmesine Dair Kararda De\u011fi\u015fiklik Yap\u0131lmas\u0131 Hakk\u0131nda Karar\u201d\u0131n y\u00fcr\u00fcrl\u00fc\u011fe konulmas\u0131; Maliye Bakanl\u0131\u011f\u0131n\u0131n 29\/12\/2014 tarihli ve 778 say\u0131l\u0131 yaz\u0131s\u0131 \u00fczerine, 4629 say\u0131l\u0131 Baz\u0131 Fonlar\u0131n Tasfiyesi Hakk\u0131nda Kanunun ge\u00e7ici 1 inci maddesine g\u00f6re, Bakanlar Kurulu\u2019nca [&hellip;]<\/p>\n","protected":false},"author":5,"featured_media":0,"comment_status":"closed","ping_status":"closed","sticky":false,"template":"","format":"standard","meta":{"footnotes":""},"categories":[1],"tags":[],"class_list":{"0":"post-3104","1":"post","2":"type-post","3":"status-publish","4":"format-standard","6":"category-genel"},"_links":{"self":[{"href":"https:\/\/www.rcg.com.tr\/index.php?rest_route=\/wp\/v2\/posts\/3104"}],"collection":[{"href":"https:\/\/www.rcg.com.tr\/index.php?rest_route=\/wp\/v2\/posts"}],"about":[{"href":"https:\/\/www.rcg.com.tr\/index.php?rest_route=\/wp\/v2\/types\/post"}],"author":[{"embeddable":true,"href":"https:\/\/www.rcg.com.tr\/index.php?rest_route=\/wp\/v2\/users\/5"}],"replies":[{"embeddable":true,"href":"https:\/\/www.rcg.com.tr\/index.php?rest_route=%2Fwp%2Fv2%2Fcomments&post=3104"}],"version-history":[{"count":1,"href":"https:\/\/www.rcg.com.tr\/index.php?rest_route=\/wp\/v2\/posts\/3104\/revisions"}],"predecessor-version":[{"id":3105,"href":"https:\/\/www.rcg.com.tr\/index.php?rest_route=\/wp\/v2\/posts\/3104\/revisions\/3105"}],"wp:attachment":[{"href":"https:\/\/www.rcg.com.tr\/index.php?rest_route=%2Fwp%2Fv2%2Fmedia&parent=3104"}],"wp:term":[{"taxonomy":"category","embeddable":true,"href":"https:\/\/www.rcg.com.tr\/index.php?rest_route=%2Fwp%2Fv2%2Fcategories&post=3104"},{"taxonomy":"post_tag","embeddable":true,"href":"https:\/\/www.rcg.com.tr\/index.php?rest_route=%2Fwp%2Fv2%2Ftags&post=3104"}],"curies":[{"name":"wp","href":"https:\/\/api.w.org\/{rel}","templated":true}]}}