{"id":3048,"date":"2014-11-17T09:18:14","date_gmt":"2014-11-17T07:18:14","guid":{"rendered":"http:\/\/rcg.com.tr\/?p=3048"},"modified":"2014-11-17T09:18:14","modified_gmt":"2014-11-17T07:18:14","slug":"vergi-usul-kanunu-genel-tebligi-sira-no-441-15-11-2014","status":"publish","type":"post","link":"https:\/\/www.rcg.com.tr\/?p=3048","title":{"rendered":"VERG\u0130 USUL KANUNU GENEL TEBL\u0130\u011e\u0130 (SIRA NO: 441) 15.11.2014"},"content":{"rendered":"<p>15 Kas\u0131m 2014 Tarihli Resmi Gazete<br \/>\nSay\u0131: 29176<\/p>\n<p>Maliye Bakanl\u0131\u011f\u0131ndan:<br \/>\nVERG\u0130 USUL KANUNU GENEL TEBL\u0130\u011e\u0130 (SIRA NO: 441)<\/p>\n<p>Bilindi\u011fi \u00fczere, 213 say\u0131l\u0131 Vergi Usul Kanununun m\u00fckerrer 298 inci maddesinin (B) f\u0131kras\u0131nda \u201cYeniden de\u011ferleme oran\u0131, yeniden de\u011ferleme yap\u0131lacak y\u0131l\u0131n Ekim ay\u0131nda (Ekim ay\u0131 d\u00e2hil) bir \u00f6nceki y\u0131l\u0131n ayn\u0131 d\u00f6nemine g\u00f6re T\u00fcrkiye \u0130statistik Kurumunun Yurt \u0130\u00e7i \u00dcretici Fiyat Endeksinde meydana gelen ortalama fiyat art\u0131\u015f oran\u0131d\u0131r. Bu oran Maliye Bakanl\u0131\u011f\u0131nca Resmi Gazete ile ilan edilir.\u201d h\u00fckm\u00fc yer almaktad\u0131r.<br \/>\nBu h\u00fck\u00fcm uyar\u0131nca yeniden de\u011ferleme oran\u0131 2014 y\u0131l\u0131 i\u00e7in % 10,11 (on virg\u00fcl on bir) olarak tespit edilmi\u015ftir.<\/p>\n<p>Bu oran, ayn\u0131 zamanda 2014 y\u0131l\u0131na ait son ge\u00e7ici vergi d\u00f6nemi i\u00e7in de uygulanacakt\u0131r.<\/p>\n<p>\u00d6te yandan, bu konuda daha \u00f6nce yay\u0131mlanm\u0131\u015f olan tebli\u011fler de y\u00fcr\u00fcrl\u00fckte bulunmaktad\u0131r.<\/p>\n<p>Tebli\u011f olunur.<\/p>\n","protected":false},"excerpt":{"rendered":"<p>15 Kas\u0131m 2014 Tarihli Resmi Gazete Say\u0131: 29176 Maliye Bakanl\u0131\u011f\u0131ndan: VERG\u0130 USUL KANUNU GENEL TEBL\u0130\u011e\u0130 (SIRA NO: 441) Bilindi\u011fi \u00fczere, 213 say\u0131l\u0131 Vergi Usul Kanununun m\u00fckerrer 298 inci maddesinin (B) f\u0131kras\u0131nda \u201cYeniden de\u011ferleme oran\u0131, yeniden de\u011ferleme yap\u0131lacak y\u0131l\u0131n Ekim ay\u0131nda (Ekim ay\u0131 d\u00e2hil) bir \u00f6nceki y\u0131l\u0131n ayn\u0131 d\u00f6nemine g\u00f6re T\u00fcrkiye \u0130statistik Kurumunun Yurt \u0130\u00e7i \u00dcretici [&hellip;]<\/p>\n","protected":false},"author":5,"featured_media":0,"comment_status":"closed","ping_status":"closed","sticky":false,"template":"","format":"standard","meta":{"footnotes":""},"categories":[1],"tags":[],"class_list":{"0":"post-3048","1":"post","2":"type-post","3":"status-publish","4":"format-standard","6":"category-genel"},"_links":{"self":[{"href":"https:\/\/www.rcg.com.tr\/index.php?rest_route=\/wp\/v2\/posts\/3048"}],"collection":[{"href":"https:\/\/www.rcg.com.tr\/index.php?rest_route=\/wp\/v2\/posts"}],"about":[{"href":"https:\/\/www.rcg.com.tr\/index.php?rest_route=\/wp\/v2\/types\/post"}],"author":[{"embeddable":true,"href":"https:\/\/www.rcg.com.tr\/index.php?rest_route=\/wp\/v2\/users\/5"}],"replies":[{"embeddable":true,"href":"https:\/\/www.rcg.com.tr\/index.php?rest_route=%2Fwp%2Fv2%2Fcomments&post=3048"}],"version-history":[{"count":1,"href":"https:\/\/www.rcg.com.tr\/index.php?rest_route=\/wp\/v2\/posts\/3048\/revisions"}],"predecessor-version":[{"id":3049,"href":"https:\/\/www.rcg.com.tr\/index.php?rest_route=\/wp\/v2\/posts\/3048\/revisions\/3049"}],"wp:attachment":[{"href":"https:\/\/www.rcg.com.tr\/index.php?rest_route=%2Fwp%2Fv2%2Fmedia&parent=3048"}],"wp:term":[{"taxonomy":"category","embeddable":true,"href":"https:\/\/www.rcg.com.tr\/index.php?rest_route=%2Fwp%2Fv2%2Fcategories&post=3048"},{"taxonomy":"post_tag","embeddable":true,"href":"https:\/\/www.rcg.com.tr\/index.php?rest_route=%2Fwp%2Fv2%2Ftags&post=3048"}],"curies":[{"name":"wp","href":"https:\/\/api.w.org\/{rel}","templated":true}]}}