{"id":2971,"date":"2014-06-26T13:27:04","date_gmt":"2014-06-26T10:27:04","guid":{"rendered":"http:\/\/rcg.com.tr\/?p=2971"},"modified":"2014-06-26T13:27:04","modified_gmt":"2014-06-26T10:27:04","slug":"turk-ticaret-kanununun-64-maddesinin-3-fikrasina-gore-yevmiye-defteri-ve-yonetim-kurulu-karar-defteri-kapanis-onayina-tabidir-ayni-kanunun-78-maddesi-uyarinca-yevmiye-defterinin-kapanis-o","status":"publish","type":"post","link":"https:\/\/www.rcg.com.tr\/?p=2971","title":{"rendered":"T\u00fcrk Ticaret Kanunu\u2019nun 64. Maddesinin 3. F\u0131kras\u0131na g\u00f6re yevmiye defteri ve y\u00f6netim kurulu karar defteri kapan\u0131\u015f onay\u0131na tabidir. Ayn\u0131 Kanunun 78. Maddesi uyar\u0131nca yevmiye defterinin kapan\u0131\u015f onay\u0131, izleyen faaliyet d\u00f6neminin alt\u0131nc\u0131 ay\u0131n\u0131n sonuna kadar, y\u00f6netim kurulu karar defterinin kapan\u0131\u015f onay\u0131 ise izleyen faaliyet d\u00f6neminin birinci ay\u0131n\u0131n sonuna kadar notere yapt\u0131r\u0131l\u0131r."},"content":{"rendered":"<p>T\u00fcrk Ticaret Kanunu\u2019nun 64. Maddesinin 3. F\u0131kras\u0131na g\u00f6re yevmiye defteri ve y\u00f6netim kurulu karar defteri kapan\u0131\u015f onay\u0131na tabidir. Ayn\u0131 Kanunun 78. Maddesi uyar\u0131nca yevmiye defterinin kapan\u0131\u015f onay\u0131, izleyen faaliyet d\u00f6neminin alt\u0131nc\u0131 ay\u0131n\u0131n sonuna kadar, y\u00f6netim kurulu karar defterinin kapan\u0131\u015f onay\u0131 ise izleyen faaliyet d\u00f6neminin birinci ay\u0131n\u0131n sonuna kadar notere yapt\u0131r\u0131l\u0131r.<\/p>\n","protected":false},"excerpt":{"rendered":"<p>T\u00fcrk Ticaret Kanunu\u2019nun 64. Maddesinin 3. F\u0131kras\u0131na g\u00f6re yevmiye defteri ve y\u00f6netim kurulu karar defteri kapan\u0131\u015f onay\u0131na tabidir. Ayn\u0131 Kanunun 78. Maddesi uyar\u0131nca yevmiye defterinin kapan\u0131\u015f onay\u0131, izleyen faaliyet d\u00f6neminin alt\u0131nc\u0131 ay\u0131n\u0131n sonuna kadar, y\u00f6netim kurulu karar defterinin kapan\u0131\u015f onay\u0131 ise izleyen faaliyet d\u00f6neminin birinci ay\u0131n\u0131n sonuna kadar notere yapt\u0131r\u0131l\u0131r.<\/p>\n","protected":false},"author":5,"featured_media":0,"comment_status":"closed","ping_status":"closed","sticky":false,"template":"","format":"standard","meta":{"footnotes":""},"categories":[1],"tags":[],"class_list":{"0":"post-2971","1":"post","2":"type-post","3":"status-publish","4":"format-standard","6":"category-genel"},"_links":{"self":[{"href":"https:\/\/www.rcg.com.tr\/index.php?rest_route=\/wp\/v2\/posts\/2971"}],"collection":[{"href":"https:\/\/www.rcg.com.tr\/index.php?rest_route=\/wp\/v2\/posts"}],"about":[{"href":"https:\/\/www.rcg.com.tr\/index.php?rest_route=\/wp\/v2\/types\/post"}],"author":[{"embeddable":true,"href":"https:\/\/www.rcg.com.tr\/index.php?rest_route=\/wp\/v2\/users\/5"}],"replies":[{"embeddable":true,"href":"https:\/\/www.rcg.com.tr\/index.php?rest_route=%2Fwp%2Fv2%2Fcomments&post=2971"}],"version-history":[{"count":1,"href":"https:\/\/www.rcg.com.tr\/index.php?rest_route=\/wp\/v2\/posts\/2971\/revisions"}],"predecessor-version":[{"id":2972,"href":"https:\/\/www.rcg.com.tr\/index.php?rest_route=\/wp\/v2\/posts\/2971\/revisions\/2972"}],"wp:attachment":[{"href":"https:\/\/www.rcg.com.tr\/index.php?rest_route=%2Fwp%2Fv2%2Fmedia&parent=2971"}],"wp:term":[{"taxonomy":"category","embeddable":true,"href":"https:\/\/www.rcg.com.tr\/index.php?rest_route=%2Fwp%2Fv2%2Fcategories&post=2971"},{"taxonomy":"post_tag","embeddable":true,"href":"https:\/\/www.rcg.com.tr\/index.php?rest_route=%2Fwp%2Fv2%2Ftags&post=2971"}],"curies":[{"name":"wp","href":"https:\/\/api.w.org\/{rel}","templated":true}]}}